{"id":7093,"date":"2026-04-09T15:51:06","date_gmt":"2026-04-09T13:51:06","guid":{"rendered":"https:\/\/assumpta-eu.org\/kanoninis-vizitas-i-europos-provincija-gailestingumo-kelione\/"},"modified":"2026-04-09T15:57:41","modified_gmt":"2026-04-09T13:57:41","slug":"kanoninis-vizitas-i-europos-provincija-gailestingumo-kelione","status":"publish","type":"post","link":"https:\/\/assumpta-eu.org\/lt\/kanoninis-vizitas-i-europos-provincija-gailestingumo-kelione\/","title":{"rendered":"Kanoninis vizitas \u012f Europos provincij\u0105: Gailestingumo kelion\u0117"},"content":{"rendered":"\n<p>Europos provincijoje k\u0105 tik baig\u0117si trij\u0173 savai\u010di\u0173 <strong>kanoninis vizitas,<\/strong> prasid\u0117j\u0119s kovo 12 d., <strong>kuriam<\/strong> vadovavo generalin\u0117 vyresnioji s. Rekha ir jos taryba. Tai buvo pirmasis asmeninis vizitas nuo provincijos \u012fk\u016brimo, tod\u0117l tai buvo vertinga proga i\u0161 naujo suvokti, kas esame ir k\u0105 esame pa\u0161aukti daryti. <\/p>\n\n<p>Provincija yra ir sena, ir nauja. Jos \u0161aknys siekia pa\u010dius pirmuosius \u0161ventosios Marijos Eugenijos \u012fkurtuves Anglijoje ir Italijoje, ta\u010diau oficialiai ji buvo \u012fsteigta tik prie\u0161 a\u0161tuonerius metus, sujungus buvusias Anglijos, Italijos, Belgijos ir Lietuvos provincijas. Nuo to laiko ji i\u0161augo \u012f vien\u0105 \u012fvairialyp\u0119 ir gyvybing\u0105 provincij\u0105, drauge einan\u010di\u0105 bendryst\u0117s, bendro \u012fsiklausymo ir vilties dvasia.  <\/p>\n\n<p>Vizito metu Generalin\u0117 taryba bendravo su seserimis, bendradarb\u0117mis ir draug\u0117mis i\u0161 \u012fvairi\u0173 bendruomeni\u0173, mokykl\u0173 ir tarnyb\u0173. Tai buvo tikras susitikimo momentas, pilnas <strong>klausymosi<\/strong>, <strong>dalijimosi ir<\/strong> tiesioginio pamatymo <strong>, koks<\/strong> <strong>dosnumas ir<\/strong> <strong>atsidavimas<\/strong> \u0161iandien <strong>skatina<\/strong> misij\u0105 eiti pirmyn. Ypa\u010d d\u017eiugus momentas buvo i\u0161kilminga sesers Fran\u010deskos i\u0161pa\u017eintis Twickenhame, gra\u017eus viso gyvenimo \u012fsipareigojimo ir tik\u0117jimo liudijimas.  <\/p>\n\n<p>Vizitas baig\u0117si Turn\u0117ju, kur vyko <strong>i\u0161pl\u0117stinis provincijos plenarinis susirinkimas, kuriame<\/strong> buvo laiko apm\u0105stymams, dalijimuisi ir \u017evilgsniui \u012f ateit\u012f. Naujausia informacija ap\u0117m\u0117 naujos tarptautin\u0117s bendruomen\u0117s Tenerif\u0117je, tarnaujan\u010dios pa\u017eeid\u017eiamiems \u017emon\u0117ms ir migrantams, k\u016brim\u0105, taip pat nuolatin\u012f bendradarbiavim\u0105 su pasaulie\u010diais partneriais per \"Assumption Together\" ir jaunimo savanoryst\u0117s programas. <\/p>\n\n<p>\u0160is vizitas vis\u0173 pirma buvo <strong>d\u0117kingumo<\/strong>akimirka <strong>- u\u017e<\/strong>bendruomen\u0117s gyvenimo turtingum\u0105, vyresni\u0173 seser\u0173 i\u0161mint\u012f ir net i\u0161\u0161\u016bkius, kurie padeda mums augti. Vizitas baig\u0117si Verb\u0173 sekmadien\u012f bendra \u0161vente - paprastu, bet galingu priminimu, kad, nepaisant atstum\u0173 ir skirtum\u0173, mes ir toliau kartu einame pirmyn tik\u0117jimo, misijos ir vilties keliu. <\/p>\n\n<figure class=\"wp-block-gallery has-nested-images columns-2 is-cropped wp-block-gallery-1 is-layout-flex wp-block-gallery-is-layout-flex\">\n<figure class=\"wp-block-image size-large\"><img loading=\"lazy\" decoding=\"async\" width=\"1024\" height=\"768\" data-id=\"7072\" src=\"https:\/\/assumpta-eu.org\/wp-content\/uploads\/2026\/04\/1000029012-1024x768.jpg\" alt=\"\" class=\"wp-image-7072\" srcset=\"https:\/\/assumpta-eu.org\/wp-content\/uploads\/2026\/04\/1000029012-980x735.jpg 980w, https:\/\/assumpta-eu.org\/wp-content\/uploads\/2026\/04\/1000029012-480x360.jpg 480w\" sizes=\"(min-width: 0px) and (max-width: 480px) 480px, (min-width: 481px) and (max-width: 980px) 980px, (min-width: 981px) 1024px, 100vw\" \/><\/figure>\n\n\n\n<figure class=\"wp-block-image size-large\"><img loading=\"lazy\" decoding=\"async\" width=\"1024\" height=\"780\" data-id=\"7080\" src=\"https:\/\/assumpta-eu.org\/wp-content\/uploads\/2026\/04\/1000028839-1024x780.jpg\" alt=\"\" class=\"wp-image-7080\" srcset=\"https:\/\/assumpta-eu.org\/wp-content\/uploads\/2026\/04\/1000028839-980x747.jpg 980w, https:\/\/assumpta-eu.org\/wp-content\/uploads\/2026\/04\/1000028839-480x366.jpg 480w\" sizes=\"(min-width: 0px) and (max-width: 480px) 480px, (min-width: 481px) and (max-width: 980px) 980px, (min-width: 981px) 1024px, 100vw\" \/><\/figure>\n\n\n\n<figure class=\"wp-block-image size-large\"><img loading=\"lazy\" decoding=\"async\" width=\"1024\" height=\"472\" data-id=\"7076\" src=\"https:\/\/assumpta-eu.org\/wp-content\/uploads\/2026\/04\/1000029024-1024x472.jpg\" alt=\"\" class=\"wp-image-7076\" srcset=\"https:\/\/assumpta-eu.org\/wp-content\/uploads\/2026\/04\/1000029024-980x451.jpg 980w, https:\/\/assumpta-eu.org\/wp-content\/uploads\/2026\/04\/1000029024-480x221.jpg 480w\" sizes=\"(min-width: 0px) and (max-width: 480px) 480px, (min-width: 481px) and (max-width: 980px) 980px, (min-width: 981px) 1024px, 100vw\" \/><\/figure>\n\n\n\n<figure class=\"wp-block-image size-large\"><img loading=\"lazy\" decoding=\"async\" width=\"1024\" height=\"461\" data-id=\"7084\" src=\"https:\/\/assumpta-eu.org\/wp-content\/uploads\/2026\/04\/1000028664-1024x461.jpg\" alt=\"\" class=\"wp-image-7084\" srcset=\"https:\/\/assumpta-eu.org\/wp-content\/uploads\/2026\/04\/1000028664-980x441.jpg 980w, https:\/\/assumpta-eu.org\/wp-content\/uploads\/2026\/04\/1000028664-480x216.jpg 480w\" sizes=\"(min-width: 0px) and (max-width: 480px) 480px, (min-width: 481px) and (max-width: 980px) 980px, (min-width: 981px) 1024px, 100vw\" \/><\/figure>\n\n\n\n<figure class=\"wp-block-image size-large\"><img loading=\"lazy\" decoding=\"async\" width=\"1600\" height=\"928\" data-id=\"7068\" src=\"https:\/\/assumpta-eu.org\/wp-content\/uploads\/2026\/04\/1000028842-e1775742276788.jpg\" alt=\"\" class=\"wp-image-7068\" srcset=\"https:\/\/assumpta-eu.org\/wp-content\/uploads\/2026\/04\/1000028842-e1775742276788.jpg 1600w, https:\/\/assumpta-eu.org\/wp-content\/uploads\/2026\/04\/1000028842-e1775742276788-1280x720.jpg 1280w, https:\/\/assumpta-eu.org\/wp-content\/uploads\/2026\/04\/1000028842-e1775742276788-980x551.jpg 980w, https:\/\/assumpta-eu.org\/wp-content\/uploads\/2026\/04\/1000028842-e1775742276788-480x270.jpg 480w\" sizes=\"(min-width: 0px) and (max-width: 480px) 480px, (min-width: 481px) and (max-width: 980px) 980px, (min-width: 981px) and (max-width: 1280px) 1280px, (min-width: 1281px) 1600px, 100vw\" \/><\/figure>\n<\/figure>\n","protected":false},"excerpt":{"rendered":"<p>Europos provincijoje k\u0105 tik baig\u0117si trij\u0173 savai\u010di\u0173 kanoninis vizitas, prasid\u0117j\u0119s kovo 12 d., kuriam vadovavo generalin\u0117 vyresnioji s. Rekha ir jos taryba. Tai buvo pirmasis asmeninis vizitas nuo provincijos \u012fk\u016brimo, tod\u0117l tai buvo vertinga proga i\u0161 naujo suvokti, kas esame ir k\u0105 esame pa\u0161aukti daryti. Provincija yra ir sena, ir nauja. Jos \u0161aknys siekia pa\u010dius [&hellip;]<\/p>\n","protected":false},"author":3,"featured_media":7063,"comment_status":"closed","ping_status":"closed","sticky":false,"template":"","format":"standard","meta":{"footnotes":""},"categories":[41,35,42],"tags":[],"class_list":["post-7093","post","type-post","status-publish","format-standard","has-post-thumbnail","hentry","category-congregation","category-europos-provincija","category-kongregacija"],"yoast_head":"<!-- This site is optimized with the Yoast SEO plugin v27.5 - https:\/\/yoast.com\/product\/yoast-seo-wordpress\/ -->\n<title>Kanoninis vizitas \u012f Europos provincij\u0105: Gailestingumo kelion\u0117 - Religious of the Assumption &gt; Province of Europe<\/title>\n<meta name=\"robots\" content=\"index, follow, max-snippet:-1, max-image-preview:large, max-video-preview:-1\" \/>\n<link rel=\"canonical\" href=\"https:\/\/assumpta-eu.org\/lt\/kanoninis-vizitas-i-europos-provincija-gailestingumo-kelione\/\" \/>\n<meta property=\"og:locale\" content=\"lt_LT\" \/>\n<meta property=\"og:type\" content=\"article\" \/>\n<meta property=\"og:title\" content=\"Kanoninis vizitas \u012f Europos provincij\u0105: Gailestingumo kelion\u0117 - Religious of the Assumption &gt; Province of Europe\" \/>\n<meta property=\"og:description\" content=\"Europos provincijoje k\u0105 tik baig\u0117si trij\u0173 savai\u010di\u0173 kanoninis vizitas, prasid\u0117j\u0119s kovo 12 d., kuriam vadovavo generalin\u0117 vyresnioji s. Rekha ir jos taryba. Tai buvo pirmasis asmeninis vizitas nuo provincijos \u012fk\u016brimo, tod\u0117l tai buvo vertinga proga i\u0161 naujo suvokti, kas esame ir k\u0105 esame pa\u0161aukti daryti. Provincija yra ir sena, ir nauja. Jos \u0161aknys siekia pa\u010dius [&hellip;]\" \/>\n<meta property=\"og:url\" content=\"https:\/\/assumpta-eu.org\/lt\/kanoninis-vizitas-i-europos-provincija-gailestingumo-kelione\/\" \/>\n<meta property=\"og:site_name\" content=\"Religious of the Assumption &gt; Province of Europe\" \/>\n<meta property=\"article:publisher\" content=\"http:\/\/www.facebook.com\/assumptionUK\" \/>\n<meta property=\"article:published_time\" content=\"2026-04-09T13:51:06+00:00\" \/>\n<meta property=\"article:modified_time\" content=\"2026-04-09T13:57:41+00:00\" \/>\n<meta property=\"og:image\" content=\"https:\/\/assumpta-eu.org\/wp-content\/uploads\/2026\/04\/1000028529-scaled-e1775742154388.jpg\" \/>\n\t<meta property=\"og:image:width\" content=\"2560\" \/>\n\t<meta property=\"og:image:height\" content=\"1920\" \/>\n\t<meta property=\"og:image:type\" content=\"image\/jpeg\" \/>\n<meta name=\"author\" content=\"Francesca\" \/>\n<meta name=\"twitter:card\" content=\"summary_large_image\" \/>\n<meta name=\"twitter:creator\" content=\"@AssumptionRA\" \/>\n<meta name=\"twitter:site\" content=\"@AssumptionRA\" \/>\n<meta name=\"twitter:label1\" content=\"Written by\" \/>\n\t<meta name=\"twitter:data1\" content=\"Francesca\" \/>\n\t<meta name=\"twitter:label2\" content=\"Est. reading time\" \/>\n\t<meta name=\"twitter:data2\" content=\"1 minut\u0117\" \/>\n<script type=\"application\/ld+json\" class=\"yoast-schema-graph\">{\"@context\":\"https:\\\/\\\/schema.org\",\"@graph\":[{\"@type\":\"Article\",\"@id\":\"https:\\\/\\\/assumpta-eu.org\\\/lt\\\/kanoninis-vizitas-i-europos-provincija-gailestingumo-kelione\\\/#article\",\"isPartOf\":{\"@id\":\"https:\\\/\\\/assumpta-eu.org\\\/lt\\\/kanoninis-vizitas-i-europos-provincija-gailestingumo-kelione\\\/\"},\"author\":{\"name\":\"Francesca\",\"@id\":\"https:\\\/\\\/assumpta-eu.org\\\/lt\\\/#\\\/schema\\\/person\\\/e88c33b9055ec5800b6adec01e18116f\"},\"headline\":\"Kanoninis vizitas \u012f Europos provincij\u0105: Gailestingumo kelion\u0117\",\"datePublished\":\"2026-04-09T13:51:06+00:00\",\"dateModified\":\"2026-04-09T13:57:41+00:00\",\"mainEntityOfPage\":{\"@id\":\"https:\\\/\\\/assumpta-eu.org\\\/lt\\\/kanoninis-vizitas-i-europos-provincija-gailestingumo-kelione\\\/\"},\"wordCount\":291,\"publisher\":{\"@id\":\"https:\\\/\\\/assumpta-eu.org\\\/lt\\\/#organization\"},\"image\":{\"@id\":\"https:\\\/\\\/assumpta-eu.org\\\/lt\\\/kanoninis-vizitas-i-europos-provincija-gailestingumo-kelione\\\/#primaryimage\"},\"thumbnailUrl\":\"https:\\\/\\\/assumpta-eu.org\\\/wp-content\\\/uploads\\\/2026\\\/04\\\/1000028529-scaled-e1775742154388.jpg\",\"articleSection\":[\"Congregation\",\"Europos provincija\",\"Kongregacija\"],\"inLanguage\":\"lt-LT\"},{\"@type\":\"WebPage\",\"@id\":\"https:\\\/\\\/assumpta-eu.org\\\/lt\\\/kanoninis-vizitas-i-europos-provincija-gailestingumo-kelione\\\/\",\"url\":\"https:\\\/\\\/assumpta-eu.org\\\/lt\\\/kanoninis-vizitas-i-europos-provincija-gailestingumo-kelione\\\/\",\"name\":\"Kanoninis vizitas \u012f Europos provincij\u0105: Gailestingumo kelion\u0117 - Religious of the Assumption &gt; Province of Europe\",\"isPartOf\":{\"@id\":\"https:\\\/\\\/assumpta-eu.org\\\/lt\\\/#website\"},\"primaryImageOfPage\":{\"@id\":\"https:\\\/\\\/assumpta-eu.org\\\/lt\\\/kanoninis-vizitas-i-europos-provincija-gailestingumo-kelione\\\/#primaryimage\"},\"image\":{\"@id\":\"https:\\\/\\\/assumpta-eu.org\\\/lt\\\/kanoninis-vizitas-i-europos-provincija-gailestingumo-kelione\\\/#primaryimage\"},\"thumbnailUrl\":\"https:\\\/\\\/assumpta-eu.org\\\/wp-content\\\/uploads\\\/2026\\\/04\\\/1000028529-scaled-e1775742154388.jpg\",\"datePublished\":\"2026-04-09T13:51:06+00:00\",\"dateModified\":\"2026-04-09T13:57:41+00:00\",\"breadcrumb\":{\"@id\":\"https:\\\/\\\/assumpta-eu.org\\\/lt\\\/kanoninis-vizitas-i-europos-provincija-gailestingumo-kelione\\\/#breadcrumb\"},\"inLanguage\":\"lt-LT\",\"potentialAction\":[{\"@type\":\"ReadAction\",\"target\":[\"https:\\\/\\\/assumpta-eu.org\\\/lt\\\/kanoninis-vizitas-i-europos-provincija-gailestingumo-kelione\\\/\"]}]},{\"@type\":\"ImageObject\",\"inLanguage\":\"lt-LT\",\"@id\":\"https:\\\/\\\/assumpta-eu.org\\\/lt\\\/kanoninis-vizitas-i-europos-provincija-gailestingumo-kelione\\\/#primaryimage\",\"url\":\"https:\\\/\\\/assumpta-eu.org\\\/wp-content\\\/uploads\\\/2026\\\/04\\\/1000028529-scaled-e1775742154388.jpg\",\"contentUrl\":\"https:\\\/\\\/assumpta-eu.org\\\/wp-content\\\/uploads\\\/2026\\\/04\\\/1000028529-scaled-e1775742154388.jpg\",\"width\":2560,\"height\":1920},{\"@type\":\"BreadcrumbList\",\"@id\":\"https:\\\/\\\/assumpta-eu.org\\\/lt\\\/kanoninis-vizitas-i-europos-provincija-gailestingumo-kelione\\\/#breadcrumb\",\"itemListElement\":[{\"@type\":\"ListItem\",\"position\":1,\"name\":\"Home\",\"item\":\"https:\\\/\\\/assumpta-eu.org\\\/lt\\\/\"},{\"@type\":\"ListItem\",\"position\":2,\"name\":\"Kanoninis vizitas \u012f Europos provincij\u0105: Gailestingumo kelion\u0117\"}]},{\"@type\":\"WebSite\",\"@id\":\"https:\\\/\\\/assumpta-eu.org\\\/lt\\\/#website\",\"url\":\"https:\\\/\\\/assumpta-eu.org\\\/lt\\\/\",\"name\":\"Province of Europe of the Religious of the Assumption\",\"description\":\"Make Christ known and loved\",\"publisher\":{\"@id\":\"https:\\\/\\\/assumpta-eu.org\\\/lt\\\/#organization\"},\"potentialAction\":[{\"@type\":\"SearchAction\",\"target\":{\"@type\":\"EntryPoint\",\"urlTemplate\":\"https:\\\/\\\/assumpta-eu.org\\\/lt\\\/?s={search_term_string}\"},\"query-input\":{\"@type\":\"PropertyValueSpecification\",\"valueRequired\":true,\"valueName\":\"search_term_string\"}}],\"inLanguage\":\"lt-LT\"},{\"@type\":\"Organization\",\"@id\":\"https:\\\/\\\/assumpta-eu.org\\\/lt\\\/#organization\",\"name\":\"Religious of the Assumption\",\"url\":\"https:\\\/\\\/assumpta-eu.org\\\/lt\\\/\",\"logo\":{\"@type\":\"ImageObject\",\"inLanguage\":\"lt-LT\",\"@id\":\"https:\\\/\\\/assumpta-eu.org\\\/lt\\\/#\\\/schema\\\/logo\\\/image\\\/\",\"url\":\"https:\\\/\\\/assumpta-eu.org\\\/wp-content\\\/uploads\\\/2023\\\/06\\\/RA-EU-logos-02.png\",\"contentUrl\":\"https:\\\/\\\/assumpta-eu.org\\\/wp-content\\\/uploads\\\/2023\\\/06\\\/RA-EU-logos-02.png\",\"width\":705,\"height\":729,\"caption\":\"Religious of the Assumption\"},\"image\":{\"@id\":\"https:\\\/\\\/assumpta-eu.org\\\/lt\\\/#\\\/schema\\\/logo\\\/image\\\/\"},\"sameAs\":[\"http:\\\/\\\/www.facebook.com\\\/assumptionUK\",\"https:\\\/\\\/x.com\\\/AssumptionRA\",\"http:\\\/\\\/www.instagram.com\\\/assumptionuk\"]},{\"@type\":\"Person\",\"@id\":\"https:\\\/\\\/assumpta-eu.org\\\/lt\\\/#\\\/schema\\\/person\\\/e88c33b9055ec5800b6adec01e18116f\",\"name\":\"Francesca\",\"image\":{\"@type\":\"ImageObject\",\"inLanguage\":\"lt-LT\",\"@id\":\"https:\\\/\\\/secure.gravatar.com\\\/avatar\\\/c6889456abf47fb76d7dcee6159de1147a3745ed8e1b111a451cf072ad9a8b66?s=96&d=mm&r=g\",\"url\":\"https:\\\/\\\/secure.gravatar.com\\\/avatar\\\/c6889456abf47fb76d7dcee6159de1147a3745ed8e1b111a451cf072ad9a8b66?s=96&d=mm&r=g\",\"contentUrl\":\"https:\\\/\\\/secure.gravatar.com\\\/avatar\\\/c6889456abf47fb76d7dcee6159de1147a3745ed8e1b111a451cf072ad9a8b66?s=96&d=mm&r=g\",\"caption\":\"Francesca\"},\"url\":\"https:\\\/\\\/assumpta-eu.org\\\/lt\\\/author\\\/francesca\\\/\"}]}<\/script>\n<!-- \/ Yoast SEO plugin. -->","yoast_head_json":{"title":"Kanoninis vizitas \u012f Europos provincij\u0105: Gailestingumo kelion\u0117 - Religious of the Assumption &gt; Province of Europe","robots":{"index":"index","follow":"follow","max-snippet":"max-snippet:-1","max-image-preview":"max-image-preview:large","max-video-preview":"max-video-preview:-1"},"canonical":"https:\/\/assumpta-eu.org\/lt\/kanoninis-vizitas-i-europos-provincija-gailestingumo-kelione\/","og_locale":"lt_LT","og_type":"article","og_title":"Kanoninis vizitas \u012f Europos provincij\u0105: Gailestingumo kelion\u0117 - Religious of the Assumption &gt; Province of Europe","og_description":"Europos provincijoje k\u0105 tik baig\u0117si trij\u0173 savai\u010di\u0173 kanoninis vizitas, prasid\u0117j\u0119s kovo 12 d., kuriam vadovavo generalin\u0117 vyresnioji s. Rekha ir jos taryba. Tai buvo pirmasis asmeninis vizitas nuo provincijos \u012fk\u016brimo, tod\u0117l tai buvo vertinga proga i\u0161 naujo suvokti, kas esame ir k\u0105 esame pa\u0161aukti daryti. Provincija yra ir sena, ir nauja. Jos \u0161aknys siekia pa\u010dius [&hellip;]","og_url":"https:\/\/assumpta-eu.org\/lt\/kanoninis-vizitas-i-europos-provincija-gailestingumo-kelione\/","og_site_name":"Religious of the Assumption &gt; Province of Europe","article_publisher":"http:\/\/www.facebook.com\/assumptionUK","article_published_time":"2026-04-09T13:51:06+00:00","article_modified_time":"2026-04-09T13:57:41+00:00","og_image":[{"width":2560,"height":1920,"url":"https:\/\/assumpta-eu.org\/wp-content\/uploads\/2026\/04\/1000028529-scaled-e1775742154388.jpg","type":"image\/jpeg"}],"author":"Francesca","twitter_card":"summary_large_image","twitter_creator":"@AssumptionRA","twitter_site":"@AssumptionRA","twitter_misc":{"Written by":"Francesca","Est. reading time":"1 minut\u0117"},"schema":{"@context":"https:\/\/schema.org","@graph":[{"@type":"Article","@id":"https:\/\/assumpta-eu.org\/lt\/kanoninis-vizitas-i-europos-provincija-gailestingumo-kelione\/#article","isPartOf":{"@id":"https:\/\/assumpta-eu.org\/lt\/kanoninis-vizitas-i-europos-provincija-gailestingumo-kelione\/"},"author":{"name":"Francesca","@id":"https:\/\/assumpta-eu.org\/lt\/#\/schema\/person\/e88c33b9055ec5800b6adec01e18116f"},"headline":"Kanoninis vizitas \u012f Europos provincij\u0105: Gailestingumo kelion\u0117","datePublished":"2026-04-09T13:51:06+00:00","dateModified":"2026-04-09T13:57:41+00:00","mainEntityOfPage":{"@id":"https:\/\/assumpta-eu.org\/lt\/kanoninis-vizitas-i-europos-provincija-gailestingumo-kelione\/"},"wordCount":291,"publisher":{"@id":"https:\/\/assumpta-eu.org\/lt\/#organization"},"image":{"@id":"https:\/\/assumpta-eu.org\/lt\/kanoninis-vizitas-i-europos-provincija-gailestingumo-kelione\/#primaryimage"},"thumbnailUrl":"https:\/\/assumpta-eu.org\/wp-content\/uploads\/2026\/04\/1000028529-scaled-e1775742154388.jpg","articleSection":["Congregation","Europos provincija","Kongregacija"],"inLanguage":"lt-LT"},{"@type":"WebPage","@id":"https:\/\/assumpta-eu.org\/lt\/kanoninis-vizitas-i-europos-provincija-gailestingumo-kelione\/","url":"https:\/\/assumpta-eu.org\/lt\/kanoninis-vizitas-i-europos-provincija-gailestingumo-kelione\/","name":"Kanoninis vizitas \u012f Europos provincij\u0105: Gailestingumo kelion\u0117 - Religious of the Assumption &gt; Province of Europe","isPartOf":{"@id":"https:\/\/assumpta-eu.org\/lt\/#website"},"primaryImageOfPage":{"@id":"https:\/\/assumpta-eu.org\/lt\/kanoninis-vizitas-i-europos-provincija-gailestingumo-kelione\/#primaryimage"},"image":{"@id":"https:\/\/assumpta-eu.org\/lt\/kanoninis-vizitas-i-europos-provincija-gailestingumo-kelione\/#primaryimage"},"thumbnailUrl":"https:\/\/assumpta-eu.org\/wp-content\/uploads\/2026\/04\/1000028529-scaled-e1775742154388.jpg","datePublished":"2026-04-09T13:51:06+00:00","dateModified":"2026-04-09T13:57:41+00:00","breadcrumb":{"@id":"https:\/\/assumpta-eu.org\/lt\/kanoninis-vizitas-i-europos-provincija-gailestingumo-kelione\/#breadcrumb"},"inLanguage":"lt-LT","potentialAction":[{"@type":"ReadAction","target":["https:\/\/assumpta-eu.org\/lt\/kanoninis-vizitas-i-europos-provincija-gailestingumo-kelione\/"]}]},{"@type":"ImageObject","inLanguage":"lt-LT","@id":"https:\/\/assumpta-eu.org\/lt\/kanoninis-vizitas-i-europos-provincija-gailestingumo-kelione\/#primaryimage","url":"https:\/\/assumpta-eu.org\/wp-content\/uploads\/2026\/04\/1000028529-scaled-e1775742154388.jpg","contentUrl":"https:\/\/assumpta-eu.org\/wp-content\/uploads\/2026\/04\/1000028529-scaled-e1775742154388.jpg","width":2560,"height":1920},{"@type":"BreadcrumbList","@id":"https:\/\/assumpta-eu.org\/lt\/kanoninis-vizitas-i-europos-provincija-gailestingumo-kelione\/#breadcrumb","itemListElement":[{"@type":"ListItem","position":1,"name":"Home","item":"https:\/\/assumpta-eu.org\/lt\/"},{"@type":"ListItem","position":2,"name":"Kanoninis vizitas \u012f Europos provincij\u0105: Gailestingumo kelion\u0117"}]},{"@type":"WebSite","@id":"https:\/\/assumpta-eu.org\/lt\/#website","url":"https:\/\/assumpta-eu.org\/lt\/","name":"Province of Europe of the Religious of the Assumption","description":"Make Christ known and loved","publisher":{"@id":"https:\/\/assumpta-eu.org\/lt\/#organization"},"potentialAction":[{"@type":"SearchAction","target":{"@type":"EntryPoint","urlTemplate":"https:\/\/assumpta-eu.org\/lt\/?s={search_term_string}"},"query-input":{"@type":"PropertyValueSpecification","valueRequired":true,"valueName":"search_term_string"}}],"inLanguage":"lt-LT"},{"@type":"Organization","@id":"https:\/\/assumpta-eu.org\/lt\/#organization","name":"Religious of the Assumption","url":"https:\/\/assumpta-eu.org\/lt\/","logo":{"@type":"ImageObject","inLanguage":"lt-LT","@id":"https:\/\/assumpta-eu.org\/lt\/#\/schema\/logo\/image\/","url":"https:\/\/assumpta-eu.org\/wp-content\/uploads\/2023\/06\/RA-EU-logos-02.png","contentUrl":"https:\/\/assumpta-eu.org\/wp-content\/uploads\/2023\/06\/RA-EU-logos-02.png","width":705,"height":729,"caption":"Religious of the Assumption"},"image":{"@id":"https:\/\/assumpta-eu.org\/lt\/#\/schema\/logo\/image\/"},"sameAs":["http:\/\/www.facebook.com\/assumptionUK","https:\/\/x.com\/AssumptionRA","http:\/\/www.instagram.com\/assumptionuk"]},{"@type":"Person","@id":"https:\/\/assumpta-eu.org\/lt\/#\/schema\/person\/e88c33b9055ec5800b6adec01e18116f","name":"Francesca","image":{"@type":"ImageObject","inLanguage":"lt-LT","@id":"https:\/\/secure.gravatar.com\/avatar\/c6889456abf47fb76d7dcee6159de1147a3745ed8e1b111a451cf072ad9a8b66?s=96&d=mm&r=g","url":"https:\/\/secure.gravatar.com\/avatar\/c6889456abf47fb76d7dcee6159de1147a3745ed8e1b111a451cf072ad9a8b66?s=96&d=mm&r=g","contentUrl":"https:\/\/secure.gravatar.com\/avatar\/c6889456abf47fb76d7dcee6159de1147a3745ed8e1b111a451cf072ad9a8b66?s=96&d=mm&r=g","caption":"Francesca"},"url":"https:\/\/assumpta-eu.org\/lt\/author\/francesca\/"}]}},"_links":{"self":[{"href":"https:\/\/assumpta-eu.org\/lt\/wp-json\/wp\/v2\/posts\/7093","targetHints":{"allow":["GET"]}}],"collection":[{"href":"https:\/\/assumpta-eu.org\/lt\/wp-json\/wp\/v2\/posts"}],"about":[{"href":"https:\/\/assumpta-eu.org\/lt\/wp-json\/wp\/v2\/types\/post"}],"author":[{"embeddable":true,"href":"https:\/\/assumpta-eu.org\/lt\/wp-json\/wp\/v2\/users\/3"}],"replies":[{"embeddable":true,"href":"https:\/\/assumpta-eu.org\/lt\/wp-json\/wp\/v2\/comments?post=7093"}],"version-history":[{"count":2,"href":"https:\/\/assumpta-eu.org\/lt\/wp-json\/wp\/v2\/posts\/7093\/revisions"}],"predecessor-version":[{"id":7095,"href":"https:\/\/assumpta-eu.org\/lt\/wp-json\/wp\/v2\/posts\/7093\/revisions\/7095"}],"wp:featuredmedia":[{"embeddable":true,"href":"https:\/\/assumpta-eu.org\/lt\/wp-json\/wp\/v2\/media\/7063"}],"wp:attachment":[{"href":"https:\/\/assumpta-eu.org\/lt\/wp-json\/wp\/v2\/media?parent=7093"}],"wp:term":[{"taxonomy":"category","embeddable":true,"href":"https:\/\/assumpta-eu.org\/lt\/wp-json\/wp\/v2\/categories?post=7093"},{"taxonomy":"post_tag","embeddable":true,"href":"https:\/\/assumpta-eu.org\/lt\/wp-json\/wp\/v2\/tags?post=7093"}],"curies":[{"name":"wp","href":"https:\/\/api.w.org\/{rel}","templated":true}]}}