{"id":7052,"date":"2026-04-09T12:13:01","date_gmt":"2026-04-09T10:13:01","guid":{"rendered":"https:\/\/assumpta-eu.org\/spindintis-saulelydis-senatve-kaip-sventas-tapimas\/"},"modified":"2026-04-09T12:26:56","modified_gmt":"2026-04-09T10:26:56","slug":"spindintis-saulelydis-senatve-kaip-sventas-tapimas","status":"publish","type":"post","link":"https:\/\/assumpta-eu.org\/lt\/spindintis-saulelydis-senatve-kaip-sventas-tapimas\/","title":{"rendered":"Spindintis saul\u0117lydis: Senatv\u0117 kaip \u0161ventas tapimas"},"content":{"rendered":"\n<p class=\"has-text-align-right\">\"Gyvenimas mums suteikia galimyb\u0119 baigti augti, subr\u0119sti... gimti!\"<br\/>Mes turime u\u017ebaigti savo pirm\u0105j\u012f gimim\u0105 statydami, atverdami kelius, \u012fveikdami sunkumus ir formuodami savo likim\u0105.<br\/>Mes visada esame genez\u0117je... \u017dmogaus gyvenimas sukonstruotas ne tam, kad baigt\u0173si su mirtimi, bet tam, kad per mirt\u012f b\u016bt\u0173 perkeistas.\"<br\/>- <em>Leonardo Boffas<\/em><\/p>\n\n<p><strong>Senatv\u0117 yra Dievo dovana.<\/strong><br\/>Suteikdamas senatv\u0119, Dievas T\u0117vas duoda mums laiko pagilinti Jo pa\u017einim\u0105, artum\u0105 su Juo, dar giliau \u012f\u017eengti \u012f Jo \u0161ird\u012f ir atsiduoti Jam.<br\/>Tai laikas pasirengti su vaik\u0173 pasitik\u0117jimu galutinai patik\u0117ti savo dvasi\u0105 \u012f Jo rankas.<\/p>\n\n<p>Ta\u010diau tai taip pat ir atsinaujinan\u010dio vaisingumo metas.<br\/>\"Senatv\u0117je jie dar duos vaisi\u0173\", - sako psalmininkas (Ps 91, 15).<br\/>I\u0161 nevaising\u0173 Saros \u012fs\u010di\u0173 ir \u0161imtame\u010dio Abraomo k\u016bno gim\u0117 i\u0161rinktoji tauta.<br\/>I\u0161 Elzbietos ir senelio Zacharijo gim\u0117 Jonas Krik\u0161tytojas.<\/p>\n\n<p>Net ir b\u016bdamas silpnas, pagyven\u0119s \u017emogus gali tapti i\u0161ganymo istorijos \u012frankiu ir nuolankiai tarnaudamas bei melsdamasis vis dar gali prisid\u0117ti prie bendruomen\u0117s gerov\u0117s.<\/p>\n\n<p><strong>Pa\u0161v\u0119stoji moteris<\/strong><br\/>Pa\u0161v\u0119stoji moteris net ir senatv\u0117je nenustoja b\u016bti <em>pa\u0161v\u0119sta<\/em> pasauliui -<br\/>myl\u0117ti pasaul\u012f, u\u017etarti, melstis u\u017e pasaul\u012f.<\/p>\n\n<p>Kaip Abraomas, u\u017etariantis Sodomos ir Gomoros miestus (Pr 18, 16-33);<br\/>Moz\u0117, maldomis palaikantis Izrael\u012f, kovojant\u012f su Amaleku (I\u0161 17, 8-16);<br\/>kanaaniet\u0117 moteris, u\u017etarianti J\u0117z\u0173 d\u0117l savo dukters (Mt 15, 21-28);<br\/>atkaklioji na\u0161l\u0117 prie\u0161 neteising\u0105 teis\u0117j\u0105 (Lk 18, 1-8);<br\/>arba Jeruzal\u0117s Ba\u017eny\u010dia, u\u017etarianti Petr\u0105 (Apd 12, 5.12).<\/p>\n\n<p>Melstis \u0161irdimi: <em>\"T\u0117ve, teateinie Tavo karalyst\u0117!\"<\/em><\/p>\n\n<p><strong>Motinos Marijos Eugenijos patarimai:<\/strong><\/p>\n\n<p>\"Klausiate man\u0119s, kaip pagyventi \u0161ventai?<br\/>Nenuilstamai \u012fsipareigodami nukreipti \u017evilgsn\u012f \u012f Diev\u0105...<br\/>Laikykite savo prot\u0105 u\u017eimt\u0105 tik\u0117jimo tiesomis, tai yra J\u0117zaus paslaptimis, Jo \u017eod\u017eiais, Jo kent\u0117jimais.<br\/>Laikykite savo \u0161ird\u012f pakelt\u0105 \u012f dang\u0173, kuris yra j\u016bs\u0173 t\u0117vyn\u0117 ir kuriame jau dabar turite gyventi viltimi, Dievo vaik\u0173 ramybe; stengdamiesi b\u016bti geri, kaip Jis - visuomet geri, visame kame.<\/p>\n\n<p>Galiausiai, kadangi fizin\u0117 senatv\u0117 yra lig\u0173 ir nuovargio metas, i\u0161tverkite juos su dievi\u0161kojo Avin\u0117lio kantrybe, \u0161velnumu ir paprastumu.<br\/>Tada jums atsitiks tai, k\u0105 sako apa\u0161talas Paulius:<br\/>\"Nors i\u0161orinis m\u016bs\u0173 \"a\u0161\" nyksta, bet vidinis \"a\u0161\" diena i\u0161 dienos atsinaujina.<br\/>D\u0117l to senatv\u0117 tampa \u0161venta, vedanti \u012f \u0161vent\u0105 mirt\u012f ir galiausiai \u012f palaiming\u0105 am\u017einyb\u0119.\"<\/p>\n\n<p><strong>Senstan\u010dio religingo \u017emogaus malda<\/strong><\/p>\n\n<p>Brangiausiasis Vie\u0161patie,<br\/>i\u0161mokyk mane maloningai sen\u0117ti.<br\/>Pad\u0117k man suprasti, kad mano bendruomen\u0117 man\u0119s neskriaud\u017eia, kai pama\u017eu atima atsakomyb\u0119, kai, regis, nebeie\u0161ko mano nuomon\u0117s.<\/p>\n\n<p>I\u0161laisvink mane nuo i\u0161didumo d\u0117l visos i\u0161minties, kurios i\u0161mokau.<br\/>I\u0161laisvink mane nuo iliuzijos, kad esu nepakei\u010diamas.<\/p>\n\n<p>Pad\u0117k man, kad palaipsniui atsipl\u0117\u0161damas nuo \u017eemi\u0161k\u0173j\u0173 dalyk\u0173 supras\u010diau laiko d\u0117snio prasm\u0119.<br\/>I\u0161mokyk mane darb\u0173 ir darbinink\u0173 kaitoje \u012f\u017evelgti nuostabi\u0105 nuolatinio gyvenimo atsinaujinimo, kur\u012f skatina Tavo Apvaizda, i\u0161rai\u0161k\u0105.<\/p>\n\n<p>Ir pra\u0161au Tave, Vie\u0161patie, leisk man vis dar b\u016bti naudingam - prisid\u0117ti prie pasaulio savo optimizmu, prisid\u0117ti savo maldomis prie d\u017eiaugsmingo u\u017esidegimo ir dr\u0105sos t\u0173, kurie dabar eina prie vairo.<\/p>\n\n<p>Tegul dabar mano gyvenimo b\u016bdas tampa nuolankiu ir taikiu ry\u0161iu su besikei\u010dian\u010diu pasauliu, neliejant a\u0161ar\u0173 d\u0117l praeities ir paver\u010diant savo \u017emogi\u0161k\u0105j\u0105 kan\u010di\u0105 atgailos dovana visiems mano broliams ir seserims.<\/p>\n\n<p>Tegul mano pasitraukimas i\u0161 veiklos lauko b\u016bna paprastas ir nat\u016bralus, kaip \u0161vytintis saul\u0117lydis, kupinas meil\u0117s.<\/p>\n\n<p>Vie\u0161patie, atleisk man, jei tik dabar, savo tyloje, pradedu suvokti, kaip stipriai Tu mane myli, kaip stipriai man pad\u0117jai.<br\/>Ir dabar, pagaliau, ai\u0161kiai suprantu d\u017eiaugsming\u0105 likim\u0105, kur\u012f Tu man parengei, vadovaudamas mano \u017eingsniams nuo pat pirmos mano gyvenimo dienos.<\/p>\n\n<p>Vie\u0161patie, i\u0161mokyk mane pasenti... kaip tik taip.<\/p>\n\n<p>S. Egle Sepulcri<\/p>\n\n<p>Quadraro bendruomen\u0117 - Roma  <\/p>\n\n<p>Europos provincija<\/p>\n\n<div class=\"wp-block-group is-content-justification-left is-layout-constrained wp-container-core-group-is-layout-8c890d92 wp-block-group-is-layout-constrained\">\n<figure class=\"wp-block-gallery has-nested-images columns-1 is-cropped wp-block-gallery-1 is-layout-flex wp-block-gallery-is-layout-flex\">\n<figure class=\"wp-block-image alignleft size-large\"><img loading=\"lazy\" decoding=\"async\" width=\"1024\" height=\"461\" data-id=\"7015\" src=\"https:\/\/assumpta-eu.org\/wp-content\/uploads\/2026\/04\/Quadraro-community-1024x461.jpg\" alt=\"\" class=\"wp-image-7015\" srcset=\"https:\/\/assumpta-eu.org\/wp-content\/uploads\/2026\/04\/Quadraro-community-980x441.jpg 980w, https:\/\/assumpta-eu.org\/wp-content\/uploads\/2026\/04\/Quadraro-community-480x216.jpg 480w\" sizes=\"(min-width: 0px) and (max-width: 480px) 480px, (min-width: 481px) and (max-width: 980px) 980px, (min-width: 981px) 1024px, 100vw\" \/><\/figure>\n\n\n\n<figure class=\"wp-block-image alignleft size-large\"><img loading=\"lazy\" decoding=\"async\" width=\"1024\" height=\"461\" data-id=\"7031\" src=\"https:\/\/assumpta-eu.org\/wp-content\/uploads\/2026\/04\/IMG_20251023_175521-1024x461.jpg\" alt=\"\" class=\"wp-image-7031\" srcset=\"https:\/\/assumpta-eu.org\/wp-content\/uploads\/2026\/04\/IMG_20251023_175521-980x441.jpg 980w, https:\/\/assumpta-eu.org\/wp-content\/uploads\/2026\/04\/IMG_20251023_175521-480x216.jpg 480w\" sizes=\"(min-width: 0px) and (max-width: 480px) 480px, (min-width: 481px) and (max-width: 980px) 980px, (min-width: 981px) 1024px, 100vw\" \/><\/figure>\n<\/figure>\n<\/div>\n","protected":false},"excerpt":{"rendered":"<p>&#8222;Gyvenimas mums suteikia galimyb\u0119 baigti augti, subr\u0119sti&#8230; gimti!&#8221;Mes turime u\u017ebaigti savo pirm\u0105j\u012f gimim\u0105 statydami, atverdami kelius, \u012fveikdami sunkumus ir formuodami savo likim\u0105.Mes visada esame genez\u0117je&#8230; \u017dmogaus gyvenimas sukonstruotas ne tam, kad baigt\u0173si su mirtimi, bet tam, kad per mirt\u012f b\u016bt\u0173 perkeistas.&#8221;&#8211; Leonardo Boffas Senatv\u0117 yra Dievo dovana.Suteikdamas senatv\u0119, Dievas T\u0117vas duoda mums laiko pagilinti Jo [&hellip;]<\/p>\n","protected":false},"author":3,"featured_media":7038,"comment_status":"closed","ping_status":"closed","sticky":false,"template":"","format":"standard","meta":{"footnotes":""},"categories":[35,48],"tags":[],"class_list":["post-7052","post","type-post","status-publish","format-standard","has-post-thumbnail","hentry","category-europos-provincija","category-italija"],"yoast_head":"<!-- This site is optimized with the Yoast SEO plugin v27.5 - https:\/\/yoast.com\/product\/yoast-seo-wordpress\/ -->\n<title>Spindintis saul\u0117lydis: Senatv\u0117 kaip \u0161ventas tapimas - Religious of the Assumption &gt; Province of Europe<\/title>\n<meta name=\"robots\" content=\"index, follow, max-snippet:-1, max-image-preview:large, max-video-preview:-1\" \/>\n<link rel=\"canonical\" href=\"https:\/\/assumpta-eu.org\/lt\/spindintis-saulelydis-senatve-kaip-sventas-tapimas\/\" \/>\n<meta property=\"og:locale\" content=\"lt_LT\" \/>\n<meta property=\"og:type\" content=\"article\" \/>\n<meta property=\"og:title\" content=\"Spindintis saul\u0117lydis: Senatv\u0117 kaip \u0161ventas tapimas - Religious of the Assumption &gt; Province of Europe\" \/>\n<meta property=\"og:description\" content=\"&#8222;Gyvenimas mums suteikia galimyb\u0119 baigti augti, subr\u0119sti&#8230; gimti!&#8221;Mes turime u\u017ebaigti savo pirm\u0105j\u012f gimim\u0105 statydami, atverdami kelius, \u012fveikdami sunkumus ir formuodami savo likim\u0105.Mes visada esame genez\u0117je&#8230; \u017dmogaus gyvenimas sukonstruotas ne tam, kad baigt\u0173si su mirtimi, bet tam, kad per mirt\u012f b\u016bt\u0173 perkeistas.&#8221;&#8211; Leonardo Boffas Senatv\u0117 yra Dievo dovana.Suteikdamas senatv\u0119, Dievas T\u0117vas duoda mums laiko pagilinti Jo [&hellip;]\" \/>\n<meta property=\"og:url\" content=\"https:\/\/assumpta-eu.org\/lt\/spindintis-saulelydis-senatve-kaip-sventas-tapimas\/\" \/>\n<meta property=\"og:site_name\" content=\"Religious of the Assumption &gt; Province of Europe\" \/>\n<meta property=\"article:publisher\" content=\"http:\/\/www.facebook.com\/assumptionUK\" \/>\n<meta property=\"article:published_time\" content=\"2026-04-09T10:13:01+00:00\" \/>\n<meta property=\"article:modified_time\" content=\"2026-04-09T10:26:56+00:00\" \/>\n<meta property=\"og:image\" content=\"https:\/\/assumpta-eu.org\/wp-content\/uploads\/2026\/04\/IMG_20250727_104844-scaled-e1775729975179.jpg\" \/>\n\t<meta property=\"og:image:width\" content=\"1152\" \/>\n\t<meta property=\"og:image:height\" content=\"2560\" \/>\n\t<meta property=\"og:image:type\" content=\"image\/jpeg\" \/>\n<meta name=\"author\" content=\"Francesca\" \/>\n<meta name=\"twitter:card\" content=\"summary_large_image\" \/>\n<meta name=\"twitter:creator\" content=\"@AssumptionRA\" \/>\n<meta name=\"twitter:site\" content=\"@AssumptionRA\" \/>\n<meta name=\"twitter:label1\" content=\"Written by\" \/>\n\t<meta name=\"twitter:data1\" content=\"Francesca\" \/>\n\t<meta name=\"twitter:label2\" content=\"Est. reading time\" \/>\n\t<meta name=\"twitter:data2\" content=\"3 minut\u0117s\" \/>\n<script type=\"application\/ld+json\" class=\"yoast-schema-graph\">{\"@context\":\"https:\\\/\\\/schema.org\",\"@graph\":[{\"@type\":\"Article\",\"@id\":\"https:\\\/\\\/assumpta-eu.org\\\/lt\\\/spindintis-saulelydis-senatve-kaip-sventas-tapimas\\\/#article\",\"isPartOf\":{\"@id\":\"https:\\\/\\\/assumpta-eu.org\\\/lt\\\/spindintis-saulelydis-senatve-kaip-sventas-tapimas\\\/\"},\"author\":{\"name\":\"Francesca\",\"@id\":\"https:\\\/\\\/assumpta-eu.org\\\/lt\\\/#\\\/schema\\\/person\\\/e88c33b9055ec5800b6adec01e18116f\"},\"headline\":\"Spindintis saul\u0117lydis: Senatv\u0117 kaip \u0161ventas tapimas\",\"datePublished\":\"2026-04-09T10:13:01+00:00\",\"dateModified\":\"2026-04-09T10:26:56+00:00\",\"mainEntityOfPage\":{\"@id\":\"https:\\\/\\\/assumpta-eu.org\\\/lt\\\/spindintis-saulelydis-senatve-kaip-sventas-tapimas\\\/\"},\"wordCount\":635,\"publisher\":{\"@id\":\"https:\\\/\\\/assumpta-eu.org\\\/lt\\\/#organization\"},\"image\":{\"@id\":\"https:\\\/\\\/assumpta-eu.org\\\/lt\\\/spindintis-saulelydis-senatve-kaip-sventas-tapimas\\\/#primaryimage\"},\"thumbnailUrl\":\"https:\\\/\\\/assumpta-eu.org\\\/wp-content\\\/uploads\\\/2026\\\/04\\\/IMG_20250727_104844-scaled-e1775729975179.jpg\",\"articleSection\":[\"Europos provincija\",\"Italija\"],\"inLanguage\":\"lt-LT\"},{\"@type\":\"WebPage\",\"@id\":\"https:\\\/\\\/assumpta-eu.org\\\/lt\\\/spindintis-saulelydis-senatve-kaip-sventas-tapimas\\\/\",\"url\":\"https:\\\/\\\/assumpta-eu.org\\\/lt\\\/spindintis-saulelydis-senatve-kaip-sventas-tapimas\\\/\",\"name\":\"Spindintis saul\u0117lydis: Senatv\u0117 kaip \u0161ventas tapimas - Religious of the Assumption &gt; Province of Europe\",\"isPartOf\":{\"@id\":\"https:\\\/\\\/assumpta-eu.org\\\/lt\\\/#website\"},\"primaryImageOfPage\":{\"@id\":\"https:\\\/\\\/assumpta-eu.org\\\/lt\\\/spindintis-saulelydis-senatve-kaip-sventas-tapimas\\\/#primaryimage\"},\"image\":{\"@id\":\"https:\\\/\\\/assumpta-eu.org\\\/lt\\\/spindintis-saulelydis-senatve-kaip-sventas-tapimas\\\/#primaryimage\"},\"thumbnailUrl\":\"https:\\\/\\\/assumpta-eu.org\\\/wp-content\\\/uploads\\\/2026\\\/04\\\/IMG_20250727_104844-scaled-e1775729975179.jpg\",\"datePublished\":\"2026-04-09T10:13:01+00:00\",\"dateModified\":\"2026-04-09T10:26:56+00:00\",\"breadcrumb\":{\"@id\":\"https:\\\/\\\/assumpta-eu.org\\\/lt\\\/spindintis-saulelydis-senatve-kaip-sventas-tapimas\\\/#breadcrumb\"},\"inLanguage\":\"lt-LT\",\"potentialAction\":[{\"@type\":\"ReadAction\",\"target\":[\"https:\\\/\\\/assumpta-eu.org\\\/lt\\\/spindintis-saulelydis-senatve-kaip-sventas-tapimas\\\/\"]}]},{\"@type\":\"ImageObject\",\"inLanguage\":\"lt-LT\",\"@id\":\"https:\\\/\\\/assumpta-eu.org\\\/lt\\\/spindintis-saulelydis-senatve-kaip-sventas-tapimas\\\/#primaryimage\",\"url\":\"https:\\\/\\\/assumpta-eu.org\\\/wp-content\\\/uploads\\\/2026\\\/04\\\/IMG_20250727_104844-scaled-e1775729975179.jpg\",\"contentUrl\":\"https:\\\/\\\/assumpta-eu.org\\\/wp-content\\\/uploads\\\/2026\\\/04\\\/IMG_20250727_104844-scaled-e1775729975179.jpg\",\"width\":1152,\"height\":2560},{\"@type\":\"BreadcrumbList\",\"@id\":\"https:\\\/\\\/assumpta-eu.org\\\/lt\\\/spindintis-saulelydis-senatve-kaip-sventas-tapimas\\\/#breadcrumb\",\"itemListElement\":[{\"@type\":\"ListItem\",\"position\":1,\"name\":\"Home\",\"item\":\"https:\\\/\\\/assumpta-eu.org\\\/lt\\\/\"},{\"@type\":\"ListItem\",\"position\":2,\"name\":\"Spindintis saul\u0117lydis: Senatv\u0117 kaip \u0161ventas tapimas\"}]},{\"@type\":\"WebSite\",\"@id\":\"https:\\\/\\\/assumpta-eu.org\\\/lt\\\/#website\",\"url\":\"https:\\\/\\\/assumpta-eu.org\\\/lt\\\/\",\"name\":\"Province of Europe of the Religious of the Assumption\",\"description\":\"Make Christ known and loved\",\"publisher\":{\"@id\":\"https:\\\/\\\/assumpta-eu.org\\\/lt\\\/#organization\"},\"potentialAction\":[{\"@type\":\"SearchAction\",\"target\":{\"@type\":\"EntryPoint\",\"urlTemplate\":\"https:\\\/\\\/assumpta-eu.org\\\/lt\\\/?s={search_term_string}\"},\"query-input\":{\"@type\":\"PropertyValueSpecification\",\"valueRequired\":true,\"valueName\":\"search_term_string\"}}],\"inLanguage\":\"lt-LT\"},{\"@type\":\"Organization\",\"@id\":\"https:\\\/\\\/assumpta-eu.org\\\/lt\\\/#organization\",\"name\":\"Religious of the Assumption\",\"url\":\"https:\\\/\\\/assumpta-eu.org\\\/lt\\\/\",\"logo\":{\"@type\":\"ImageObject\",\"inLanguage\":\"lt-LT\",\"@id\":\"https:\\\/\\\/assumpta-eu.org\\\/lt\\\/#\\\/schema\\\/logo\\\/image\\\/\",\"url\":\"https:\\\/\\\/assumpta-eu.org\\\/wp-content\\\/uploads\\\/2023\\\/06\\\/RA-EU-logos-02.png\",\"contentUrl\":\"https:\\\/\\\/assumpta-eu.org\\\/wp-content\\\/uploads\\\/2023\\\/06\\\/RA-EU-logos-02.png\",\"width\":705,\"height\":729,\"caption\":\"Religious of the Assumption\"},\"image\":{\"@id\":\"https:\\\/\\\/assumpta-eu.org\\\/lt\\\/#\\\/schema\\\/logo\\\/image\\\/\"},\"sameAs\":[\"http:\\\/\\\/www.facebook.com\\\/assumptionUK\",\"https:\\\/\\\/x.com\\\/AssumptionRA\",\"http:\\\/\\\/www.instagram.com\\\/assumptionuk\"]},{\"@type\":\"Person\",\"@id\":\"https:\\\/\\\/assumpta-eu.org\\\/lt\\\/#\\\/schema\\\/person\\\/e88c33b9055ec5800b6adec01e18116f\",\"name\":\"Francesca\",\"image\":{\"@type\":\"ImageObject\",\"inLanguage\":\"lt-LT\",\"@id\":\"https:\\\/\\\/secure.gravatar.com\\\/avatar\\\/c6889456abf47fb76d7dcee6159de1147a3745ed8e1b111a451cf072ad9a8b66?s=96&d=mm&r=g\",\"url\":\"https:\\\/\\\/secure.gravatar.com\\\/avatar\\\/c6889456abf47fb76d7dcee6159de1147a3745ed8e1b111a451cf072ad9a8b66?s=96&d=mm&r=g\",\"contentUrl\":\"https:\\\/\\\/secure.gravatar.com\\\/avatar\\\/c6889456abf47fb76d7dcee6159de1147a3745ed8e1b111a451cf072ad9a8b66?s=96&d=mm&r=g\",\"caption\":\"Francesca\"},\"url\":\"https:\\\/\\\/assumpta-eu.org\\\/lt\\\/author\\\/francesca\\\/\"}]}<\/script>\n<!-- \/ Yoast SEO plugin. -->","yoast_head_json":{"title":"Spindintis saul\u0117lydis: Senatv\u0117 kaip \u0161ventas tapimas - Religious of the Assumption &gt; Province of Europe","robots":{"index":"index","follow":"follow","max-snippet":"max-snippet:-1","max-image-preview":"max-image-preview:large","max-video-preview":"max-video-preview:-1"},"canonical":"https:\/\/assumpta-eu.org\/lt\/spindintis-saulelydis-senatve-kaip-sventas-tapimas\/","og_locale":"lt_LT","og_type":"article","og_title":"Spindintis saul\u0117lydis: Senatv\u0117 kaip \u0161ventas tapimas - Religious of the Assumption &gt; Province of Europe","og_description":"&#8222;Gyvenimas mums suteikia galimyb\u0119 baigti augti, subr\u0119sti&#8230; gimti!&#8221;Mes turime u\u017ebaigti savo pirm\u0105j\u012f gimim\u0105 statydami, atverdami kelius, \u012fveikdami sunkumus ir formuodami savo likim\u0105.Mes visada esame genez\u0117je&#8230; \u017dmogaus gyvenimas sukonstruotas ne tam, kad baigt\u0173si su mirtimi, bet tam, kad per mirt\u012f b\u016bt\u0173 perkeistas.&#8221;&#8211; Leonardo Boffas Senatv\u0117 yra Dievo dovana.Suteikdamas senatv\u0119, Dievas T\u0117vas duoda mums laiko pagilinti Jo [&hellip;]","og_url":"https:\/\/assumpta-eu.org\/lt\/spindintis-saulelydis-senatve-kaip-sventas-tapimas\/","og_site_name":"Religious of the Assumption &gt; Province of Europe","article_publisher":"http:\/\/www.facebook.com\/assumptionUK","article_published_time":"2026-04-09T10:13:01+00:00","article_modified_time":"2026-04-09T10:26:56+00:00","og_image":[{"width":1152,"height":2560,"url":"https:\/\/assumpta-eu.org\/wp-content\/uploads\/2026\/04\/IMG_20250727_104844-scaled-e1775729975179.jpg","type":"image\/jpeg"}],"author":"Francesca","twitter_card":"summary_large_image","twitter_creator":"@AssumptionRA","twitter_site":"@AssumptionRA","twitter_misc":{"Written by":"Francesca","Est. reading time":"3 minut\u0117s"},"schema":{"@context":"https:\/\/schema.org","@graph":[{"@type":"Article","@id":"https:\/\/assumpta-eu.org\/lt\/spindintis-saulelydis-senatve-kaip-sventas-tapimas\/#article","isPartOf":{"@id":"https:\/\/assumpta-eu.org\/lt\/spindintis-saulelydis-senatve-kaip-sventas-tapimas\/"},"author":{"name":"Francesca","@id":"https:\/\/assumpta-eu.org\/lt\/#\/schema\/person\/e88c33b9055ec5800b6adec01e18116f"},"headline":"Spindintis saul\u0117lydis: Senatv\u0117 kaip \u0161ventas tapimas","datePublished":"2026-04-09T10:13:01+00:00","dateModified":"2026-04-09T10:26:56+00:00","mainEntityOfPage":{"@id":"https:\/\/assumpta-eu.org\/lt\/spindintis-saulelydis-senatve-kaip-sventas-tapimas\/"},"wordCount":635,"publisher":{"@id":"https:\/\/assumpta-eu.org\/lt\/#organization"},"image":{"@id":"https:\/\/assumpta-eu.org\/lt\/spindintis-saulelydis-senatve-kaip-sventas-tapimas\/#primaryimage"},"thumbnailUrl":"https:\/\/assumpta-eu.org\/wp-content\/uploads\/2026\/04\/IMG_20250727_104844-scaled-e1775729975179.jpg","articleSection":["Europos provincija","Italija"],"inLanguage":"lt-LT"},{"@type":"WebPage","@id":"https:\/\/assumpta-eu.org\/lt\/spindintis-saulelydis-senatve-kaip-sventas-tapimas\/","url":"https:\/\/assumpta-eu.org\/lt\/spindintis-saulelydis-senatve-kaip-sventas-tapimas\/","name":"Spindintis saul\u0117lydis: Senatv\u0117 kaip \u0161ventas tapimas - Religious of the Assumption &gt; Province of Europe","isPartOf":{"@id":"https:\/\/assumpta-eu.org\/lt\/#website"},"primaryImageOfPage":{"@id":"https:\/\/assumpta-eu.org\/lt\/spindintis-saulelydis-senatve-kaip-sventas-tapimas\/#primaryimage"},"image":{"@id":"https:\/\/assumpta-eu.org\/lt\/spindintis-saulelydis-senatve-kaip-sventas-tapimas\/#primaryimage"},"thumbnailUrl":"https:\/\/assumpta-eu.org\/wp-content\/uploads\/2026\/04\/IMG_20250727_104844-scaled-e1775729975179.jpg","datePublished":"2026-04-09T10:13:01+00:00","dateModified":"2026-04-09T10:26:56+00:00","breadcrumb":{"@id":"https:\/\/assumpta-eu.org\/lt\/spindintis-saulelydis-senatve-kaip-sventas-tapimas\/#breadcrumb"},"inLanguage":"lt-LT","potentialAction":[{"@type":"ReadAction","target":["https:\/\/assumpta-eu.org\/lt\/spindintis-saulelydis-senatve-kaip-sventas-tapimas\/"]}]},{"@type":"ImageObject","inLanguage":"lt-LT","@id":"https:\/\/assumpta-eu.org\/lt\/spindintis-saulelydis-senatve-kaip-sventas-tapimas\/#primaryimage","url":"https:\/\/assumpta-eu.org\/wp-content\/uploads\/2026\/04\/IMG_20250727_104844-scaled-e1775729975179.jpg","contentUrl":"https:\/\/assumpta-eu.org\/wp-content\/uploads\/2026\/04\/IMG_20250727_104844-scaled-e1775729975179.jpg","width":1152,"height":2560},{"@type":"BreadcrumbList","@id":"https:\/\/assumpta-eu.org\/lt\/spindintis-saulelydis-senatve-kaip-sventas-tapimas\/#breadcrumb","itemListElement":[{"@type":"ListItem","position":1,"name":"Home","item":"https:\/\/assumpta-eu.org\/lt\/"},{"@type":"ListItem","position":2,"name":"Spindintis saul\u0117lydis: Senatv\u0117 kaip \u0161ventas tapimas"}]},{"@type":"WebSite","@id":"https:\/\/assumpta-eu.org\/lt\/#website","url":"https:\/\/assumpta-eu.org\/lt\/","name":"Province of Europe of the Religious of the Assumption","description":"Make Christ known and loved","publisher":{"@id":"https:\/\/assumpta-eu.org\/lt\/#organization"},"potentialAction":[{"@type":"SearchAction","target":{"@type":"EntryPoint","urlTemplate":"https:\/\/assumpta-eu.org\/lt\/?s={search_term_string}"},"query-input":{"@type":"PropertyValueSpecification","valueRequired":true,"valueName":"search_term_string"}}],"inLanguage":"lt-LT"},{"@type":"Organization","@id":"https:\/\/assumpta-eu.org\/lt\/#organization","name":"Religious of the Assumption","url":"https:\/\/assumpta-eu.org\/lt\/","logo":{"@type":"ImageObject","inLanguage":"lt-LT","@id":"https:\/\/assumpta-eu.org\/lt\/#\/schema\/logo\/image\/","url":"https:\/\/assumpta-eu.org\/wp-content\/uploads\/2023\/06\/RA-EU-logos-02.png","contentUrl":"https:\/\/assumpta-eu.org\/wp-content\/uploads\/2023\/06\/RA-EU-logos-02.png","width":705,"height":729,"caption":"Religious of the Assumption"},"image":{"@id":"https:\/\/assumpta-eu.org\/lt\/#\/schema\/logo\/image\/"},"sameAs":["http:\/\/www.facebook.com\/assumptionUK","https:\/\/x.com\/AssumptionRA","http:\/\/www.instagram.com\/assumptionuk"]},{"@type":"Person","@id":"https:\/\/assumpta-eu.org\/lt\/#\/schema\/person\/e88c33b9055ec5800b6adec01e18116f","name":"Francesca","image":{"@type":"ImageObject","inLanguage":"lt-LT","@id":"https:\/\/secure.gravatar.com\/avatar\/c6889456abf47fb76d7dcee6159de1147a3745ed8e1b111a451cf072ad9a8b66?s=96&d=mm&r=g","url":"https:\/\/secure.gravatar.com\/avatar\/c6889456abf47fb76d7dcee6159de1147a3745ed8e1b111a451cf072ad9a8b66?s=96&d=mm&r=g","contentUrl":"https:\/\/secure.gravatar.com\/avatar\/c6889456abf47fb76d7dcee6159de1147a3745ed8e1b111a451cf072ad9a8b66?s=96&d=mm&r=g","caption":"Francesca"},"url":"https:\/\/assumpta-eu.org\/lt\/author\/francesca\/"}]}},"_links":{"self":[{"href":"https:\/\/assumpta-eu.org\/lt\/wp-json\/wp\/v2\/posts\/7052","targetHints":{"allow":["GET"]}}],"collection":[{"href":"https:\/\/assumpta-eu.org\/lt\/wp-json\/wp\/v2\/posts"}],"about":[{"href":"https:\/\/assumpta-eu.org\/lt\/wp-json\/wp\/v2\/types\/post"}],"author":[{"embeddable":true,"href":"https:\/\/assumpta-eu.org\/lt\/wp-json\/wp\/v2\/users\/3"}],"replies":[{"embeddable":true,"href":"https:\/\/assumpta-eu.org\/lt\/wp-json\/wp\/v2\/comments?post=7052"}],"version-history":[{"count":2,"href":"https:\/\/assumpta-eu.org\/lt\/wp-json\/wp\/v2\/posts\/7052\/revisions"}],"predecessor-version":[{"id":7054,"href":"https:\/\/assumpta-eu.org\/lt\/wp-json\/wp\/v2\/posts\/7052\/revisions\/7054"}],"wp:featuredmedia":[{"embeddable":true,"href":"https:\/\/assumpta-eu.org\/lt\/wp-json\/wp\/v2\/media\/7038"}],"wp:attachment":[{"href":"https:\/\/assumpta-eu.org\/lt\/wp-json\/wp\/v2\/media?parent=7052"}],"wp:term":[{"taxonomy":"category","embeddable":true,"href":"https:\/\/assumpta-eu.org\/lt\/wp-json\/wp\/v2\/categories?post=7052"},{"taxonomy":"post_tag","embeddable":true,"href":"https:\/\/assumpta-eu.org\/lt\/wp-json\/wp\/v2\/tags?post=7052"}],"curies":[{"name":"wp","href":"https:\/\/api.w.org\/{rel}","templated":true}]}}