{"id":7096,"date":"2026-04-09T15:51:06","date_gmt":"2026-04-09T13:51:06","guid":{"rendered":"https:\/\/assumpta-eu.org\/la-visita-canonica-alla-provincia-deuropa-un-viaggio-di-grazia\/"},"modified":"2026-04-09T16:11:13","modified_gmt":"2026-04-09T14:11:13","slug":"la-visita-canonica-alla-provincia-deuropa-un-viaggio-di-grazia","status":"publish","type":"post","link":"https:\/\/assumpta-eu.org\/it\/la-visita-canonica-alla-provincia-deuropa-un-viaggio-di-grazia\/","title":{"rendered":"La visita canonica della Provincia d&#8217;Europa: Un viaggio di grazia"},"content":{"rendered":"\n<p>La Provincia d'Europa ha appena concluso una <strong>visita canonica<\/strong> di tre settimane iniziata il 12 marzo, guidata da Suor Rekha, Superiora Generale, e dal suo Consiglio. Si \u00e8 trattato della prima visita in persona dalla creazione della Provincia ed \u00e8 stata un'occasione preziosa per ricollegarsi a ci\u00f2 che siamo e a ci\u00f2 che siamo chiamate a fare. <\/p>\n\n<p>La Provincia \u00e8 antica e nuova allo stesso tempo. Le sue radici risalgono alle prime fondazioni in Inghilterra e in Italia da parte di Santa Maria Eugenia, ma \u00e8 stata costituita ufficialmente solo otto anni fa, riunendo le ex province di Inghilterra, Italia e Belgio e Lituania. Da allora, \u00e8 cresciuta fino a diventare un'unica provincia, diversificata e vibrante, che cammina insieme in uno spirito di comunione, ascolto condiviso e speranza.  <\/p>\n\n<p>Durante la visita, il Consiglio Generale ha trascorso del tempo con sorelle, collaboratori e amici in tutte le comunit\u00e0, scuole e ministeri. Si \u00e8 trattato di un vero e proprio momento di incontro, pieno di <strong>ascolto<\/strong>, di <strong>condivisione<\/strong> che ha permesso di vedere in prima persona la <strong>generosit\u00e0<\/strong> e l'<strong>impegno<\/strong> che mandano avanti la missione oggi. Un momento particolarmente gioioso \u00e8 stata la professione solenne di Suor Francesca a Twickenham, una bellissima testimonianza di impegno e fede per tutta la vita.  <\/p>\n\n<p>La visita si \u00e8 conclusa a Tournai con un <strong>Consiglio Provinciale Plenario allargato,<\/strong> dove c'\u00e8 stato tempo per riflettere, condividere e guardare al futuro. Gli aggiornamenti hanno riguardato lo sviluppo di una nuova comunit\u00e0 internazionale a Tenerife, al servizio delle persone vulnerabili e dei migranti, nonch\u00e9 la collaborazione in corso con i partner laici attraverso i programmi di Assunzione Insieme e di volontariato giovanile. <\/p>\n\n<p>Soprattutto, la visita \u00e8 stata un momento di <strong>gratitudine per <\/strong>la ricchezza della vita comunitaria, la saggezza delle sorelle pi\u00f9 anziane e persino le sfide che ci aiutano a crescere. Si \u00e8 conclusa la Domenica delle Palme con una celebrazione condivisa, un semplice ma forte segno del fatto che, nonostante le distanze e le differenze, continuiamo a camminare insieme nella fede, nella missione e nella speranza. <\/p>\n\n<figure class=\"wp-block-gallery has-nested-images columns-2 is-cropped wp-block-gallery-1 is-layout-flex wp-block-gallery-is-layout-flex\">\n<figure class=\"wp-block-image size-large\"><img loading=\"lazy\" decoding=\"async\" width=\"1024\" height=\"768\" data-id=\"7072\" src=\"https:\/\/assumpta-eu.org\/wp-content\/uploads\/2026\/04\/1000029012-1024x768.jpg\" alt=\"\" class=\"wp-image-7072\" srcset=\"https:\/\/assumpta-eu.org\/wp-content\/uploads\/2026\/04\/1000029012-980x735.jpg 980w, https:\/\/assumpta-eu.org\/wp-content\/uploads\/2026\/04\/1000029012-480x360.jpg 480w\" sizes=\"(min-width: 0px) and (max-width: 480px) 480px, (min-width: 481px) and (max-width: 980px) 980px, (min-width: 981px) 1024px, 100vw\" \/><\/figure>\n\n\n\n<figure class=\"wp-block-image size-large\"><img loading=\"lazy\" decoding=\"async\" width=\"1024\" height=\"780\" data-id=\"7080\" src=\"https:\/\/assumpta-eu.org\/wp-content\/uploads\/2026\/04\/1000028839-1024x780.jpg\" alt=\"\" class=\"wp-image-7080\" srcset=\"https:\/\/assumpta-eu.org\/wp-content\/uploads\/2026\/04\/1000028839-980x747.jpg 980w, https:\/\/assumpta-eu.org\/wp-content\/uploads\/2026\/04\/1000028839-480x366.jpg 480w\" sizes=\"(min-width: 0px) and (max-width: 480px) 480px, (min-width: 481px) and (max-width: 980px) 980px, (min-width: 981px) 1024px, 100vw\" \/><\/figure>\n\n\n\n<figure class=\"wp-block-image size-large\"><img loading=\"lazy\" decoding=\"async\" width=\"1024\" height=\"472\" data-id=\"7076\" src=\"https:\/\/assumpta-eu.org\/wp-content\/uploads\/2026\/04\/1000029024-1024x472.jpg\" alt=\"\" class=\"wp-image-7076\" srcset=\"https:\/\/assumpta-eu.org\/wp-content\/uploads\/2026\/04\/1000029024-980x451.jpg 980w, https:\/\/assumpta-eu.org\/wp-content\/uploads\/2026\/04\/1000029024-480x221.jpg 480w\" sizes=\"(min-width: 0px) and (max-width: 480px) 480px, (min-width: 481px) and (max-width: 980px) 980px, (min-width: 981px) 1024px, 100vw\" \/><\/figure>\n\n\n\n<figure class=\"wp-block-image size-large\"><img loading=\"lazy\" decoding=\"async\" width=\"1024\" height=\"461\" data-id=\"7084\" src=\"https:\/\/assumpta-eu.org\/wp-content\/uploads\/2026\/04\/1000028664-1024x461.jpg\" alt=\"\" class=\"wp-image-7084\" srcset=\"https:\/\/assumpta-eu.org\/wp-content\/uploads\/2026\/04\/1000028664-980x441.jpg 980w, https:\/\/assumpta-eu.org\/wp-content\/uploads\/2026\/04\/1000028664-480x216.jpg 480w\" sizes=\"(min-width: 0px) and (max-width: 480px) 480px, (min-width: 481px) and (max-width: 980px) 980px, (min-width: 981px) 1024px, 100vw\" \/><\/figure>\n\n\n\n<figure class=\"wp-block-image size-large\"><img loading=\"lazy\" decoding=\"async\" width=\"1600\" height=\"928\" data-id=\"7068\" src=\"https:\/\/assumpta-eu.org\/wp-content\/uploads\/2026\/04\/1000028842-e1775742276788.jpg\" alt=\"\" class=\"wp-image-7068\" srcset=\"https:\/\/assumpta-eu.org\/wp-content\/uploads\/2026\/04\/1000028842-e1775742276788.jpg 1600w, https:\/\/assumpta-eu.org\/wp-content\/uploads\/2026\/04\/1000028842-e1775742276788-1280x720.jpg 1280w, https:\/\/assumpta-eu.org\/wp-content\/uploads\/2026\/04\/1000028842-e1775742276788-980x551.jpg 980w, https:\/\/assumpta-eu.org\/wp-content\/uploads\/2026\/04\/1000028842-e1775742276788-480x270.jpg 480w\" sizes=\"(min-width: 0px) and (max-width: 480px) 480px, (min-width: 481px) and (max-width: 980px) 980px, (min-width: 981px) and (max-width: 1280px) 1280px, (min-width: 1281px) 1600px, 100vw\" \/><\/figure>\n<\/figure>\n","protected":false},"excerpt":{"rendered":"<p>La Provincia d&#8217;Europa ha appena concluso una visita canonica di tre settimane iniziata il 12 marzo, guidata da Suor Rekha, Superiora Generale, e dal suo Consiglio. Si \u00e8 trattato della prima visita in persona dalla creazione della Provincia ed \u00e8 stata un&#8217;occasione preziosa per ricollegarsi a ci\u00f2 che siamo e a ci\u00f2 che siamo chiamate [&hellip;]<\/p>\n","protected":false},"author":3,"featured_media":7062,"comment_status":"closed","ping_status":"closed","sticky":false,"template":"","format":"standard","meta":{"footnotes":""},"categories":[44,36],"tags":[],"class_list":["post-7096","post","type-post","status-publish","format-standard","has-post-thumbnail","hentry","category-congregazione","category-provincia-deuropa"],"yoast_head":"<!-- This site is optimized with the Yoast SEO plugin v27.5 - https:\/\/yoast.com\/product\/yoast-seo-wordpress\/ -->\n<title>La visita canonica della Provincia d&#039;Europa: Un viaggio di grazia - Religious of the Assumption &gt; Province of Europe<\/title>\n<meta name=\"robots\" content=\"index, follow, max-snippet:-1, max-image-preview:large, max-video-preview:-1\" \/>\n<link rel=\"canonical\" href=\"https:\/\/assumpta-eu.org\/it\/la-visita-canonica-alla-provincia-deuropa-un-viaggio-di-grazia\/\" \/>\n<meta property=\"og:locale\" content=\"it_IT\" \/>\n<meta property=\"og:type\" content=\"article\" \/>\n<meta property=\"og:title\" content=\"La visita canonica della Provincia d&#039;Europa: Un viaggio di grazia - Religious of the Assumption &gt; Province of Europe\" \/>\n<meta property=\"og:description\" content=\"La Provincia d&#8217;Europa ha appena concluso una visita canonica di tre settimane iniziata il 12 marzo, guidata da Suor Rekha, Superiora Generale, e dal suo Consiglio. Si \u00e8 trattato della prima visita in persona dalla creazione della Provincia ed \u00e8 stata un&#8217;occasione preziosa per ricollegarsi a ci\u00f2 che siamo e a ci\u00f2 che siamo chiamate [&hellip;]\" \/>\n<meta property=\"og:url\" content=\"https:\/\/assumpta-eu.org\/it\/la-visita-canonica-alla-provincia-deuropa-un-viaggio-di-grazia\/\" \/>\n<meta property=\"og:site_name\" content=\"Religious of the Assumption &gt; Province of Europe\" \/>\n<meta property=\"article:publisher\" content=\"http:\/\/www.facebook.com\/assumptionUK\" \/>\n<meta property=\"article:published_time\" content=\"2026-04-09T13:51:06+00:00\" \/>\n<meta property=\"article:modified_time\" content=\"2026-04-09T14:11:13+00:00\" \/>\n<meta property=\"og:image\" content=\"https:\/\/assumpta-eu.org\/wp-content\/uploads\/2026\/04\/1000028529-scaled-e1775742154388.jpg\" \/>\n\t<meta property=\"og:image:width\" content=\"2560\" \/>\n\t<meta property=\"og:image:height\" content=\"1920\" \/>\n\t<meta property=\"og:image:type\" content=\"image\/jpeg\" \/>\n<meta name=\"author\" content=\"Francesca\" \/>\n<meta name=\"twitter:card\" content=\"summary_large_image\" \/>\n<meta name=\"twitter:creator\" content=\"@AssumptionRA\" \/>\n<meta name=\"twitter:site\" content=\"@AssumptionRA\" \/>\n<meta name=\"twitter:label1\" content=\"Scritto da\" \/>\n\t<meta name=\"twitter:data1\" content=\"Francesca\" \/>\n\t<meta name=\"twitter:label2\" content=\"Tempo di lettura stimato\" \/>\n\t<meta name=\"twitter:data2\" content=\"2 minuti\" \/>\n<script type=\"application\/ld+json\" class=\"yoast-schema-graph\">{\"@context\":\"https:\\\/\\\/schema.org\",\"@graph\":[{\"@type\":\"Article\",\"@id\":\"https:\\\/\\\/assumpta-eu.org\\\/it\\\/la-visita-canonica-alla-provincia-deuropa-un-viaggio-di-grazia\\\/#article\",\"isPartOf\":{\"@id\":\"https:\\\/\\\/assumpta-eu.org\\\/it\\\/la-visita-canonica-alla-provincia-deuropa-un-viaggio-di-grazia\\\/\"},\"author\":{\"name\":\"Francesca\",\"@id\":\"https:\\\/\\\/assumpta-eu.org\\\/it\\\/#\\\/schema\\\/person\\\/e88c33b9055ec5800b6adec01e18116f\"},\"headline\":\"La visita canonica della Provincia d&#8217;Europa: Un viaggio di grazia\",\"datePublished\":\"2026-04-09T13:51:06+00:00\",\"dateModified\":\"2026-04-09T14:11:13+00:00\",\"mainEntityOfPage\":{\"@id\":\"https:\\\/\\\/assumpta-eu.org\\\/it\\\/la-visita-canonica-alla-provincia-deuropa-un-viaggio-di-grazia\\\/\"},\"wordCount\":343,\"publisher\":{\"@id\":\"https:\\\/\\\/assumpta-eu.org\\\/it\\\/#organization\"},\"image\":{\"@id\":\"https:\\\/\\\/assumpta-eu.org\\\/it\\\/la-visita-canonica-alla-provincia-deuropa-un-viaggio-di-grazia\\\/#primaryimage\"},\"thumbnailUrl\":\"https:\\\/\\\/assumpta-eu.org\\\/wp-content\\\/uploads\\\/2026\\\/04\\\/1000028529-scaled-e1775742154388.jpg\",\"articleSection\":[\"Congregazione\",\"Provincia d'Europa\"],\"inLanguage\":\"it-IT\"},{\"@type\":\"WebPage\",\"@id\":\"https:\\\/\\\/assumpta-eu.org\\\/it\\\/la-visita-canonica-alla-provincia-deuropa-un-viaggio-di-grazia\\\/\",\"url\":\"https:\\\/\\\/assumpta-eu.org\\\/it\\\/la-visita-canonica-alla-provincia-deuropa-un-viaggio-di-grazia\\\/\",\"name\":\"La visita canonica della Provincia d'Europa: Un viaggio di grazia - Religious of the Assumption &gt; Province of Europe\",\"isPartOf\":{\"@id\":\"https:\\\/\\\/assumpta-eu.org\\\/it\\\/#website\"},\"primaryImageOfPage\":{\"@id\":\"https:\\\/\\\/assumpta-eu.org\\\/it\\\/la-visita-canonica-alla-provincia-deuropa-un-viaggio-di-grazia\\\/#primaryimage\"},\"image\":{\"@id\":\"https:\\\/\\\/assumpta-eu.org\\\/it\\\/la-visita-canonica-alla-provincia-deuropa-un-viaggio-di-grazia\\\/#primaryimage\"},\"thumbnailUrl\":\"https:\\\/\\\/assumpta-eu.org\\\/wp-content\\\/uploads\\\/2026\\\/04\\\/1000028529-scaled-e1775742154388.jpg\",\"datePublished\":\"2026-04-09T13:51:06+00:00\",\"dateModified\":\"2026-04-09T14:11:13+00:00\",\"breadcrumb\":{\"@id\":\"https:\\\/\\\/assumpta-eu.org\\\/it\\\/la-visita-canonica-alla-provincia-deuropa-un-viaggio-di-grazia\\\/#breadcrumb\"},\"inLanguage\":\"it-IT\",\"potentialAction\":[{\"@type\":\"ReadAction\",\"target\":[\"https:\\\/\\\/assumpta-eu.org\\\/it\\\/la-visita-canonica-alla-provincia-deuropa-un-viaggio-di-grazia\\\/\"]}]},{\"@type\":\"ImageObject\",\"inLanguage\":\"it-IT\",\"@id\":\"https:\\\/\\\/assumpta-eu.org\\\/it\\\/la-visita-canonica-alla-provincia-deuropa-un-viaggio-di-grazia\\\/#primaryimage\",\"url\":\"https:\\\/\\\/assumpta-eu.org\\\/wp-content\\\/uploads\\\/2026\\\/04\\\/1000028529-scaled-e1775742154388.jpg\",\"contentUrl\":\"https:\\\/\\\/assumpta-eu.org\\\/wp-content\\\/uploads\\\/2026\\\/04\\\/1000028529-scaled-e1775742154388.jpg\",\"width\":2560,\"height\":1920},{\"@type\":\"BreadcrumbList\",\"@id\":\"https:\\\/\\\/assumpta-eu.org\\\/it\\\/la-visita-canonica-alla-provincia-deuropa-un-viaggio-di-grazia\\\/#breadcrumb\",\"itemListElement\":[{\"@type\":\"ListItem\",\"position\":1,\"name\":\"Home\",\"item\":\"https:\\\/\\\/assumpta-eu.org\\\/it\\\/\"},{\"@type\":\"ListItem\",\"position\":2,\"name\":\"La visita canonica della Provincia d&#8217;Europa: Un viaggio di grazia\"}]},{\"@type\":\"WebSite\",\"@id\":\"https:\\\/\\\/assumpta-eu.org\\\/it\\\/#website\",\"url\":\"https:\\\/\\\/assumpta-eu.org\\\/it\\\/\",\"name\":\"Province of Europe of the Religious of the Assumption\",\"description\":\"Make Christ known and loved\",\"publisher\":{\"@id\":\"https:\\\/\\\/assumpta-eu.org\\\/it\\\/#organization\"},\"potentialAction\":[{\"@type\":\"SearchAction\",\"target\":{\"@type\":\"EntryPoint\",\"urlTemplate\":\"https:\\\/\\\/assumpta-eu.org\\\/it\\\/?s={search_term_string}\"},\"query-input\":{\"@type\":\"PropertyValueSpecification\",\"valueRequired\":true,\"valueName\":\"search_term_string\"}}],\"inLanguage\":\"it-IT\"},{\"@type\":\"Organization\",\"@id\":\"https:\\\/\\\/assumpta-eu.org\\\/it\\\/#organization\",\"name\":\"Religious of the Assumption\",\"url\":\"https:\\\/\\\/assumpta-eu.org\\\/it\\\/\",\"logo\":{\"@type\":\"ImageObject\",\"inLanguage\":\"it-IT\",\"@id\":\"https:\\\/\\\/assumpta-eu.org\\\/it\\\/#\\\/schema\\\/logo\\\/image\\\/\",\"url\":\"https:\\\/\\\/assumpta-eu.org\\\/wp-content\\\/uploads\\\/2023\\\/06\\\/RA-EU-logos-02.png\",\"contentUrl\":\"https:\\\/\\\/assumpta-eu.org\\\/wp-content\\\/uploads\\\/2023\\\/06\\\/RA-EU-logos-02.png\",\"width\":705,\"height\":729,\"caption\":\"Religious of the Assumption\"},\"image\":{\"@id\":\"https:\\\/\\\/assumpta-eu.org\\\/it\\\/#\\\/schema\\\/logo\\\/image\\\/\"},\"sameAs\":[\"http:\\\/\\\/www.facebook.com\\\/assumptionUK\",\"https:\\\/\\\/x.com\\\/AssumptionRA\",\"http:\\\/\\\/www.instagram.com\\\/assumptionuk\"]},{\"@type\":\"Person\",\"@id\":\"https:\\\/\\\/assumpta-eu.org\\\/it\\\/#\\\/schema\\\/person\\\/e88c33b9055ec5800b6adec01e18116f\",\"name\":\"Francesca\",\"image\":{\"@type\":\"ImageObject\",\"inLanguage\":\"it-IT\",\"@id\":\"https:\\\/\\\/secure.gravatar.com\\\/avatar\\\/c6889456abf47fb76d7dcee6159de1147a3745ed8e1b111a451cf072ad9a8b66?s=96&d=mm&r=g\",\"url\":\"https:\\\/\\\/secure.gravatar.com\\\/avatar\\\/c6889456abf47fb76d7dcee6159de1147a3745ed8e1b111a451cf072ad9a8b66?s=96&d=mm&r=g\",\"contentUrl\":\"https:\\\/\\\/secure.gravatar.com\\\/avatar\\\/c6889456abf47fb76d7dcee6159de1147a3745ed8e1b111a451cf072ad9a8b66?s=96&d=mm&r=g\",\"caption\":\"Francesca\"},\"url\":\"https:\\\/\\\/assumpta-eu.org\\\/it\\\/author\\\/francesca\\\/\"}]}<\/script>\n<!-- \/ Yoast SEO plugin. -->","yoast_head_json":{"title":"La visita canonica della Provincia d'Europa: Un viaggio di grazia - Religious of the Assumption &gt; Province of Europe","robots":{"index":"index","follow":"follow","max-snippet":"max-snippet:-1","max-image-preview":"max-image-preview:large","max-video-preview":"max-video-preview:-1"},"canonical":"https:\/\/assumpta-eu.org\/it\/la-visita-canonica-alla-provincia-deuropa-un-viaggio-di-grazia\/","og_locale":"it_IT","og_type":"article","og_title":"La visita canonica della Provincia d'Europa: Un viaggio di grazia - Religious of the Assumption &gt; Province of Europe","og_description":"La Provincia d&#8217;Europa ha appena concluso una visita canonica di tre settimane iniziata il 12 marzo, guidata da Suor Rekha, Superiora Generale, e dal suo Consiglio. Si \u00e8 trattato della prima visita in persona dalla creazione della Provincia ed \u00e8 stata un&#8217;occasione preziosa per ricollegarsi a ci\u00f2 che siamo e a ci\u00f2 che siamo chiamate [&hellip;]","og_url":"https:\/\/assumpta-eu.org\/it\/la-visita-canonica-alla-provincia-deuropa-un-viaggio-di-grazia\/","og_site_name":"Religious of the Assumption &gt; Province of Europe","article_publisher":"http:\/\/www.facebook.com\/assumptionUK","article_published_time":"2026-04-09T13:51:06+00:00","article_modified_time":"2026-04-09T14:11:13+00:00","og_image":[{"width":2560,"height":1920,"url":"https:\/\/assumpta-eu.org\/wp-content\/uploads\/2026\/04\/1000028529-scaled-e1775742154388.jpg","type":"image\/jpeg"}],"author":"Francesca","twitter_card":"summary_large_image","twitter_creator":"@AssumptionRA","twitter_site":"@AssumptionRA","twitter_misc":{"Scritto da":"Francesca","Tempo di lettura stimato":"2 minuti"},"schema":{"@context":"https:\/\/schema.org","@graph":[{"@type":"Article","@id":"https:\/\/assumpta-eu.org\/it\/la-visita-canonica-alla-provincia-deuropa-un-viaggio-di-grazia\/#article","isPartOf":{"@id":"https:\/\/assumpta-eu.org\/it\/la-visita-canonica-alla-provincia-deuropa-un-viaggio-di-grazia\/"},"author":{"name":"Francesca","@id":"https:\/\/assumpta-eu.org\/it\/#\/schema\/person\/e88c33b9055ec5800b6adec01e18116f"},"headline":"La visita canonica della Provincia d&#8217;Europa: Un viaggio di grazia","datePublished":"2026-04-09T13:51:06+00:00","dateModified":"2026-04-09T14:11:13+00:00","mainEntityOfPage":{"@id":"https:\/\/assumpta-eu.org\/it\/la-visita-canonica-alla-provincia-deuropa-un-viaggio-di-grazia\/"},"wordCount":343,"publisher":{"@id":"https:\/\/assumpta-eu.org\/it\/#organization"},"image":{"@id":"https:\/\/assumpta-eu.org\/it\/la-visita-canonica-alla-provincia-deuropa-un-viaggio-di-grazia\/#primaryimage"},"thumbnailUrl":"https:\/\/assumpta-eu.org\/wp-content\/uploads\/2026\/04\/1000028529-scaled-e1775742154388.jpg","articleSection":["Congregazione","Provincia d'Europa"],"inLanguage":"it-IT"},{"@type":"WebPage","@id":"https:\/\/assumpta-eu.org\/it\/la-visita-canonica-alla-provincia-deuropa-un-viaggio-di-grazia\/","url":"https:\/\/assumpta-eu.org\/it\/la-visita-canonica-alla-provincia-deuropa-un-viaggio-di-grazia\/","name":"La visita canonica della Provincia d'Europa: Un viaggio di grazia - Religious of the Assumption &gt; Province of Europe","isPartOf":{"@id":"https:\/\/assumpta-eu.org\/it\/#website"},"primaryImageOfPage":{"@id":"https:\/\/assumpta-eu.org\/it\/la-visita-canonica-alla-provincia-deuropa-un-viaggio-di-grazia\/#primaryimage"},"image":{"@id":"https:\/\/assumpta-eu.org\/it\/la-visita-canonica-alla-provincia-deuropa-un-viaggio-di-grazia\/#primaryimage"},"thumbnailUrl":"https:\/\/assumpta-eu.org\/wp-content\/uploads\/2026\/04\/1000028529-scaled-e1775742154388.jpg","datePublished":"2026-04-09T13:51:06+00:00","dateModified":"2026-04-09T14:11:13+00:00","breadcrumb":{"@id":"https:\/\/assumpta-eu.org\/it\/la-visita-canonica-alla-provincia-deuropa-un-viaggio-di-grazia\/#breadcrumb"},"inLanguage":"it-IT","potentialAction":[{"@type":"ReadAction","target":["https:\/\/assumpta-eu.org\/it\/la-visita-canonica-alla-provincia-deuropa-un-viaggio-di-grazia\/"]}]},{"@type":"ImageObject","inLanguage":"it-IT","@id":"https:\/\/assumpta-eu.org\/it\/la-visita-canonica-alla-provincia-deuropa-un-viaggio-di-grazia\/#primaryimage","url":"https:\/\/assumpta-eu.org\/wp-content\/uploads\/2026\/04\/1000028529-scaled-e1775742154388.jpg","contentUrl":"https:\/\/assumpta-eu.org\/wp-content\/uploads\/2026\/04\/1000028529-scaled-e1775742154388.jpg","width":2560,"height":1920},{"@type":"BreadcrumbList","@id":"https:\/\/assumpta-eu.org\/it\/la-visita-canonica-alla-provincia-deuropa-un-viaggio-di-grazia\/#breadcrumb","itemListElement":[{"@type":"ListItem","position":1,"name":"Home","item":"https:\/\/assumpta-eu.org\/it\/"},{"@type":"ListItem","position":2,"name":"La visita canonica della Provincia d&#8217;Europa: Un viaggio di grazia"}]},{"@type":"WebSite","@id":"https:\/\/assumpta-eu.org\/it\/#website","url":"https:\/\/assumpta-eu.org\/it\/","name":"Province of Europe of the Religious of the Assumption","description":"Make Christ known and loved","publisher":{"@id":"https:\/\/assumpta-eu.org\/it\/#organization"},"potentialAction":[{"@type":"SearchAction","target":{"@type":"EntryPoint","urlTemplate":"https:\/\/assumpta-eu.org\/it\/?s={search_term_string}"},"query-input":{"@type":"PropertyValueSpecification","valueRequired":true,"valueName":"search_term_string"}}],"inLanguage":"it-IT"},{"@type":"Organization","@id":"https:\/\/assumpta-eu.org\/it\/#organization","name":"Religious of the Assumption","url":"https:\/\/assumpta-eu.org\/it\/","logo":{"@type":"ImageObject","inLanguage":"it-IT","@id":"https:\/\/assumpta-eu.org\/it\/#\/schema\/logo\/image\/","url":"https:\/\/assumpta-eu.org\/wp-content\/uploads\/2023\/06\/RA-EU-logos-02.png","contentUrl":"https:\/\/assumpta-eu.org\/wp-content\/uploads\/2023\/06\/RA-EU-logos-02.png","width":705,"height":729,"caption":"Religious of the Assumption"},"image":{"@id":"https:\/\/assumpta-eu.org\/it\/#\/schema\/logo\/image\/"},"sameAs":["http:\/\/www.facebook.com\/assumptionUK","https:\/\/x.com\/AssumptionRA","http:\/\/www.instagram.com\/assumptionuk"]},{"@type":"Person","@id":"https:\/\/assumpta-eu.org\/it\/#\/schema\/person\/e88c33b9055ec5800b6adec01e18116f","name":"Francesca","image":{"@type":"ImageObject","inLanguage":"it-IT","@id":"https:\/\/secure.gravatar.com\/avatar\/c6889456abf47fb76d7dcee6159de1147a3745ed8e1b111a451cf072ad9a8b66?s=96&d=mm&r=g","url":"https:\/\/secure.gravatar.com\/avatar\/c6889456abf47fb76d7dcee6159de1147a3745ed8e1b111a451cf072ad9a8b66?s=96&d=mm&r=g","contentUrl":"https:\/\/secure.gravatar.com\/avatar\/c6889456abf47fb76d7dcee6159de1147a3745ed8e1b111a451cf072ad9a8b66?s=96&d=mm&r=g","caption":"Francesca"},"url":"https:\/\/assumpta-eu.org\/it\/author\/francesca\/"}]}},"_links":{"self":[{"href":"https:\/\/assumpta-eu.org\/it\/wp-json\/wp\/v2\/posts\/7096","targetHints":{"allow":["GET"]}}],"collection":[{"href":"https:\/\/assumpta-eu.org\/it\/wp-json\/wp\/v2\/posts"}],"about":[{"href":"https:\/\/assumpta-eu.org\/it\/wp-json\/wp\/v2\/types\/post"}],"author":[{"embeddable":true,"href":"https:\/\/assumpta-eu.org\/it\/wp-json\/wp\/v2\/users\/3"}],"replies":[{"embeddable":true,"href":"https:\/\/assumpta-eu.org\/it\/wp-json\/wp\/v2\/comments?post=7096"}],"version-history":[{"count":4,"href":"https:\/\/assumpta-eu.org\/it\/wp-json\/wp\/v2\/posts\/7096\/revisions"}],"predecessor-version":[{"id":7105,"href":"https:\/\/assumpta-eu.org\/it\/wp-json\/wp\/v2\/posts\/7096\/revisions\/7105"}],"wp:featuredmedia":[{"embeddable":true,"href":"https:\/\/assumpta-eu.org\/it\/wp-json\/wp\/v2\/media\/7062"}],"wp:attachment":[{"href":"https:\/\/assumpta-eu.org\/it\/wp-json\/wp\/v2\/media?parent=7096"}],"wp:term":[{"taxonomy":"category","embeddable":true,"href":"https:\/\/assumpta-eu.org\/it\/wp-json\/wp\/v2\/categories?post=7096"},{"taxonomy":"post_tag","embeddable":true,"href":"https:\/\/assumpta-eu.org\/it\/wp-json\/wp\/v2\/tags?post=7096"}],"curies":[{"name":"wp","href":"https:\/\/api.w.org\/{rel}","templated":true}]}}