{"id":7049,"date":"2026-04-09T12:13:01","date_gmt":"2026-04-09T10:13:01","guid":{"rendered":"https:\/\/assumpta-eu.org\/un-tramonto-radioso-la-vecchiaia-come-un-santo-divenire\/"},"modified":"2026-04-09T12:23:09","modified_gmt":"2026-04-09T10:23:09","slug":"un-tramonto-radioso-la-vecchiaia-come-un-santo-divenire","status":"publish","type":"post","link":"https:\/\/assumpta-eu.org\/it\/un-tramonto-radioso-la-vecchiaia-come-un-santo-divenire\/","title":{"rendered":"Un tramonto radioso: La vecchiaia come un santo divenire"},"content":{"rendered":"\n<p class=\"has-text-align-right\">\"\u00c8 un'opportunit\u00e0 che la vita ci offre per finire di crescere, per maturare... per nascere!<br\/>Dobbiamo completare la nostra prima nascita costruendo, aprendo strade, superando difficolt\u00e0 e plasmando il nostro destino.<br\/>Siamo sempre in genesi... la vita umana non \u00e8 strutturata per finire con la morte, ma per essere trasfigurata attraverso la morte\"<br\/>- <em>Leonardo Boff<\/em><\/p>\n\n<p><strong>La vecchiaia \u00e8 un dono di Dio.<\/strong><br\/>Concedendo la vecchiaia, Dio Padre ci d\u00e0 il tempo di approfondire la nostra conoscenza di Lui, la nostra intimit\u00e0 con Lui, di entrare sempre pi\u00f9 profondamente nel suo cuore e di abbandonarci a Lui.<br\/>\u00c8 il momento di prepararci ad affidare definitivamente il nostro spirito nelle sue mani, con la fiducia dei figli.<\/p>\n\n<p>Ma \u00e8 anche un tempo di rinnovata fecondit\u00e0.<br\/>\"Nella vecchiaia porteranno ancora frutto\", dice il salmista (Sal 91:15).<br\/>Dal grembo sterile di Sara e dal corpo centenario di Abramo nacque il popolo eletto.<br\/>Da Elisabetta e dall'anziano Zaccaria nacque Giovanni il Battista.<\/p>\n\n<p>Anche quando \u00e8 debole, l'anziano pu\u00f2 diventare uno strumento nella storia della salvezza e pu\u00f2 ancora contribuire al bene della comunit\u00e0 attraverso il servizio umile e la preghiera.<\/p>\n\n<p><strong>La donna consacrata<\/strong><br\/>La donna consacrata, anche in et\u00e0 avanzata, non cessa di essere consacrata <em>per il<\/em> mondo-<br\/>di amare il mondo, di intercedere, di pregare per il mondo.<\/p>\n\n<p>Come Abramo che intercede per le citt\u00e0 di Sodoma e Gomorra (Gen 18:16-33);<br\/>Mos\u00e8, che sostiene Israele con la preghiera mentre combatte contro Amalek (Es 17:8-16);<br\/>la donna cananea che intercede presso Ges\u00f9 per sua figlia (Mt 15:21-28);<br\/>la vedova insistente davanti al giudice ingiusto (Lc 18:1-8);<br\/>o la Chiesa di Gerusalemme che intercede per Pietro (At 12:5, 12).<\/p>\n\n<p>Pregare con il cuore: <em>\"Padre, venga il tuo Regno\".<\/em><\/p>\n\n<p><strong>Il consiglio di Madre Maria Eugenia:<\/strong><\/p>\n\n<p>\"Mi chiedi come invecchiare in santit\u00e0?<br\/>Impegnandoci instancabilmente a rivolgere lo sguardo verso Dio...<br\/>Tieni la tua mente occupata dalle verit\u00e0 della fede, cio\u00e8 dai misteri di Ges\u00f9, dalle sue parole, dalle sue sofferenze.<br\/>Tieni il tuo cuore sollevato verso il cielo, che \u00e8 la tua patria e dove devi gi\u00e0 vivere, nella speranza, nella pace dei figli di Dio; sforzandoti di essere buono, come Lui, sempre buono, in tutto.<\/p>\n\n<p>Infine, poich\u00e9 la vecchiaia fisica \u00e8 il tempo della malattia e della stanchezza, sopportale con la pazienza, la dolcezza e la semplicit\u00e0 dell'Agnello divino.<br\/>Allora ti accadr\u00e0 ci\u00f2 che dice l'apostolo Paolo:<br\/>'Anche se il nostro io esteriore deperisce, il nostro io interiore si rinnova di giorno in giorno'.<br\/>Questo rende la vecchiaia santa, che conduce a una morte santa e, infine, all'eternit\u00e0 benedetta\".<\/p>\n\n<p><strong>Preghiera di un religioso che invecchia<\/strong><\/p>\n\n<p>Carissimo Signore,<br\/>insegnami a invecchiare con grazia.<br\/>Aiutami a capire che la mia comunit\u00e0 non mi fa un torto quando mi toglie gradualmente delle responsabilit\u00e0, quando non sembra pi\u00f9 cercare le mie opinioni.<\/p>\n\n<p>Liberami dall'orgoglio di tutta la saggezza che ho imparato.<br\/>Liberami dall'illusione di essere indispensabile.<\/p>\n\n<p>Aiutami, in questo graduale distacco dalle cose terrene, a cogliere il significato della legge del tempo.<br\/>Insegnami, nell'avvicendarsi del lavoro e dei lavoratori, a discernere l'espressione sorprendente del costante rinnovamento della vita sotto l'impulso della Tua provvidenza.<\/p>\n\n<p>E ti chiedo, Signore, di permettermi di essere ancora utile - di contribuire al mondo con il mio ottimismo, di aggiungere le mie preghiere al fervore gioioso e al coraggio di coloro che ora sono al timone.<\/p>\n\n<p>Che il mio stile di vita diventi ora un contatto umile e pacifico con un mondo che cambia, senza versare lacrime per il passato, facendo della mia sofferenza umana un dono di riparazione per tutti i miei fratelli e sorelle.<\/p>\n\n<p>Che la mia uscita dal campo d'azione sia semplice e naturale, come un tramonto radioso e pieno d'amore.<\/p>\n\n<p>Signore, perdonami se solo ora, nella mia tranquillit\u00e0, comincio a capire quanto mi ami, quanto mi hai aiutato.<br\/>E ora, finalmente, ho una chiara comprensione del gioioso destino che hai preparato per me, guidando i miei passi fin dal primo giorno della mia vita.<\/p>\n\n<p>Signore, insegnami a invecchiare... proprio cos\u00ec.<\/p>\n\n<p>Suor Egle Sepulcri<\/p>\n\n<p>Comunit\u00e0 del Quadraro - Roma  <\/p>\n\n<p>Provincia d'Europa<\/p>\n\n<div class=\"wp-block-group is-content-justification-left is-layout-constrained wp-container-core-group-is-layout-8c890d92 wp-block-group-is-layout-constrained\">\n<figure class=\"wp-block-gallery has-nested-images columns-1 is-cropped wp-block-gallery-1 is-layout-flex wp-block-gallery-is-layout-flex\">\n<figure class=\"wp-block-image alignleft size-large\"><img loading=\"lazy\" decoding=\"async\" width=\"1024\" height=\"461\" data-id=\"7015\" src=\"https:\/\/assumpta-eu.org\/wp-content\/uploads\/2026\/04\/Quadraro-community-1024x461.jpg\" alt=\"\" class=\"wp-image-7015\" srcset=\"https:\/\/assumpta-eu.org\/wp-content\/uploads\/2026\/04\/Quadraro-community-980x441.jpg 980w, https:\/\/assumpta-eu.org\/wp-content\/uploads\/2026\/04\/Quadraro-community-480x216.jpg 480w\" sizes=\"(min-width: 0px) and (max-width: 480px) 480px, (min-width: 481px) and (max-width: 980px) 980px, (min-width: 981px) 1024px, 100vw\" \/><\/figure>\n\n\n\n<figure class=\"wp-block-image alignleft size-large\"><img loading=\"lazy\" decoding=\"async\" width=\"1024\" height=\"461\" data-id=\"7031\" src=\"https:\/\/assumpta-eu.org\/wp-content\/uploads\/2026\/04\/IMG_20251023_175521-1024x461.jpg\" alt=\"\" class=\"wp-image-7031\" srcset=\"https:\/\/assumpta-eu.org\/wp-content\/uploads\/2026\/04\/IMG_20251023_175521-980x441.jpg 980w, https:\/\/assumpta-eu.org\/wp-content\/uploads\/2026\/04\/IMG_20251023_175521-480x216.jpg 480w\" sizes=\"(min-width: 0px) and (max-width: 480px) 480px, (min-width: 481px) and (max-width: 980px) 980px, (min-width: 981px) 1024px, 100vw\" \/><\/figure>\n<\/figure>\n<\/div>\n","protected":false},"excerpt":{"rendered":"<p>&#8220;\u00c8 un&#8217;opportunit\u00e0 che la vita ci offre per finire di crescere, per maturare&#8230; per nascere!Dobbiamo completare la nostra prima nascita costruendo, aprendo strade, superando difficolt\u00e0 e plasmando il nostro destino.Siamo sempre in genesi&#8230; la vita umana non \u00e8 strutturata per finire con la morte, ma per essere trasfigurata attraverso la morte&#8221;&#8211; Leonardo Boff La vecchiaia [&hellip;]<\/p>\n","protected":false},"author":3,"featured_media":7037,"comment_status":"closed","ping_status":"closed","sticky":false,"template":"","format":"standard","meta":{"footnotes":""},"categories":[45,36],"tags":[],"class_list":["post-7049","post","type-post","status-publish","format-standard","has-post-thumbnail","hentry","category-italia","category-provincia-deuropa"],"yoast_head":"<!-- This site is optimized with the Yoast SEO plugin v27.5 - https:\/\/yoast.com\/product\/yoast-seo-wordpress\/ -->\n<title>Un tramonto radioso: La vecchiaia come un santo divenire - Religious of the Assumption &gt; Province of Europe<\/title>\n<meta name=\"robots\" content=\"index, follow, max-snippet:-1, max-image-preview:large, max-video-preview:-1\" \/>\n<link rel=\"canonical\" href=\"https:\/\/assumpta-eu.org\/it\/un-tramonto-radioso-la-vecchiaia-come-un-santo-divenire\/\" \/>\n<meta property=\"og:locale\" content=\"it_IT\" \/>\n<meta property=\"og:type\" content=\"article\" \/>\n<meta property=\"og:title\" content=\"Un tramonto radioso: La vecchiaia come un santo divenire - Religious of the Assumption &gt; Province of Europe\" \/>\n<meta property=\"og:description\" content=\"&#8220;\u00c8 un&#8217;opportunit\u00e0 che la vita ci offre per finire di crescere, per maturare&#8230; per nascere!Dobbiamo completare la nostra prima nascita costruendo, aprendo strade, superando difficolt\u00e0 e plasmando il nostro destino.Siamo sempre in genesi&#8230; la vita umana non \u00e8 strutturata per finire con la morte, ma per essere trasfigurata attraverso la morte&#8221;&#8211; Leonardo Boff La vecchiaia [&hellip;]\" \/>\n<meta property=\"og:url\" content=\"https:\/\/assumpta-eu.org\/it\/un-tramonto-radioso-la-vecchiaia-come-un-santo-divenire\/\" \/>\n<meta property=\"og:site_name\" content=\"Religious of the Assumption &gt; Province of Europe\" \/>\n<meta property=\"article:publisher\" content=\"http:\/\/www.facebook.com\/assumptionUK\" \/>\n<meta property=\"article:published_time\" content=\"2026-04-09T10:13:01+00:00\" \/>\n<meta property=\"article:modified_time\" content=\"2026-04-09T10:23:09+00:00\" \/>\n<meta property=\"og:image\" content=\"https:\/\/assumpta-eu.org\/wp-content\/uploads\/2026\/04\/IMG_20250727_104844-scaled-e1775729975179.jpg\" \/>\n\t<meta property=\"og:image:width\" content=\"1152\" \/>\n\t<meta property=\"og:image:height\" content=\"2560\" \/>\n\t<meta property=\"og:image:type\" content=\"image\/jpeg\" \/>\n<meta name=\"author\" content=\"Francesca\" \/>\n<meta name=\"twitter:card\" content=\"summary_large_image\" \/>\n<meta name=\"twitter:creator\" content=\"@AssumptionRA\" \/>\n<meta name=\"twitter:site\" content=\"@AssumptionRA\" \/>\n<meta name=\"twitter:label1\" content=\"Scritto da\" \/>\n\t<meta name=\"twitter:data1\" content=\"Francesca\" \/>\n\t<meta name=\"twitter:label2\" content=\"Tempo di lettura stimato\" \/>\n\t<meta name=\"twitter:data2\" content=\"3 minuti\" \/>\n<script type=\"application\/ld+json\" class=\"yoast-schema-graph\">{\"@context\":\"https:\\\/\\\/schema.org\",\"@graph\":[{\"@type\":\"Article\",\"@id\":\"https:\\\/\\\/assumpta-eu.org\\\/it\\\/un-tramonto-radioso-la-vecchiaia-come-un-santo-divenire\\\/#article\",\"isPartOf\":{\"@id\":\"https:\\\/\\\/assumpta-eu.org\\\/it\\\/un-tramonto-radioso-la-vecchiaia-come-un-santo-divenire\\\/\"},\"author\":{\"name\":\"Francesca\",\"@id\":\"https:\\\/\\\/assumpta-eu.org\\\/it\\\/#\\\/schema\\\/person\\\/e88c33b9055ec5800b6adec01e18116f\"},\"headline\":\"Un tramonto radioso: La vecchiaia come un santo divenire\",\"datePublished\":\"2026-04-09T10:13:01+00:00\",\"dateModified\":\"2026-04-09T10:23:09+00:00\",\"mainEntityOfPage\":{\"@id\":\"https:\\\/\\\/assumpta-eu.org\\\/it\\\/un-tramonto-radioso-la-vecchiaia-come-un-santo-divenire\\\/\"},\"wordCount\":679,\"publisher\":{\"@id\":\"https:\\\/\\\/assumpta-eu.org\\\/it\\\/#organization\"},\"image\":{\"@id\":\"https:\\\/\\\/assumpta-eu.org\\\/it\\\/un-tramonto-radioso-la-vecchiaia-come-un-santo-divenire\\\/#primaryimage\"},\"thumbnailUrl\":\"https:\\\/\\\/assumpta-eu.org\\\/wp-content\\\/uploads\\\/2026\\\/04\\\/IMG_20250727_104844-scaled-e1775729975179.jpg\",\"articleSection\":[\"Italia\",\"Provincia d'Europa\"],\"inLanguage\":\"it-IT\"},{\"@type\":\"WebPage\",\"@id\":\"https:\\\/\\\/assumpta-eu.org\\\/it\\\/un-tramonto-radioso-la-vecchiaia-come-un-santo-divenire\\\/\",\"url\":\"https:\\\/\\\/assumpta-eu.org\\\/it\\\/un-tramonto-radioso-la-vecchiaia-come-un-santo-divenire\\\/\",\"name\":\"Un tramonto radioso: La vecchiaia come un santo divenire - Religious of the Assumption &gt; Province of Europe\",\"isPartOf\":{\"@id\":\"https:\\\/\\\/assumpta-eu.org\\\/it\\\/#website\"},\"primaryImageOfPage\":{\"@id\":\"https:\\\/\\\/assumpta-eu.org\\\/it\\\/un-tramonto-radioso-la-vecchiaia-come-un-santo-divenire\\\/#primaryimage\"},\"image\":{\"@id\":\"https:\\\/\\\/assumpta-eu.org\\\/it\\\/un-tramonto-radioso-la-vecchiaia-come-un-santo-divenire\\\/#primaryimage\"},\"thumbnailUrl\":\"https:\\\/\\\/assumpta-eu.org\\\/wp-content\\\/uploads\\\/2026\\\/04\\\/IMG_20250727_104844-scaled-e1775729975179.jpg\",\"datePublished\":\"2026-04-09T10:13:01+00:00\",\"dateModified\":\"2026-04-09T10:23:09+00:00\",\"breadcrumb\":{\"@id\":\"https:\\\/\\\/assumpta-eu.org\\\/it\\\/un-tramonto-radioso-la-vecchiaia-come-un-santo-divenire\\\/#breadcrumb\"},\"inLanguage\":\"it-IT\",\"potentialAction\":[{\"@type\":\"ReadAction\",\"target\":[\"https:\\\/\\\/assumpta-eu.org\\\/it\\\/un-tramonto-radioso-la-vecchiaia-come-un-santo-divenire\\\/\"]}]},{\"@type\":\"ImageObject\",\"inLanguage\":\"it-IT\",\"@id\":\"https:\\\/\\\/assumpta-eu.org\\\/it\\\/un-tramonto-radioso-la-vecchiaia-come-un-santo-divenire\\\/#primaryimage\",\"url\":\"https:\\\/\\\/assumpta-eu.org\\\/wp-content\\\/uploads\\\/2026\\\/04\\\/IMG_20250727_104844-scaled-e1775729975179.jpg\",\"contentUrl\":\"https:\\\/\\\/assumpta-eu.org\\\/wp-content\\\/uploads\\\/2026\\\/04\\\/IMG_20250727_104844-scaled-e1775729975179.jpg\",\"width\":1152,\"height\":2560},{\"@type\":\"BreadcrumbList\",\"@id\":\"https:\\\/\\\/assumpta-eu.org\\\/it\\\/un-tramonto-radioso-la-vecchiaia-come-un-santo-divenire\\\/#breadcrumb\",\"itemListElement\":[{\"@type\":\"ListItem\",\"position\":1,\"name\":\"Home\",\"item\":\"https:\\\/\\\/assumpta-eu.org\\\/it\\\/\"},{\"@type\":\"ListItem\",\"position\":2,\"name\":\"Un tramonto radioso: La vecchiaia come un santo divenire\"}]},{\"@type\":\"WebSite\",\"@id\":\"https:\\\/\\\/assumpta-eu.org\\\/it\\\/#website\",\"url\":\"https:\\\/\\\/assumpta-eu.org\\\/it\\\/\",\"name\":\"Province of Europe of the Religious of the Assumption\",\"description\":\"Make Christ known and loved\",\"publisher\":{\"@id\":\"https:\\\/\\\/assumpta-eu.org\\\/it\\\/#organization\"},\"potentialAction\":[{\"@type\":\"SearchAction\",\"target\":{\"@type\":\"EntryPoint\",\"urlTemplate\":\"https:\\\/\\\/assumpta-eu.org\\\/it\\\/?s={search_term_string}\"},\"query-input\":{\"@type\":\"PropertyValueSpecification\",\"valueRequired\":true,\"valueName\":\"search_term_string\"}}],\"inLanguage\":\"it-IT\"},{\"@type\":\"Organization\",\"@id\":\"https:\\\/\\\/assumpta-eu.org\\\/it\\\/#organization\",\"name\":\"Religious of the Assumption\",\"url\":\"https:\\\/\\\/assumpta-eu.org\\\/it\\\/\",\"logo\":{\"@type\":\"ImageObject\",\"inLanguage\":\"it-IT\",\"@id\":\"https:\\\/\\\/assumpta-eu.org\\\/it\\\/#\\\/schema\\\/logo\\\/image\\\/\",\"url\":\"https:\\\/\\\/assumpta-eu.org\\\/wp-content\\\/uploads\\\/2023\\\/06\\\/RA-EU-logos-02.png\",\"contentUrl\":\"https:\\\/\\\/assumpta-eu.org\\\/wp-content\\\/uploads\\\/2023\\\/06\\\/RA-EU-logos-02.png\",\"width\":705,\"height\":729,\"caption\":\"Religious of the Assumption\"},\"image\":{\"@id\":\"https:\\\/\\\/assumpta-eu.org\\\/it\\\/#\\\/schema\\\/logo\\\/image\\\/\"},\"sameAs\":[\"http:\\\/\\\/www.facebook.com\\\/assumptionUK\",\"https:\\\/\\\/x.com\\\/AssumptionRA\",\"http:\\\/\\\/www.instagram.com\\\/assumptionuk\"]},{\"@type\":\"Person\",\"@id\":\"https:\\\/\\\/assumpta-eu.org\\\/it\\\/#\\\/schema\\\/person\\\/e88c33b9055ec5800b6adec01e18116f\",\"name\":\"Francesca\",\"image\":{\"@type\":\"ImageObject\",\"inLanguage\":\"it-IT\",\"@id\":\"https:\\\/\\\/secure.gravatar.com\\\/avatar\\\/c6889456abf47fb76d7dcee6159de1147a3745ed8e1b111a451cf072ad9a8b66?s=96&d=mm&r=g\",\"url\":\"https:\\\/\\\/secure.gravatar.com\\\/avatar\\\/c6889456abf47fb76d7dcee6159de1147a3745ed8e1b111a451cf072ad9a8b66?s=96&d=mm&r=g\",\"contentUrl\":\"https:\\\/\\\/secure.gravatar.com\\\/avatar\\\/c6889456abf47fb76d7dcee6159de1147a3745ed8e1b111a451cf072ad9a8b66?s=96&d=mm&r=g\",\"caption\":\"Francesca\"},\"url\":\"https:\\\/\\\/assumpta-eu.org\\\/it\\\/author\\\/francesca\\\/\"}]}<\/script>\n<!-- \/ Yoast SEO plugin. -->","yoast_head_json":{"title":"Un tramonto radioso: La vecchiaia come un santo divenire - Religious of the Assumption &gt; Province of Europe","robots":{"index":"index","follow":"follow","max-snippet":"max-snippet:-1","max-image-preview":"max-image-preview:large","max-video-preview":"max-video-preview:-1"},"canonical":"https:\/\/assumpta-eu.org\/it\/un-tramonto-radioso-la-vecchiaia-come-un-santo-divenire\/","og_locale":"it_IT","og_type":"article","og_title":"Un tramonto radioso: La vecchiaia come un santo divenire - Religious of the Assumption &gt; Province of Europe","og_description":"&#8220;\u00c8 un&#8217;opportunit\u00e0 che la vita ci offre per finire di crescere, per maturare&#8230; per nascere!Dobbiamo completare la nostra prima nascita costruendo, aprendo strade, superando difficolt\u00e0 e plasmando il nostro destino.Siamo sempre in genesi&#8230; la vita umana non \u00e8 strutturata per finire con la morte, ma per essere trasfigurata attraverso la morte&#8221;&#8211; Leonardo Boff La vecchiaia [&hellip;]","og_url":"https:\/\/assumpta-eu.org\/it\/un-tramonto-radioso-la-vecchiaia-come-un-santo-divenire\/","og_site_name":"Religious of the Assumption &gt; Province of Europe","article_publisher":"http:\/\/www.facebook.com\/assumptionUK","article_published_time":"2026-04-09T10:13:01+00:00","article_modified_time":"2026-04-09T10:23:09+00:00","og_image":[{"width":1152,"height":2560,"url":"https:\/\/assumpta-eu.org\/wp-content\/uploads\/2026\/04\/IMG_20250727_104844-scaled-e1775729975179.jpg","type":"image\/jpeg"}],"author":"Francesca","twitter_card":"summary_large_image","twitter_creator":"@AssumptionRA","twitter_site":"@AssumptionRA","twitter_misc":{"Scritto da":"Francesca","Tempo di lettura stimato":"3 minuti"},"schema":{"@context":"https:\/\/schema.org","@graph":[{"@type":"Article","@id":"https:\/\/assumpta-eu.org\/it\/un-tramonto-radioso-la-vecchiaia-come-un-santo-divenire\/#article","isPartOf":{"@id":"https:\/\/assumpta-eu.org\/it\/un-tramonto-radioso-la-vecchiaia-come-un-santo-divenire\/"},"author":{"name":"Francesca","@id":"https:\/\/assumpta-eu.org\/it\/#\/schema\/person\/e88c33b9055ec5800b6adec01e18116f"},"headline":"Un tramonto radioso: La vecchiaia come un santo divenire","datePublished":"2026-04-09T10:13:01+00:00","dateModified":"2026-04-09T10:23:09+00:00","mainEntityOfPage":{"@id":"https:\/\/assumpta-eu.org\/it\/un-tramonto-radioso-la-vecchiaia-come-un-santo-divenire\/"},"wordCount":679,"publisher":{"@id":"https:\/\/assumpta-eu.org\/it\/#organization"},"image":{"@id":"https:\/\/assumpta-eu.org\/it\/un-tramonto-radioso-la-vecchiaia-come-un-santo-divenire\/#primaryimage"},"thumbnailUrl":"https:\/\/assumpta-eu.org\/wp-content\/uploads\/2026\/04\/IMG_20250727_104844-scaled-e1775729975179.jpg","articleSection":["Italia","Provincia d'Europa"],"inLanguage":"it-IT"},{"@type":"WebPage","@id":"https:\/\/assumpta-eu.org\/it\/un-tramonto-radioso-la-vecchiaia-come-un-santo-divenire\/","url":"https:\/\/assumpta-eu.org\/it\/un-tramonto-radioso-la-vecchiaia-come-un-santo-divenire\/","name":"Un tramonto radioso: La vecchiaia come un santo divenire - Religious of the Assumption &gt; Province of Europe","isPartOf":{"@id":"https:\/\/assumpta-eu.org\/it\/#website"},"primaryImageOfPage":{"@id":"https:\/\/assumpta-eu.org\/it\/un-tramonto-radioso-la-vecchiaia-come-un-santo-divenire\/#primaryimage"},"image":{"@id":"https:\/\/assumpta-eu.org\/it\/un-tramonto-radioso-la-vecchiaia-come-un-santo-divenire\/#primaryimage"},"thumbnailUrl":"https:\/\/assumpta-eu.org\/wp-content\/uploads\/2026\/04\/IMG_20250727_104844-scaled-e1775729975179.jpg","datePublished":"2026-04-09T10:13:01+00:00","dateModified":"2026-04-09T10:23:09+00:00","breadcrumb":{"@id":"https:\/\/assumpta-eu.org\/it\/un-tramonto-radioso-la-vecchiaia-come-un-santo-divenire\/#breadcrumb"},"inLanguage":"it-IT","potentialAction":[{"@type":"ReadAction","target":["https:\/\/assumpta-eu.org\/it\/un-tramonto-radioso-la-vecchiaia-come-un-santo-divenire\/"]}]},{"@type":"ImageObject","inLanguage":"it-IT","@id":"https:\/\/assumpta-eu.org\/it\/un-tramonto-radioso-la-vecchiaia-come-un-santo-divenire\/#primaryimage","url":"https:\/\/assumpta-eu.org\/wp-content\/uploads\/2026\/04\/IMG_20250727_104844-scaled-e1775729975179.jpg","contentUrl":"https:\/\/assumpta-eu.org\/wp-content\/uploads\/2026\/04\/IMG_20250727_104844-scaled-e1775729975179.jpg","width":1152,"height":2560},{"@type":"BreadcrumbList","@id":"https:\/\/assumpta-eu.org\/it\/un-tramonto-radioso-la-vecchiaia-come-un-santo-divenire\/#breadcrumb","itemListElement":[{"@type":"ListItem","position":1,"name":"Home","item":"https:\/\/assumpta-eu.org\/it\/"},{"@type":"ListItem","position":2,"name":"Un tramonto radioso: La vecchiaia come un santo divenire"}]},{"@type":"WebSite","@id":"https:\/\/assumpta-eu.org\/it\/#website","url":"https:\/\/assumpta-eu.org\/it\/","name":"Province of Europe of the Religious of the Assumption","description":"Make Christ known and loved","publisher":{"@id":"https:\/\/assumpta-eu.org\/it\/#organization"},"potentialAction":[{"@type":"SearchAction","target":{"@type":"EntryPoint","urlTemplate":"https:\/\/assumpta-eu.org\/it\/?s={search_term_string}"},"query-input":{"@type":"PropertyValueSpecification","valueRequired":true,"valueName":"search_term_string"}}],"inLanguage":"it-IT"},{"@type":"Organization","@id":"https:\/\/assumpta-eu.org\/it\/#organization","name":"Religious of the Assumption","url":"https:\/\/assumpta-eu.org\/it\/","logo":{"@type":"ImageObject","inLanguage":"it-IT","@id":"https:\/\/assumpta-eu.org\/it\/#\/schema\/logo\/image\/","url":"https:\/\/assumpta-eu.org\/wp-content\/uploads\/2023\/06\/RA-EU-logos-02.png","contentUrl":"https:\/\/assumpta-eu.org\/wp-content\/uploads\/2023\/06\/RA-EU-logos-02.png","width":705,"height":729,"caption":"Religious of the Assumption"},"image":{"@id":"https:\/\/assumpta-eu.org\/it\/#\/schema\/logo\/image\/"},"sameAs":["http:\/\/www.facebook.com\/assumptionUK","https:\/\/x.com\/AssumptionRA","http:\/\/www.instagram.com\/assumptionuk"]},{"@type":"Person","@id":"https:\/\/assumpta-eu.org\/it\/#\/schema\/person\/e88c33b9055ec5800b6adec01e18116f","name":"Francesca","image":{"@type":"ImageObject","inLanguage":"it-IT","@id":"https:\/\/secure.gravatar.com\/avatar\/c6889456abf47fb76d7dcee6159de1147a3745ed8e1b111a451cf072ad9a8b66?s=96&d=mm&r=g","url":"https:\/\/secure.gravatar.com\/avatar\/c6889456abf47fb76d7dcee6159de1147a3745ed8e1b111a451cf072ad9a8b66?s=96&d=mm&r=g","contentUrl":"https:\/\/secure.gravatar.com\/avatar\/c6889456abf47fb76d7dcee6159de1147a3745ed8e1b111a451cf072ad9a8b66?s=96&d=mm&r=g","caption":"Francesca"},"url":"https:\/\/assumpta-eu.org\/it\/author\/francesca\/"}]}},"_links":{"self":[{"href":"https:\/\/assumpta-eu.org\/it\/wp-json\/wp\/v2\/posts\/7049","targetHints":{"allow":["GET"]}}],"collection":[{"href":"https:\/\/assumpta-eu.org\/it\/wp-json\/wp\/v2\/posts"}],"about":[{"href":"https:\/\/assumpta-eu.org\/it\/wp-json\/wp\/v2\/types\/post"}],"author":[{"embeddable":true,"href":"https:\/\/assumpta-eu.org\/it\/wp-json\/wp\/v2\/users\/3"}],"replies":[{"embeddable":true,"href":"https:\/\/assumpta-eu.org\/it\/wp-json\/wp\/v2\/comments?post=7049"}],"version-history":[{"count":2,"href":"https:\/\/assumpta-eu.org\/it\/wp-json\/wp\/v2\/posts\/7049\/revisions"}],"predecessor-version":[{"id":7051,"href":"https:\/\/assumpta-eu.org\/it\/wp-json\/wp\/v2\/posts\/7049\/revisions\/7051"}],"wp:featuredmedia":[{"embeddable":true,"href":"https:\/\/assumpta-eu.org\/it\/wp-json\/wp\/v2\/media\/7037"}],"wp:attachment":[{"href":"https:\/\/assumpta-eu.org\/it\/wp-json\/wp\/v2\/media?parent=7049"}],"wp:term":[{"taxonomy":"category","embeddable":true,"href":"https:\/\/assumpta-eu.org\/it\/wp-json\/wp\/v2\/categories?post=7049"},{"taxonomy":"post_tag","embeddable":true,"href":"https:\/\/assumpta-eu.org\/it\/wp-json\/wp\/v2\/tags?post=7049"}],"curies":[{"name":"wp","href":"https:\/\/api.w.org\/{rel}","templated":true}]}}