{"id":6997,"date":"2026-03-03T17:09:51","date_gmt":"2026-03-03T16:09:51","guid":{"rendered":"https:\/\/assumpta-eu.org\/visibilita-nella-piazza-pubblica\/"},"modified":"2026-04-09T16:25:33","modified_gmt":"2026-04-09T14:25:33","slug":"visibilita-nella-piazza-pubblica","status":"publish","type":"post","link":"https:\/\/assumpta-eu.org\/it\/visibilita-nella-piazza-pubblica\/","title":{"rendered":"Visibilit\u00e0 sulla piazza pubblica"},"content":{"rendered":"\n<p><em>Una citt\u00e0 posta su un&#8217;altura non pu\u00f2 essere nascosta (Matteo 5:14) &#8211; una luce che tutti possono vedere<\/em><\/p>\n\n\n\n<h2 class=\"wp-block-heading\">Cappella di Kensington<\/h2>\n\n\n\n<p>Alla cappella di Kensington si accede direttamente dalla strada. Le persone possono entrare, a volte per curiosit\u00e0, ma pi\u00f9 spesso per pregare. Spesso i curiosi si fermano prima dall&#8217;altra parte della strada per scattare delle fotografie.  <\/p>\n\n\n\n<p>Entrando dall&#8217;ingresso, ci si trova di fronte a un alto schermo di sicurezza in vetro, su cui \u00e8 inciso lo stemma dell&#8217;Istituto Magistrale Maria Assumpta.[2] C&#8217;\u00e8 spazio per un solo banco su entrambi i lati. Una tale disponibilit\u00e0 durante le ore diurne \u00e8 un bene raro nel nostro paese, attento alla sicurezza e in netto contrasto con la nostra infanzia. A quei tempi, le chiese cattoliche erano aperte a tutti e a scuola ci veniva insegnato che era buona norma visitare Ges\u00f9 nel Santissimo Sacramento. Anche nell&#8217;era secolare di oggi, si possono ancora vedere persone che si incrociano davanti a una chiesa.    <\/p>\n\n\n\n<p>I tempi cambiano. La comunit\u00e0 di Kensington, con un&#8217;et\u00e0 media di 84 anni, ha assistito a notevoli cambiamenti. Eppure continuiamo a trovare nuovi modi per esprimere il nostro impegno totale verso Cristo: questa rimane la nostra missione. Maria Eugenia arriv\u00f2 a Londra nel 1857 per supervisionare la fondazione. Scelse il sito &#8211; prima a Earls Court e poi, nel 1859, a Kensington Square &#8211; e supervision\u00f2 i progetti di costruzione. Furono questi progetti a dare alla cappella una posizione pubblica di rilievo.[3] Quando consult\u00f2 il Cardinale Wiseman, questi chiese se l&#8217;adorazione del Santissimo Sacramento potesse essere resa pubblica. Cos\u00ec iniziammo e cos\u00ec continuiamo ancora oggi.       <\/p>\n\n\n\n<hr class=\"wp-block-separator has-alpha-channel-opacity\"\/>\n\n\n\n<h2 class=\"wp-block-heading\">Congregazione per la messa domenicale<\/h2>\n\n\n\n<p>La cappella non \u00e8 solo per la preghiera individuale. La domenica e nei giorni di festa accogliamo una congregazione, anche se, con due grandi parrocchie alle nostre porte, non funzioniamo come una parrocchia. Oggi molti cattolici londinesi scelgono la comunit\u00e0 parrocchiale che desiderano sostenere.  <\/p>\n\n\n\n<p>Le persone sono venute alla nostra Messa domenicale grazie alla celebrazione riverente della liturgia e alla benedizione di una buona predicazione. Gli espatriati che lavorano a Londra hanno trovato qui un sostegno reciproco e con il tempo siamo diventati noti come una comunit\u00e0 a misura di bambino. A volte ci fanno visita ex membri che tornano con i loro figli e nipoti ormai cresciuti. Oggi la nostra congregazione, pi\u00f9 piccola e pi\u00f9 anziana, \u00e8 servita da Padre Vlad, pensionato ma pieno di energia.   <\/p>\n\n\n\n<hr class=\"wp-block-separator has-alpha-channel-opacity\"\/>\n\n\n\n<h2 class=\"wp-block-heading\">Altri gruppi<\/h2>\n\n\n\n<p>Mentre l&#8217;adorazione del Santissimo Sacramento rimane il filo conduttore che ci lega alla nostra fondazione, la cappella ha servito molti gruppi diversi nel corso degli anni. Si va dai bambini dei collegi originari e altre iniziative educative, passando per gli anni della formazione degli insegnanti (1946-1978), fino al Centro Pastorale ed Educativo Maria Assumpta (dal 1978 in poi), che offriva ospitalit\u00e0 residenziale nel campus insieme a strutture per ritiri e conferenze per gruppi esterni.[4]<\/p>\n\n\n\n<p>La situazione \u00e8 cambiata significativamente nel 2009, quando i gesuiti inglesi hanno acquistato circa due terzi del sito &#8211; che si estende dalla cappella alla ferrovia &#8211; per espandere le loro strutture teologiche. Di conseguenza, il Centro Pastorale ed Educativo Maria Assumpta \u00e8 stato chiuso e Assunzione Kensington ha rinunciato all&#8217;indirizzo 23 Kensington Square, diventando un&#8217;entit\u00e0 pi\u00f9 piccola insieme all&#8217;Heythrop College. Di conseguenza, la nostra capacit\u00e0 di ospitare gruppi si \u00e8 ridotta a quanto poteva essere ospitato nella Milleret House. Per sostenere questa transizione, abbiamo nominato una donna laica per supervisionare le prenotazioni della cappella e delle conferenze.   <\/p>\n\n\n\n<p>Oggi continuiamo a offrire un&#8217;ospitalit\u00e0 pi\u00f9 modesta. Ci\u00f2 \u00e8 reso possibile da Pam Charlton, la nostra segretaria per le prenotazioni, e da Suor Anna Kristina, la nostra sacrestana sempre accogliente e disponibile. I gruppi che utilizzano la cappella apprezzano l&#8217;opzione di riservare il piano terra della Casa Milleret per la comunione; alcuni lo usano per ritiri di un giorno, altri come spazio per le conferenze.  <\/p>\n\n\n\n<hr class=\"wp-block-separator has-alpha-channel-opacity\"\/>\n\n\n\n<h3 class=\"wp-block-heading\">Servizio Caritas per sordi &#8211; Diocesi di Westminster<\/h3>\n\n\n\n<p>Ogni Settimana Santa accogliamo il gruppo Caritas dei sordi. Le liturgie sono accompagnate dal linguaggio dei segni e coloro che leggono le labbra sono in grado di seguire le letture delle Scritture proclamate in modo chiaro. La nostra comunit\u00e0 apprezza l&#8217;invito a partecipare a queste funzioni del Triduo. Tra una liturgia e l&#8217;altra, il gruppo si riunisce a Milleret per fare amicizia.   <\/p>\n\n\n\n<p>Non tutti i gruppi richiedono l&#8217;uso della Casa Milleret. Un esempio di comunit\u00e0 &#8220;solo cappella&#8221; \u00e8 il gruppo ortodosso antiocheno, che non ha ancora una propria sede. Siamo lieti di continuare questa attivit\u00e0 ecumenica. Per molti anni abbiamo ospitato anche la Chiesa Copta Ortodossa, fino a quando non si \u00e8 assicurata un proprio edificio religioso.   <\/p>\n\n\n\n<hr class=\"wp-block-separator has-alpha-channel-opacity\"\/>\n\n\n\n<h3 class=\"wp-block-heading\">Societ\u00e0 Cattolica &#8211; Imperial College di Londra<\/h3>\n\n\n\n<p>Siamo particolarmente contenti quando i giovani si riuniscono qui. Durante il periodo scolastico, la Societ\u00e0 Cattolica dell&#8217;Imperial College si riunisce una volta al mese per la Messa e un rinfresco. Sono accompagnati da Suor Carolyn, che lavora come cappellano universitario a Londra.  <\/p>\n\n\n\n<p>Tra i nostri giovani utenti, i volontari di Assunzione e il gruppo dei giovani adulti sono i pi\u00f9 importanti. La nostra coordinatrice dei volontari, Anne-Marie Salgo, si occupa della formazione e della supervisione dei volontari che prestano servizio sia in patria che all&#8217;estero. Rebecca de Souza, la nostra coordinatrice dei giovani adulti, prepara un programma annuale pensato per nutrire la fede dei giovani adulti. Le informazioni sugli eventi vengono condivise tramite il sito web.   <\/p>\n\n\n\n<p>Durante la festa dell&#8217;Assunzione, ad esempio, i giovani adulti si riuniscono intorno all&#8217;altare mariano sul retro della cappella per ascoltare una conferenza tenuta da Suor Cathy.<\/p>\n\n\n\n<hr class=\"wp-block-separator has-alpha-channel-opacity\"\/>\n\n\n\n<p>Il carattere multiculturale di Londra fa s\u00ec che gruppi cristiani di diverse origini cerchino luoghi in cui riunirsi. Per molti anni abbiamo ospitato la comunit\u00e0 polacca; come i copti ortodossi, ora si sono trasferiti nella loro chiesa. Attualmente siamo lieti di accogliere un gruppo di giovani coreani che si riuniscono quindicinalmente per la Messa domenicale.  <\/p>\n\n\n\n<p>Un gruppo importante che utilizza sia la cappella che la Casa Milleret \u00e8 una comunit\u00e0 di giovani professionisti noti come &#8220;I puri di cuore&#8221;, che si riuniscono per pregare e stare insieme.<\/p>\n\n\n\n<hr class=\"wp-block-separator has-alpha-channel-opacity\"\/>\n\n\n\n<p>Di recente ci \u00e8 stato chiesto quali tipi di gruppi siamo in grado di accogliere nella cappella e nella Casa Milleret; questa panoramica offre un&#8217;idea della nostra missione attuale. Come molti altri, siamo stati colpiti dalla pandemia e solo tre dei nostri gruppi pre-pandemia continuano a riunirsi con noi. <\/p>\n\n\n\n<p>Prima di concludere, \u00e8 necessario sottolineare quanto la cappella sia centrale per la comunit\u00e0 di Kensington. Anche se abbiamo un oratorio al terzo piano di Milleret House,[6] la cappella \u00e8 il nostro luogo di preghiera principale. Qui le suore si riuniscono ogni giorno; occasionalmente viene celebrata la Messa nei giorni feriali e la maggior parte dell&#8217;Ufficio Divino viene recitato in coro. Questa preghiera, spesso visibile attraverso il paravento, \u00e8 essa stessa una testimonianza silenziosa.   <\/p>\n\n\n\n<p>Ad Assunzione Kensington Square, la visibilit\u00e0 nella piazza pubblica non \u00e8 semplicemente un&#8217;idea, ma una realt\u00e0 vissuta.<\/p>\n\n\n\n<hr class=\"wp-block-separator has-alpha-channel-opacity\"\/>\n\n\n\n<p>Foto Sr Anna Kristina<br>Testo Sr Mary Anne<\/p>\n\n\n\n<figure class=\"wp-block-gallery has-nested-images columns-default is-cropped wp-block-gallery-1 is-layout-flex wp-block-gallery-is-layout-flex\">\n<figure class=\"wp-block-image size-large\"><img loading=\"lazy\" decoding=\"async\" width=\"722\" height=\"1024\" data-id=\"6983\" src=\"https:\/\/assumpta-eu.org\/wp-content\/uploads\/2026\/03\/Assumption-Mexico-School-722x1024.jpg\" alt=\"\" class=\"wp-image-6983\"\/><\/figure>\n\n\n\n<figure class=\"wp-block-image size-large\"><img loading=\"lazy\" decoding=\"async\" width=\"762\" height=\"1024\" data-id=\"6979\" src=\"https:\/\/assumpta-eu.org\/wp-content\/uploads\/2026\/03\/Adoration-Then-762x1024.jpg\" alt=\"\" class=\"wp-image-6979\"\/><figcaption class=\"wp-element-caption\">I<\/figcaption><\/figure>\n\n\n\n<figure class=\"wp-block-image size-large\"><img loading=\"lazy\" decoding=\"async\" width=\"1024\" height=\"769\" data-id=\"6975\" src=\"https:\/\/assumpta-eu.org\/wp-content\/uploads\/2026\/03\/Adoration-now-Option-2-1024x769.jpg\" alt=\"\" class=\"wp-image-6975\" srcset=\"https:\/\/assumpta-eu.org\/wp-content\/uploads\/2026\/03\/Adoration-now-Option-2-980x735.jpg 980w, https:\/\/assumpta-eu.org\/wp-content\/uploads\/2026\/03\/Adoration-now-Option-2-480x360.jpg 480w\" sizes=\"(min-width: 0px) and (max-width: 480px) 480px, (min-width: 481px) and (max-width: 980px) 980px, (min-width: 981px) 1024px, 100vw\" \/><\/figure>\n\n\n\n<figure class=\"wp-block-image size-large\"><img decoding=\"async\" data-id=\"6971\" src=\"https:\/\/assumpta-eu.org\/wp-content\/uploads\/2026\/03\/Adoration-now-Option-1-scaled-e1775744712213.jpg\" alt=\"\" class=\"wp-image-6971\"\/><\/figure>\n\n\n\n<figure class=\"wp-block-image size-large\"><img loading=\"lazy\" decoding=\"async\" width=\"1024\" height=\"768\" data-id=\"6967\" src=\"https:\/\/assumpta-eu.org\/wp-content\/uploads\/2026\/03\/Sr-Cathys-Talk-1024x768.jpg\" alt=\"\" class=\"wp-image-6967\" srcset=\"https:\/\/assumpta-eu.org\/wp-content\/uploads\/2026\/03\/Sr-Cathys-Talk-980x735.jpg 980w, https:\/\/assumpta-eu.org\/wp-content\/uploads\/2026\/03\/Sr-Cathys-Talk-480x360.jpg 480w\" sizes=\"(min-width: 0px) and (max-width: 480px) 480px, (min-width: 481px) and (max-width: 980px) 980px, (min-width: 981px) 1024px, 100vw\" \/><\/figure>\n\n\n\n<figure class=\"wp-block-image size-large\"><img loading=\"lazy\" decoding=\"async\" width=\"683\" height=\"1024\" data-id=\"6963\" src=\"https:\/\/assumpta-eu.org\/wp-content\/uploads\/2026\/03\/Pure-in-Heart-last-photo-683x1024.jpg\" alt=\"\" class=\"wp-image-6963\"\/><\/figure>\n\n\n\n<figure class=\"wp-block-image size-large\"><img loading=\"lazy\" decoding=\"async\" width=\"768\" height=\"1024\" data-id=\"6959\" src=\"https:\/\/assumpta-eu.org\/wp-content\/uploads\/2026\/03\/Picture-of-Orthodox-Group-768x1024.jpeg\" alt=\"\" class=\"wp-image-6959\"\/><\/figure>\n\n\n\n<figure class=\"wp-block-image size-large\"><img loading=\"lazy\" decoding=\"async\" width=\"1024\" height=\"768\" data-id=\"6955\" src=\"https:\/\/assumpta-eu.org\/wp-content\/uploads\/2026\/03\/Picture-of-Korean-Group-1024x768.jpeg\" alt=\"\" class=\"wp-image-6955\" srcset=\"https:\/\/assumpta-eu.org\/wp-content\/uploads\/2026\/03\/Picture-of-Korean-Group-980x735.jpeg 980w, https:\/\/assumpta-eu.org\/wp-content\/uploads\/2026\/03\/Picture-of-Korean-Group-480x360.jpeg 480w\" sizes=\"(min-width: 0px) and (max-width: 480px) 480px, (min-width: 481px) and (max-width: 980px) 980px, (min-width: 981px) 1024px, 100vw\" \/><\/figure>\n\n\n\n<figure class=\"wp-block-image size-large\"><img loading=\"lazy\" decoding=\"async\" width=\"1024\" height=\"769\" data-id=\"6951\" src=\"https:\/\/assumpta-eu.org\/wp-content\/uploads\/2026\/03\/Lecture-Assumption-Young-Adults-1024x769.jpeg\" alt=\"\" class=\"wp-image-6951\" srcset=\"https:\/\/assumpta-eu.org\/wp-content\/uploads\/2026\/03\/Lecture-Assumption-Young-Adults-980x736.jpeg 980w, https:\/\/assumpta-eu.org\/wp-content\/uploads\/2026\/03\/Lecture-Assumption-Young-Adults-480x360.jpeg 480w\" sizes=\"(min-width: 0px) and (max-width: 480px) 480px, (min-width: 481px) and (max-width: 980px) 980px, (min-width: 981px) 1024px, 100vw\" \/><\/figure>\n\n\n\n<figure class=\"wp-block-image size-large\"><img loading=\"lazy\" decoding=\"async\" width=\"1024\" height=\"724\" data-id=\"6947\" src=\"https:\/\/assumpta-eu.org\/wp-content\/uploads\/2026\/03\/Cathsoc-Imperial-College-London-University-1024x724.jpg\" alt=\"\" class=\"wp-image-6947\" srcset=\"https:\/\/assumpta-eu.org\/wp-content\/uploads\/2026\/03\/Cathsoc-Imperial-College-London-University-980x693.jpg 980w, https:\/\/assumpta-eu.org\/wp-content\/uploads\/2026\/03\/Cathsoc-Imperial-College-London-University-480x339.jpg 480w\" sizes=\"(min-width: 0px) and (max-width: 480px) 480px, (min-width: 481px) and (max-width: 980px) 980px, (min-width: 981px) 1024px, 100vw\" \/><\/figure>\n<\/figure>\n","protected":false},"excerpt":{"rendered":"<p>Una citt\u00e0 posta su un&#8217;altura non pu\u00f2 essere nascosta (Matteo 5:14) &#8211; una luce che tutti possono vedere Cappella di Kensington Alla cappella di Kensington si accede direttamente dalla strada. Le persone possono entrare, a volte per curiosit\u00e0, ma pi\u00f9 spesso per pregare. Spesso i curiosi si fermano prima dall&#8217;altra parte della strada per scattare [&hellip;]<\/p>\n","protected":false},"author":3,"featured_media":6973,"comment_status":"closed","ping_status":"closed","sticky":false,"template":"","format":"standard","meta":{"_et_pb_use_builder":"off","_et_pb_old_content":"","_et_gb_content_width":"","footnotes":""},"categories":[39,36],"tags":[],"class_list":["post-6997","post","type-post","status-publish","format-standard","has-post-thumbnail","hentry","category-inghilterra","category-provincia-deuropa"],"yoast_head":"<!-- This site is optimized with the Yoast SEO plugin v27.5 - https:\/\/yoast.com\/product\/yoast-seo-wordpress\/ -->\n<title>Visibilit\u00e0 sulla piazza pubblica - Religious of the Assumption &gt; Province of Europe<\/title>\n<meta name=\"robots\" content=\"index, follow, max-snippet:-1, max-image-preview:large, max-video-preview:-1\" \/>\n<link rel=\"canonical\" href=\"https:\/\/assumpta-eu.org\/it\/visibilita-nella-piazza-pubblica\/\" \/>\n<meta property=\"og:locale\" content=\"it_IT\" \/>\n<meta property=\"og:type\" content=\"article\" \/>\n<meta property=\"og:title\" content=\"Visibilit\u00e0 sulla piazza pubblica - Religious of the Assumption &gt; Province of Europe\" \/>\n<meta property=\"og:description\" content=\"Una citt\u00e0 posta su un&#8217;altura non pu\u00f2 essere nascosta (Matteo 5:14) &#8211; una luce che tutti possono vedere Cappella di Kensington Alla cappella di Kensington si accede direttamente dalla strada. Le persone possono entrare, a volte per curiosit\u00e0, ma pi\u00f9 spesso per pregare. Spesso i curiosi si fermano prima dall&#8217;altra parte della strada per scattare [&hellip;]\" \/>\n<meta property=\"og:url\" content=\"https:\/\/assumpta-eu.org\/it\/visibilita-nella-piazza-pubblica\/\" \/>\n<meta property=\"og:site_name\" content=\"Religious of the Assumption &gt; Province of Europe\" \/>\n<meta property=\"article:publisher\" content=\"http:\/\/www.facebook.com\/assumptionUK\" \/>\n<meta property=\"article:published_time\" content=\"2026-03-03T16:09:51+00:00\" \/>\n<meta property=\"article:modified_time\" content=\"2026-04-09T14:25:33+00:00\" \/>\n<meta property=\"og:image\" content=\"https:\/\/assumpta-eu.org\/wp-content\/uploads\/2026\/03\/Adoration-now-Option-1-scaled-e1775744712213.jpg\" \/>\n\t<meta property=\"og:image:width\" content=\"1920\" \/>\n\t<meta property=\"og:image:height\" content=\"1097\" \/>\n\t<meta property=\"og:image:type\" content=\"image\/jpeg\" \/>\n<meta name=\"author\" content=\"Francesca\" \/>\n<meta name=\"twitter:card\" content=\"summary_large_image\" \/>\n<meta name=\"twitter:creator\" content=\"@AssumptionRA\" \/>\n<meta name=\"twitter:site\" content=\"@AssumptionRA\" \/>\n<meta name=\"twitter:label1\" content=\"Scritto da\" \/>\n\t<meta name=\"twitter:data1\" content=\"Francesca\" \/>\n\t<meta name=\"twitter:label2\" content=\"Tempo di lettura stimato\" \/>\n\t<meta name=\"twitter:data2\" content=\"8 minuti\" \/>\n<script type=\"application\/ld+json\" class=\"yoast-schema-graph\">{\"@context\":\"https:\\\/\\\/schema.org\",\"@graph\":[{\"@type\":\"Article\",\"@id\":\"https:\\\/\\\/assumpta-eu.org\\\/it\\\/visibilita-nella-piazza-pubblica\\\/#article\",\"isPartOf\":{\"@id\":\"https:\\\/\\\/assumpta-eu.org\\\/it\\\/visibilita-nella-piazza-pubblica\\\/\"},\"author\":{\"name\":\"Francesca\",\"@id\":\"https:\\\/\\\/assumpta-eu.org\\\/it\\\/#\\\/schema\\\/person\\\/e88c33b9055ec5800b6adec01e18116f\"},\"headline\":\"Visibilit\u00e0 sulla piazza pubblica\",\"datePublished\":\"2026-03-03T16:09:51+00:00\",\"dateModified\":\"2026-04-09T14:25:33+00:00\",\"mainEntityOfPage\":{\"@id\":\"https:\\\/\\\/assumpta-eu.org\\\/it\\\/visibilita-nella-piazza-pubblica\\\/\"},\"wordCount\":1148,\"publisher\":{\"@id\":\"https:\\\/\\\/assumpta-eu.org\\\/it\\\/#organization\"},\"image\":{\"@id\":\"https:\\\/\\\/assumpta-eu.org\\\/it\\\/visibilita-nella-piazza-pubblica\\\/#primaryimage\"},\"thumbnailUrl\":\"https:\\\/\\\/assumpta-eu.org\\\/wp-content\\\/uploads\\\/2026\\\/03\\\/Adoration-now-Option-1-scaled-e1775744712213.jpg\",\"articleSection\":[\"Inghilterra\",\"Provincia d'Europa\"],\"inLanguage\":\"it-IT\"},{\"@type\":\"WebPage\",\"@id\":\"https:\\\/\\\/assumpta-eu.org\\\/it\\\/visibilita-nella-piazza-pubblica\\\/\",\"url\":\"https:\\\/\\\/assumpta-eu.org\\\/it\\\/visibilita-nella-piazza-pubblica\\\/\",\"name\":\"Visibilit\u00e0 sulla piazza pubblica - Religious of the Assumption &gt; Province of Europe\",\"isPartOf\":{\"@id\":\"https:\\\/\\\/assumpta-eu.org\\\/it\\\/#website\"},\"primaryImageOfPage\":{\"@id\":\"https:\\\/\\\/assumpta-eu.org\\\/it\\\/visibilita-nella-piazza-pubblica\\\/#primaryimage\"},\"image\":{\"@id\":\"https:\\\/\\\/assumpta-eu.org\\\/it\\\/visibilita-nella-piazza-pubblica\\\/#primaryimage\"},\"thumbnailUrl\":\"https:\\\/\\\/assumpta-eu.org\\\/wp-content\\\/uploads\\\/2026\\\/03\\\/Adoration-now-Option-1-scaled-e1775744712213.jpg\",\"datePublished\":\"2026-03-03T16:09:51+00:00\",\"dateModified\":\"2026-04-09T14:25:33+00:00\",\"breadcrumb\":{\"@id\":\"https:\\\/\\\/assumpta-eu.org\\\/it\\\/visibilita-nella-piazza-pubblica\\\/#breadcrumb\"},\"inLanguage\":\"it-IT\",\"potentialAction\":[{\"@type\":\"ReadAction\",\"target\":[\"https:\\\/\\\/assumpta-eu.org\\\/it\\\/visibilita-nella-piazza-pubblica\\\/\"]}]},{\"@type\":\"ImageObject\",\"inLanguage\":\"it-IT\",\"@id\":\"https:\\\/\\\/assumpta-eu.org\\\/it\\\/visibilita-nella-piazza-pubblica\\\/#primaryimage\",\"url\":\"https:\\\/\\\/assumpta-eu.org\\\/wp-content\\\/uploads\\\/2026\\\/03\\\/Adoration-now-Option-1-scaled-e1775744712213.jpg\",\"contentUrl\":\"https:\\\/\\\/assumpta-eu.org\\\/wp-content\\\/uploads\\\/2026\\\/03\\\/Adoration-now-Option-1-scaled-e1775744712213.jpg\",\"width\":1920,\"height\":1097},{\"@type\":\"BreadcrumbList\",\"@id\":\"https:\\\/\\\/assumpta-eu.org\\\/it\\\/visibilita-nella-piazza-pubblica\\\/#breadcrumb\",\"itemListElement\":[{\"@type\":\"ListItem\",\"position\":1,\"name\":\"Home\",\"item\":\"https:\\\/\\\/assumpta-eu.org\\\/it\\\/\"},{\"@type\":\"ListItem\",\"position\":2,\"name\":\"Visibilit\u00e0 sulla piazza pubblica\"}]},{\"@type\":\"WebSite\",\"@id\":\"https:\\\/\\\/assumpta-eu.org\\\/it\\\/#website\",\"url\":\"https:\\\/\\\/assumpta-eu.org\\\/it\\\/\",\"name\":\"Province of Europe of the Religious of the Assumption\",\"description\":\"Make Christ known and loved\",\"publisher\":{\"@id\":\"https:\\\/\\\/assumpta-eu.org\\\/it\\\/#organization\"},\"potentialAction\":[{\"@type\":\"SearchAction\",\"target\":{\"@type\":\"EntryPoint\",\"urlTemplate\":\"https:\\\/\\\/assumpta-eu.org\\\/it\\\/?s={search_term_string}\"},\"query-input\":{\"@type\":\"PropertyValueSpecification\",\"valueRequired\":true,\"valueName\":\"search_term_string\"}}],\"inLanguage\":\"it-IT\"},{\"@type\":\"Organization\",\"@id\":\"https:\\\/\\\/assumpta-eu.org\\\/it\\\/#organization\",\"name\":\"Religious of the Assumption\",\"url\":\"https:\\\/\\\/assumpta-eu.org\\\/it\\\/\",\"logo\":{\"@type\":\"ImageObject\",\"inLanguage\":\"it-IT\",\"@id\":\"https:\\\/\\\/assumpta-eu.org\\\/it\\\/#\\\/schema\\\/logo\\\/image\\\/\",\"url\":\"https:\\\/\\\/assumpta-eu.org\\\/wp-content\\\/uploads\\\/2023\\\/06\\\/RA-EU-logos-02.png\",\"contentUrl\":\"https:\\\/\\\/assumpta-eu.org\\\/wp-content\\\/uploads\\\/2023\\\/06\\\/RA-EU-logos-02.png\",\"width\":705,\"height\":729,\"caption\":\"Religious of the Assumption\"},\"image\":{\"@id\":\"https:\\\/\\\/assumpta-eu.org\\\/it\\\/#\\\/schema\\\/logo\\\/image\\\/\"},\"sameAs\":[\"http:\\\/\\\/www.facebook.com\\\/assumptionUK\",\"https:\\\/\\\/x.com\\\/AssumptionRA\",\"http:\\\/\\\/www.instagram.com\\\/assumptionuk\"]},{\"@type\":\"Person\",\"@id\":\"https:\\\/\\\/assumpta-eu.org\\\/it\\\/#\\\/schema\\\/person\\\/e88c33b9055ec5800b6adec01e18116f\",\"name\":\"Francesca\",\"image\":{\"@type\":\"ImageObject\",\"inLanguage\":\"it-IT\",\"@id\":\"https:\\\/\\\/secure.gravatar.com\\\/avatar\\\/c6889456abf47fb76d7dcee6159de1147a3745ed8e1b111a451cf072ad9a8b66?s=96&d=mm&r=g\",\"url\":\"https:\\\/\\\/secure.gravatar.com\\\/avatar\\\/c6889456abf47fb76d7dcee6159de1147a3745ed8e1b111a451cf072ad9a8b66?s=96&d=mm&r=g\",\"contentUrl\":\"https:\\\/\\\/secure.gravatar.com\\\/avatar\\\/c6889456abf47fb76d7dcee6159de1147a3745ed8e1b111a451cf072ad9a8b66?s=96&d=mm&r=g\",\"caption\":\"Francesca\"},\"url\":\"https:\\\/\\\/assumpta-eu.org\\\/it\\\/author\\\/francesca\\\/\"}]}<\/script>\n<!-- \/ Yoast SEO plugin. -->","yoast_head_json":{"title":"Visibilit\u00e0 sulla piazza pubblica - Religious of the Assumption &gt; Province of Europe","robots":{"index":"index","follow":"follow","max-snippet":"max-snippet:-1","max-image-preview":"max-image-preview:large","max-video-preview":"max-video-preview:-1"},"canonical":"https:\/\/assumpta-eu.org\/it\/visibilita-nella-piazza-pubblica\/","og_locale":"it_IT","og_type":"article","og_title":"Visibilit\u00e0 sulla piazza pubblica - Religious of the Assumption &gt; Province of Europe","og_description":"Una citt\u00e0 posta su un&#8217;altura non pu\u00f2 essere nascosta (Matteo 5:14) &#8211; una luce che tutti possono vedere Cappella di Kensington Alla cappella di Kensington si accede direttamente dalla strada. Le persone possono entrare, a volte per curiosit\u00e0, ma pi\u00f9 spesso per pregare. Spesso i curiosi si fermano prima dall&#8217;altra parte della strada per scattare [&hellip;]","og_url":"https:\/\/assumpta-eu.org\/it\/visibilita-nella-piazza-pubblica\/","og_site_name":"Religious of the Assumption &gt; Province of Europe","article_publisher":"http:\/\/www.facebook.com\/assumptionUK","article_published_time":"2026-03-03T16:09:51+00:00","article_modified_time":"2026-04-09T14:25:33+00:00","og_image":[{"width":1920,"height":1097,"url":"https:\/\/assumpta-eu.org\/wp-content\/uploads\/2026\/03\/Adoration-now-Option-1-scaled-e1775744712213.jpg","type":"image\/jpeg"}],"author":"Francesca","twitter_card":"summary_large_image","twitter_creator":"@AssumptionRA","twitter_site":"@AssumptionRA","twitter_misc":{"Scritto da":"Francesca","Tempo di lettura stimato":"8 minuti"},"schema":{"@context":"https:\/\/schema.org","@graph":[{"@type":"Article","@id":"https:\/\/assumpta-eu.org\/it\/visibilita-nella-piazza-pubblica\/#article","isPartOf":{"@id":"https:\/\/assumpta-eu.org\/it\/visibilita-nella-piazza-pubblica\/"},"author":{"name":"Francesca","@id":"https:\/\/assumpta-eu.org\/it\/#\/schema\/person\/e88c33b9055ec5800b6adec01e18116f"},"headline":"Visibilit\u00e0 sulla piazza pubblica","datePublished":"2026-03-03T16:09:51+00:00","dateModified":"2026-04-09T14:25:33+00:00","mainEntityOfPage":{"@id":"https:\/\/assumpta-eu.org\/it\/visibilita-nella-piazza-pubblica\/"},"wordCount":1148,"publisher":{"@id":"https:\/\/assumpta-eu.org\/it\/#organization"},"image":{"@id":"https:\/\/assumpta-eu.org\/it\/visibilita-nella-piazza-pubblica\/#primaryimage"},"thumbnailUrl":"https:\/\/assumpta-eu.org\/wp-content\/uploads\/2026\/03\/Adoration-now-Option-1-scaled-e1775744712213.jpg","articleSection":["Inghilterra","Provincia d'Europa"],"inLanguage":"it-IT"},{"@type":"WebPage","@id":"https:\/\/assumpta-eu.org\/it\/visibilita-nella-piazza-pubblica\/","url":"https:\/\/assumpta-eu.org\/it\/visibilita-nella-piazza-pubblica\/","name":"Visibilit\u00e0 sulla piazza pubblica - Religious of the Assumption &gt; Province of Europe","isPartOf":{"@id":"https:\/\/assumpta-eu.org\/it\/#website"},"primaryImageOfPage":{"@id":"https:\/\/assumpta-eu.org\/it\/visibilita-nella-piazza-pubblica\/#primaryimage"},"image":{"@id":"https:\/\/assumpta-eu.org\/it\/visibilita-nella-piazza-pubblica\/#primaryimage"},"thumbnailUrl":"https:\/\/assumpta-eu.org\/wp-content\/uploads\/2026\/03\/Adoration-now-Option-1-scaled-e1775744712213.jpg","datePublished":"2026-03-03T16:09:51+00:00","dateModified":"2026-04-09T14:25:33+00:00","breadcrumb":{"@id":"https:\/\/assumpta-eu.org\/it\/visibilita-nella-piazza-pubblica\/#breadcrumb"},"inLanguage":"it-IT","potentialAction":[{"@type":"ReadAction","target":["https:\/\/assumpta-eu.org\/it\/visibilita-nella-piazza-pubblica\/"]}]},{"@type":"ImageObject","inLanguage":"it-IT","@id":"https:\/\/assumpta-eu.org\/it\/visibilita-nella-piazza-pubblica\/#primaryimage","url":"https:\/\/assumpta-eu.org\/wp-content\/uploads\/2026\/03\/Adoration-now-Option-1-scaled-e1775744712213.jpg","contentUrl":"https:\/\/assumpta-eu.org\/wp-content\/uploads\/2026\/03\/Adoration-now-Option-1-scaled-e1775744712213.jpg","width":1920,"height":1097},{"@type":"BreadcrumbList","@id":"https:\/\/assumpta-eu.org\/it\/visibilita-nella-piazza-pubblica\/#breadcrumb","itemListElement":[{"@type":"ListItem","position":1,"name":"Home","item":"https:\/\/assumpta-eu.org\/it\/"},{"@type":"ListItem","position":2,"name":"Visibilit\u00e0 sulla piazza pubblica"}]},{"@type":"WebSite","@id":"https:\/\/assumpta-eu.org\/it\/#website","url":"https:\/\/assumpta-eu.org\/it\/","name":"Province of Europe of the Religious of the Assumption","description":"Make Christ known and loved","publisher":{"@id":"https:\/\/assumpta-eu.org\/it\/#organization"},"potentialAction":[{"@type":"SearchAction","target":{"@type":"EntryPoint","urlTemplate":"https:\/\/assumpta-eu.org\/it\/?s={search_term_string}"},"query-input":{"@type":"PropertyValueSpecification","valueRequired":true,"valueName":"search_term_string"}}],"inLanguage":"it-IT"},{"@type":"Organization","@id":"https:\/\/assumpta-eu.org\/it\/#organization","name":"Religious of the Assumption","url":"https:\/\/assumpta-eu.org\/it\/","logo":{"@type":"ImageObject","inLanguage":"it-IT","@id":"https:\/\/assumpta-eu.org\/it\/#\/schema\/logo\/image\/","url":"https:\/\/assumpta-eu.org\/wp-content\/uploads\/2023\/06\/RA-EU-logos-02.png","contentUrl":"https:\/\/assumpta-eu.org\/wp-content\/uploads\/2023\/06\/RA-EU-logos-02.png","width":705,"height":729,"caption":"Religious of the Assumption"},"image":{"@id":"https:\/\/assumpta-eu.org\/it\/#\/schema\/logo\/image\/"},"sameAs":["http:\/\/www.facebook.com\/assumptionUK","https:\/\/x.com\/AssumptionRA","http:\/\/www.instagram.com\/assumptionuk"]},{"@type":"Person","@id":"https:\/\/assumpta-eu.org\/it\/#\/schema\/person\/e88c33b9055ec5800b6adec01e18116f","name":"Francesca","image":{"@type":"ImageObject","inLanguage":"it-IT","@id":"https:\/\/secure.gravatar.com\/avatar\/c6889456abf47fb76d7dcee6159de1147a3745ed8e1b111a451cf072ad9a8b66?s=96&d=mm&r=g","url":"https:\/\/secure.gravatar.com\/avatar\/c6889456abf47fb76d7dcee6159de1147a3745ed8e1b111a451cf072ad9a8b66?s=96&d=mm&r=g","contentUrl":"https:\/\/secure.gravatar.com\/avatar\/c6889456abf47fb76d7dcee6159de1147a3745ed8e1b111a451cf072ad9a8b66?s=96&d=mm&r=g","caption":"Francesca"},"url":"https:\/\/assumpta-eu.org\/it\/author\/francesca\/"}]}},"_links":{"self":[{"href":"https:\/\/assumpta-eu.org\/it\/wp-json\/wp\/v2\/posts\/6997","targetHints":{"allow":["GET"]}}],"collection":[{"href":"https:\/\/assumpta-eu.org\/it\/wp-json\/wp\/v2\/posts"}],"about":[{"href":"https:\/\/assumpta-eu.org\/it\/wp-json\/wp\/v2\/types\/post"}],"author":[{"embeddable":true,"href":"https:\/\/assumpta-eu.org\/it\/wp-json\/wp\/v2\/users\/3"}],"replies":[{"embeddable":true,"href":"https:\/\/assumpta-eu.org\/it\/wp-json\/wp\/v2\/comments?post=6997"}],"version-history":[{"count":6,"href":"https:\/\/assumpta-eu.org\/it\/wp-json\/wp\/v2\/posts\/6997\/revisions"}],"predecessor-version":[{"id":7109,"href":"https:\/\/assumpta-eu.org\/it\/wp-json\/wp\/v2\/posts\/6997\/revisions\/7109"}],"wp:featuredmedia":[{"embeddable":true,"href":"https:\/\/assumpta-eu.org\/it\/wp-json\/wp\/v2\/media\/6973"}],"wp:attachment":[{"href":"https:\/\/assumpta-eu.org\/it\/wp-json\/wp\/v2\/media?parent=6997"}],"wp:term":[{"taxonomy":"category","embeddable":true,"href":"https:\/\/assumpta-eu.org\/it\/wp-json\/wp\/v2\/categories?post=6997"},{"taxonomy":"post_tag","embeddable":true,"href":"https:\/\/assumpta-eu.org\/it\/wp-json\/wp\/v2\/tags?post=6997"}],"curies":[{"name":"wp","href":"https:\/\/api.w.org\/{rel}","templated":true}]}}