{"id":5955,"date":"2025-08-20T14:58:32","date_gmt":"2025-08-20T12:58:32","guid":{"rendered":"https:\/\/assumpta-eu.org\/a-roma-con-lassunta-per-il-giubileo-dei-giovani\/"},"modified":"2025-08-20T16:44:37","modified_gmt":"2025-08-20T14:44:37","slug":"a-roma-con-lassunta-per-il-giubileo-dei-giovani","status":"publish","type":"post","link":"https:\/\/assumpta-eu.org\/it\/a-roma-con-lassunta-per-il-giubileo-dei-giovani\/","title":{"rendered":"A Roma con l&#8217;Assunzione per il Giubileo dei Giovani"},"content":{"rendered":"<div class=\"et_d4_element et_pb_section et_pb_section_0  et_pb_css_mix_blend_mode et_section_regular et_block_section\" >\n\t\t\t\t\n\t\t\t\t\n\t\t\t\t\n\t\t\t\t\n\t\t\t\t\n\t\t\t\t\n\t\t\t\t<div class=\"et_d4_element et_pb_row et_pb_row_0  et_pb_css_mix_blend_mode et_block_row\">\n\t\t\t\t<div class=\"et_d4_element et_pb_column_4_4 et_pb_column et_pb_column_0  et_pb_css_mix_blend_mode et-last-child et_block_column\">\n\t\t\t\t\n\t\t\t\t\n\t\t\t\t\n\t\t\t\t\n\t\t\t\t<div class=\"et_pb_module et_d4_element et_pb_text et_pb_text_0  et_pb_text_align_left et_pb_bg_layout_light\">\n\t\t\t\t\n\t\t\t\t\n\t\t\t\t\n\t\t\t\t\n\t\t\t\t<div class=\"et_pb_text_inner\"><p style=\"text-align: justify;\">Alla fine di luglio, un gruppo di giovani adulti di Londra, organizzato dal Padre Assunzionista e dai Religiosi dell'Assunzione, \u00e8 partito in pellegrinaggio per partecipare al Giubileo dei Giovani. Il viaggio ci ha portato a Firenze, dove ci siamo uniti al gruppo internazionale dell'Assunzione, e poi a Roma, dove abbiamo partecipato alla veglia di preghiera guidata da Papa Leone il sabato sera e alla messa finale celebrata dal Santo Padre la domenica mattina. <\/p>\n<p style=\"text-align: justify;\">Il gruppo dell'Assunzione era composto da circa 170 giovani provenienti da tutto il mondo, dal Giappone agli Stati Uniti e dalla Lituania alla Tanzania. Secondo le parole di Annika, una delle partecipanti di Londra,<span data-olk-copy-source=\"MessageBody\">\"I momenti di preghiera e la Messa ci hanno ricordato la nostra unit\u00e0 in Cristo e la nostra presenza come Chiesa di Dio nel mondo\".<\/span> <\/p>\n<p style=\"text-align: center;\"><img loading=\"lazy\" decoding=\"async\" src=\"https:\/\/assumpta-eu.org\/wp-content\/uploads\/2025\/08\/PHOTO-2025-07-29-05-19-59-300x225.jpg\" width=\"300\" height=\"225\" alt=\"\" class=\"wp-image-5935 alignnone size-medium\"><\/p>\n<p style=\"text-align: justify;\">Ogni giorno iniziava con la preghiera e la riflessione, guidata da un padre, una sorella o un'oblata dell'Assunzione. Ogni giorno veniva celebrata la Messa, spesso in chiese bellissime e antiche, mentre il resto della giornata era dedicato ad attivit\u00e0 culturali, momenti personali e visite turistiche e attivit\u00e0 sociali per tutto il gruppo. <\/p>\n<p style=\"text-align: justify;\">A Roma abbiamo attraversato le Porte Sante e un pomeriggio \u00e8 stato dedicato al sacramento della riconciliazione. Il Cardinale Tagle ha tenuto una conferenza sul tema della speranza per il nostro gruppo e ha pranzato con noi. <\/p>\n<p style=\"text-align: justify;\">Annika dice: \"<span data-olk-copy-source=\"MessageBody\">Partecipare al Giubileo dei Giovani a Roma \u00e8 stata un'esperienza memorabile. Avendo esperienza di partecipazione alla Giornata Mondiale della Giovent\u00f9 a Lisbona nel 2023, sapevo pi\u00f9 o meno cosa aspettarmi. [...] \u00c8 stato speciale essere a Roma e in una comunit\u00e0 cattolica per la prima volta. \"     <\/span><\/p>\n<p style=\"text-align: justify;\"><span data-olk-copy-source=\"MessageBody\">A proposito del pellegrinaggio stesso, Annika commenta: \"C'era un fitto programma di eventi e sono stata grata del tempo libero a disposizione per approfittarne. Il mio palato culturale \u00e8 stato soddisfatto dalla partecipazione a un'opera su Charles Foucault, a un'opera sull'amore scritta da Papa Giovanni Paolo II e ad alcuni concerti di culto.   <span data-olk-copy-source=\"MessageBody\">I momenti salienti del Giubileo sono stati molti e includono la veglia di preghiera, l'ingresso attraverso le Porte Sante, l'omaggio a Papa Francesco sulla sua tomba, la messa con il Cardinale Tagle, l'incontro con Papa Leo e la preghiera con molti giovani provenienti da tutto il mondo.<\/span>\"<\/span><\/p>\n<p style=\"text-align: center;\"><span data-olk-copy-source=\"MessageBody\"><img loading=\"lazy\" decoding=\"async\" src=\"https:\/\/assumpta-eu.org\/wp-content\/uploads\/2025\/08\/20250731_211920-1-300x225.jpg\" width=\"300\" height=\"225\" alt=\"\" class=\"wp-image-5943 alignnone size-medium\"><\/span><\/p><\/div>\n\t\t\t<\/div>\n\t\t\t<\/div>\n\t\t\t\t\n\t\t\t\t\n\t\t\t\t\n\t\t\t\t\n\t\t\t<\/div>\n\t\t\t\t\n\t\t\t\t\n\t\t\t<\/div>\n","protected":false},"excerpt":{"rendered":"","protected":false},"author":3,"featured_media":5899,"comment_status":"closed","ping_status":"closed","sticky":false,"template":"","format":"standard","meta":{"_et_pb_use_builder":"on","_et_pb_old_content":"","_et_gb_content_width":"","footnotes":""},"categories":[68,36],"tags":[],"class_list":["post-5955","post","type-post","status-publish","format-standard","has-post-thumbnail","hentry","category-giovani","category-provincia-deuropa"],"yoast_head":"<!-- This site is optimized with the Yoast SEO plugin v27.5 - https:\/\/yoast.com\/product\/yoast-seo-wordpress\/ -->\n<title>A Roma con l&#039;Assunzione per il Giubileo dei Giovani - Religious of the Assumption &gt; Province of Europe<\/title>\n<meta name=\"robots\" content=\"index, follow, max-snippet:-1, max-image-preview:large, max-video-preview:-1\" \/>\n<link rel=\"canonical\" href=\"https:\/\/assumpta-eu.org\/it\/a-roma-con-lassunta-per-il-giubileo-dei-giovani\/\" \/>\n<meta property=\"og:locale\" content=\"it_IT\" \/>\n<meta property=\"og:type\" content=\"article\" \/>\n<meta property=\"og:title\" content=\"A Roma con l&#039;Assunzione per il Giubileo dei Giovani - Religious of the Assumption &gt; Province of Europe\" \/>\n<meta property=\"og:url\" content=\"https:\/\/assumpta-eu.org\/it\/a-roma-con-lassunta-per-il-giubileo-dei-giovani\/\" \/>\n<meta property=\"og:site_name\" content=\"Religious of the Assumption &gt; Province of Europe\" \/>\n<meta property=\"article:publisher\" content=\"http:\/\/www.facebook.com\/assumptionUK\" \/>\n<meta property=\"article:published_time\" content=\"2025-08-20T12:58:32+00:00\" \/>\n<meta property=\"article:modified_time\" content=\"2025-08-20T14:44:37+00:00\" \/>\n<meta property=\"og:image\" content=\"https:\/\/assumpta-eu.org\/wp-content\/uploads\/2025\/08\/PHOTO-2025-08-04-07-13-18.jpg\" \/>\n\t<meta property=\"og:image:width\" content=\"2048\" \/>\n\t<meta property=\"og:image:height\" content=\"1452\" \/>\n\t<meta property=\"og:image:type\" content=\"image\/jpeg\" \/>\n<meta name=\"author\" content=\"Francesca\" \/>\n<meta name=\"twitter:card\" content=\"summary_large_image\" \/>\n<meta name=\"twitter:creator\" content=\"@AssumptionRA\" \/>\n<meta name=\"twitter:site\" content=\"@AssumptionRA\" \/>\n<meta name=\"twitter:label1\" content=\"Scritto da\" \/>\n\t<meta name=\"twitter:data1\" content=\"Francesca\" \/>\n\t<meta name=\"twitter:label2\" content=\"Tempo di lettura stimato\" \/>\n\t<meta name=\"twitter:data2\" content=\"3 minuti\" \/>\n<script type=\"application\/ld+json\" class=\"yoast-schema-graph\">{\"@context\":\"https:\\\/\\\/schema.org\",\"@graph\":[{\"@type\":\"Article\",\"@id\":\"https:\\\/\\\/assumpta-eu.org\\\/it\\\/a-roma-con-lassunta-per-il-giubileo-dei-giovani\\\/#article\",\"isPartOf\":{\"@id\":\"https:\\\/\\\/assumpta-eu.org\\\/it\\\/a-roma-con-lassunta-per-il-giubileo-dei-giovani\\\/\"},\"author\":{\"name\":\"Francesca\",\"@id\":\"https:\\\/\\\/assumpta-eu.org\\\/it\\\/#\\\/schema\\\/person\\\/e88c33b9055ec5800b6adec01e18116f\"},\"headline\":\"A Roma con l&#8217;Assunzione per il Giubileo dei Giovani\",\"datePublished\":\"2025-08-20T12:58:32+00:00\",\"dateModified\":\"2025-08-20T14:44:37+00:00\",\"mainEntityOfPage\":{\"@id\":\"https:\\\/\\\/assumpta-eu.org\\\/it\\\/a-roma-con-lassunta-per-il-giubileo-dei-giovani\\\/\"},\"wordCount\":489,\"publisher\":{\"@id\":\"https:\\\/\\\/assumpta-eu.org\\\/it\\\/#organization\"},\"image\":{\"@id\":\"https:\\\/\\\/assumpta-eu.org\\\/it\\\/a-roma-con-lassunta-per-il-giubileo-dei-giovani\\\/#primaryimage\"},\"thumbnailUrl\":\"https:\\\/\\\/assumpta-eu.org\\\/wp-content\\\/uploads\\\/2025\\\/08\\\/PHOTO-2025-08-04-07-13-18.jpg\",\"articleSection\":[\"Giovani\",\"Provincia d'Europa\"],\"inLanguage\":\"it-IT\"},{\"@type\":\"WebPage\",\"@id\":\"https:\\\/\\\/assumpta-eu.org\\\/it\\\/a-roma-con-lassunta-per-il-giubileo-dei-giovani\\\/\",\"url\":\"https:\\\/\\\/assumpta-eu.org\\\/it\\\/a-roma-con-lassunta-per-il-giubileo-dei-giovani\\\/\",\"name\":\"A Roma con l'Assunzione per il Giubileo dei Giovani - Religious of the Assumption &gt; Province of Europe\",\"isPartOf\":{\"@id\":\"https:\\\/\\\/assumpta-eu.org\\\/it\\\/#website\"},\"primaryImageOfPage\":{\"@id\":\"https:\\\/\\\/assumpta-eu.org\\\/it\\\/a-roma-con-lassunta-per-il-giubileo-dei-giovani\\\/#primaryimage\"},\"image\":{\"@id\":\"https:\\\/\\\/assumpta-eu.org\\\/it\\\/a-roma-con-lassunta-per-il-giubileo-dei-giovani\\\/#primaryimage\"},\"thumbnailUrl\":\"https:\\\/\\\/assumpta-eu.org\\\/wp-content\\\/uploads\\\/2025\\\/08\\\/PHOTO-2025-08-04-07-13-18.jpg\",\"datePublished\":\"2025-08-20T12:58:32+00:00\",\"dateModified\":\"2025-08-20T14:44:37+00:00\",\"breadcrumb\":{\"@id\":\"https:\\\/\\\/assumpta-eu.org\\\/it\\\/a-roma-con-lassunta-per-il-giubileo-dei-giovani\\\/#breadcrumb\"},\"inLanguage\":\"it-IT\",\"potentialAction\":[{\"@type\":\"ReadAction\",\"target\":[\"https:\\\/\\\/assumpta-eu.org\\\/it\\\/a-roma-con-lassunta-per-il-giubileo-dei-giovani\\\/\"]}]},{\"@type\":\"ImageObject\",\"inLanguage\":\"it-IT\",\"@id\":\"https:\\\/\\\/assumpta-eu.org\\\/it\\\/a-roma-con-lassunta-per-il-giubileo-dei-giovani\\\/#primaryimage\",\"url\":\"https:\\\/\\\/assumpta-eu.org\\\/wp-content\\\/uploads\\\/2025\\\/08\\\/PHOTO-2025-08-04-07-13-18.jpg\",\"contentUrl\":\"https:\\\/\\\/assumpta-eu.org\\\/wp-content\\\/uploads\\\/2025\\\/08\\\/PHOTO-2025-08-04-07-13-18.jpg\",\"width\":2048,\"height\":1452},{\"@type\":\"BreadcrumbList\",\"@id\":\"https:\\\/\\\/assumpta-eu.org\\\/it\\\/a-roma-con-lassunta-per-il-giubileo-dei-giovani\\\/#breadcrumb\",\"itemListElement\":[{\"@type\":\"ListItem\",\"position\":1,\"name\":\"Home\",\"item\":\"https:\\\/\\\/assumpta-eu.org\\\/it\\\/\"},{\"@type\":\"ListItem\",\"position\":2,\"name\":\"A Roma con l&#8217;Assunzione per il Giubileo dei Giovani\"}]},{\"@type\":\"WebSite\",\"@id\":\"https:\\\/\\\/assumpta-eu.org\\\/it\\\/#website\",\"url\":\"https:\\\/\\\/assumpta-eu.org\\\/it\\\/\",\"name\":\"Province of Europe of the Religious of the Assumption\",\"description\":\"Make Christ known and loved\",\"publisher\":{\"@id\":\"https:\\\/\\\/assumpta-eu.org\\\/it\\\/#organization\"},\"potentialAction\":[{\"@type\":\"SearchAction\",\"target\":{\"@type\":\"EntryPoint\",\"urlTemplate\":\"https:\\\/\\\/assumpta-eu.org\\\/it\\\/?s={search_term_string}\"},\"query-input\":{\"@type\":\"PropertyValueSpecification\",\"valueRequired\":true,\"valueName\":\"search_term_string\"}}],\"inLanguage\":\"it-IT\"},{\"@type\":\"Organization\",\"@id\":\"https:\\\/\\\/assumpta-eu.org\\\/it\\\/#organization\",\"name\":\"Religious of the Assumption\",\"url\":\"https:\\\/\\\/assumpta-eu.org\\\/it\\\/\",\"logo\":{\"@type\":\"ImageObject\",\"inLanguage\":\"it-IT\",\"@id\":\"https:\\\/\\\/assumpta-eu.org\\\/it\\\/#\\\/schema\\\/logo\\\/image\\\/\",\"url\":\"https:\\\/\\\/assumpta-eu.org\\\/wp-content\\\/uploads\\\/2023\\\/06\\\/RA-EU-logos-02.png\",\"contentUrl\":\"https:\\\/\\\/assumpta-eu.org\\\/wp-content\\\/uploads\\\/2023\\\/06\\\/RA-EU-logos-02.png\",\"width\":705,\"height\":729,\"caption\":\"Religious of the Assumption\"},\"image\":{\"@id\":\"https:\\\/\\\/assumpta-eu.org\\\/it\\\/#\\\/schema\\\/logo\\\/image\\\/\"},\"sameAs\":[\"http:\\\/\\\/www.facebook.com\\\/assumptionUK\",\"https:\\\/\\\/x.com\\\/AssumptionRA\",\"http:\\\/\\\/www.instagram.com\\\/assumptionuk\"]},{\"@type\":\"Person\",\"@id\":\"https:\\\/\\\/assumpta-eu.org\\\/it\\\/#\\\/schema\\\/person\\\/e88c33b9055ec5800b6adec01e18116f\",\"name\":\"Francesca\",\"image\":{\"@type\":\"ImageObject\",\"inLanguage\":\"it-IT\",\"@id\":\"https:\\\/\\\/secure.gravatar.com\\\/avatar\\\/c6889456abf47fb76d7dcee6159de1147a3745ed8e1b111a451cf072ad9a8b66?s=96&d=mm&r=g\",\"url\":\"https:\\\/\\\/secure.gravatar.com\\\/avatar\\\/c6889456abf47fb76d7dcee6159de1147a3745ed8e1b111a451cf072ad9a8b66?s=96&d=mm&r=g\",\"contentUrl\":\"https:\\\/\\\/secure.gravatar.com\\\/avatar\\\/c6889456abf47fb76d7dcee6159de1147a3745ed8e1b111a451cf072ad9a8b66?s=96&d=mm&r=g\",\"caption\":\"Francesca\"},\"url\":\"https:\\\/\\\/assumpta-eu.org\\\/it\\\/author\\\/francesca\\\/\"}]}<\/script>\n<!-- \/ Yoast SEO plugin. -->","yoast_head_json":{"title":"A Roma con l'Assunzione per il Giubileo dei Giovani - Religious of the Assumption &gt; Province of Europe","robots":{"index":"index","follow":"follow","max-snippet":"max-snippet:-1","max-image-preview":"max-image-preview:large","max-video-preview":"max-video-preview:-1"},"canonical":"https:\/\/assumpta-eu.org\/it\/a-roma-con-lassunta-per-il-giubileo-dei-giovani\/","og_locale":"it_IT","og_type":"article","og_title":"A Roma con l'Assunzione per il Giubileo dei Giovani - Religious of the Assumption &gt; Province of Europe","og_url":"https:\/\/assumpta-eu.org\/it\/a-roma-con-lassunta-per-il-giubileo-dei-giovani\/","og_site_name":"Religious of the Assumption &gt; Province of Europe","article_publisher":"http:\/\/www.facebook.com\/assumptionUK","article_published_time":"2025-08-20T12:58:32+00:00","article_modified_time":"2025-08-20T14:44:37+00:00","og_image":[{"width":2048,"height":1452,"url":"https:\/\/assumpta-eu.org\/wp-content\/uploads\/2025\/08\/PHOTO-2025-08-04-07-13-18.jpg","type":"image\/jpeg"}],"author":"Francesca","twitter_card":"summary_large_image","twitter_creator":"@AssumptionRA","twitter_site":"@AssumptionRA","twitter_misc":{"Scritto da":"Francesca","Tempo di lettura stimato":"3 minuti"},"schema":{"@context":"https:\/\/schema.org","@graph":[{"@type":"Article","@id":"https:\/\/assumpta-eu.org\/it\/a-roma-con-lassunta-per-il-giubileo-dei-giovani\/#article","isPartOf":{"@id":"https:\/\/assumpta-eu.org\/it\/a-roma-con-lassunta-per-il-giubileo-dei-giovani\/"},"author":{"name":"Francesca","@id":"https:\/\/assumpta-eu.org\/it\/#\/schema\/person\/e88c33b9055ec5800b6adec01e18116f"},"headline":"A Roma con l&#8217;Assunzione per il Giubileo dei Giovani","datePublished":"2025-08-20T12:58:32+00:00","dateModified":"2025-08-20T14:44:37+00:00","mainEntityOfPage":{"@id":"https:\/\/assumpta-eu.org\/it\/a-roma-con-lassunta-per-il-giubileo-dei-giovani\/"},"wordCount":489,"publisher":{"@id":"https:\/\/assumpta-eu.org\/it\/#organization"},"image":{"@id":"https:\/\/assumpta-eu.org\/it\/a-roma-con-lassunta-per-il-giubileo-dei-giovani\/#primaryimage"},"thumbnailUrl":"https:\/\/assumpta-eu.org\/wp-content\/uploads\/2025\/08\/PHOTO-2025-08-04-07-13-18.jpg","articleSection":["Giovani","Provincia d'Europa"],"inLanguage":"it-IT"},{"@type":"WebPage","@id":"https:\/\/assumpta-eu.org\/it\/a-roma-con-lassunta-per-il-giubileo-dei-giovani\/","url":"https:\/\/assumpta-eu.org\/it\/a-roma-con-lassunta-per-il-giubileo-dei-giovani\/","name":"A Roma con l'Assunzione per il Giubileo dei Giovani - Religious of the Assumption &gt; Province of Europe","isPartOf":{"@id":"https:\/\/assumpta-eu.org\/it\/#website"},"primaryImageOfPage":{"@id":"https:\/\/assumpta-eu.org\/it\/a-roma-con-lassunta-per-il-giubileo-dei-giovani\/#primaryimage"},"image":{"@id":"https:\/\/assumpta-eu.org\/it\/a-roma-con-lassunta-per-il-giubileo-dei-giovani\/#primaryimage"},"thumbnailUrl":"https:\/\/assumpta-eu.org\/wp-content\/uploads\/2025\/08\/PHOTO-2025-08-04-07-13-18.jpg","datePublished":"2025-08-20T12:58:32+00:00","dateModified":"2025-08-20T14:44:37+00:00","breadcrumb":{"@id":"https:\/\/assumpta-eu.org\/it\/a-roma-con-lassunta-per-il-giubileo-dei-giovani\/#breadcrumb"},"inLanguage":"it-IT","potentialAction":[{"@type":"ReadAction","target":["https:\/\/assumpta-eu.org\/it\/a-roma-con-lassunta-per-il-giubileo-dei-giovani\/"]}]},{"@type":"ImageObject","inLanguage":"it-IT","@id":"https:\/\/assumpta-eu.org\/it\/a-roma-con-lassunta-per-il-giubileo-dei-giovani\/#primaryimage","url":"https:\/\/assumpta-eu.org\/wp-content\/uploads\/2025\/08\/PHOTO-2025-08-04-07-13-18.jpg","contentUrl":"https:\/\/assumpta-eu.org\/wp-content\/uploads\/2025\/08\/PHOTO-2025-08-04-07-13-18.jpg","width":2048,"height":1452},{"@type":"BreadcrumbList","@id":"https:\/\/assumpta-eu.org\/it\/a-roma-con-lassunta-per-il-giubileo-dei-giovani\/#breadcrumb","itemListElement":[{"@type":"ListItem","position":1,"name":"Home","item":"https:\/\/assumpta-eu.org\/it\/"},{"@type":"ListItem","position":2,"name":"A Roma con l&#8217;Assunzione per il Giubileo dei Giovani"}]},{"@type":"WebSite","@id":"https:\/\/assumpta-eu.org\/it\/#website","url":"https:\/\/assumpta-eu.org\/it\/","name":"Province of Europe of the Religious of the Assumption","description":"Make Christ known and loved","publisher":{"@id":"https:\/\/assumpta-eu.org\/it\/#organization"},"potentialAction":[{"@type":"SearchAction","target":{"@type":"EntryPoint","urlTemplate":"https:\/\/assumpta-eu.org\/it\/?s={search_term_string}"},"query-input":{"@type":"PropertyValueSpecification","valueRequired":true,"valueName":"search_term_string"}}],"inLanguage":"it-IT"},{"@type":"Organization","@id":"https:\/\/assumpta-eu.org\/it\/#organization","name":"Religious of the Assumption","url":"https:\/\/assumpta-eu.org\/it\/","logo":{"@type":"ImageObject","inLanguage":"it-IT","@id":"https:\/\/assumpta-eu.org\/it\/#\/schema\/logo\/image\/","url":"https:\/\/assumpta-eu.org\/wp-content\/uploads\/2023\/06\/RA-EU-logos-02.png","contentUrl":"https:\/\/assumpta-eu.org\/wp-content\/uploads\/2023\/06\/RA-EU-logos-02.png","width":705,"height":729,"caption":"Religious of the Assumption"},"image":{"@id":"https:\/\/assumpta-eu.org\/it\/#\/schema\/logo\/image\/"},"sameAs":["http:\/\/www.facebook.com\/assumptionUK","https:\/\/x.com\/AssumptionRA","http:\/\/www.instagram.com\/assumptionuk"]},{"@type":"Person","@id":"https:\/\/assumpta-eu.org\/it\/#\/schema\/person\/e88c33b9055ec5800b6adec01e18116f","name":"Francesca","image":{"@type":"ImageObject","inLanguage":"it-IT","@id":"https:\/\/secure.gravatar.com\/avatar\/c6889456abf47fb76d7dcee6159de1147a3745ed8e1b111a451cf072ad9a8b66?s=96&d=mm&r=g","url":"https:\/\/secure.gravatar.com\/avatar\/c6889456abf47fb76d7dcee6159de1147a3745ed8e1b111a451cf072ad9a8b66?s=96&d=mm&r=g","contentUrl":"https:\/\/secure.gravatar.com\/avatar\/c6889456abf47fb76d7dcee6159de1147a3745ed8e1b111a451cf072ad9a8b66?s=96&d=mm&r=g","caption":"Francesca"},"url":"https:\/\/assumpta-eu.org\/it\/author\/francesca\/"}]}},"_links":{"self":[{"href":"https:\/\/assumpta-eu.org\/it\/wp-json\/wp\/v2\/posts\/5955","targetHints":{"allow":["GET"]}}],"collection":[{"href":"https:\/\/assumpta-eu.org\/it\/wp-json\/wp\/v2\/posts"}],"about":[{"href":"https:\/\/assumpta-eu.org\/it\/wp-json\/wp\/v2\/types\/post"}],"author":[{"embeddable":true,"href":"https:\/\/assumpta-eu.org\/it\/wp-json\/wp\/v2\/users\/3"}],"replies":[{"embeddable":true,"href":"https:\/\/assumpta-eu.org\/it\/wp-json\/wp\/v2\/comments?post=5955"}],"version-history":[{"count":4,"href":"https:\/\/assumpta-eu.org\/it\/wp-json\/wp\/v2\/posts\/5955\/revisions"}],"predecessor-version":[{"id":5970,"href":"https:\/\/assumpta-eu.org\/it\/wp-json\/wp\/v2\/posts\/5955\/revisions\/5970"}],"wp:featuredmedia":[{"embeddable":true,"href":"https:\/\/assumpta-eu.org\/it\/wp-json\/wp\/v2\/media\/5899"}],"wp:attachment":[{"href":"https:\/\/assumpta-eu.org\/it\/wp-json\/wp\/v2\/media?parent=5955"}],"wp:term":[{"taxonomy":"category","embeddable":true,"href":"https:\/\/assumpta-eu.org\/it\/wp-json\/wp\/v2\/categories?post=5955"},{"taxonomy":"post_tag","embeddable":true,"href":"https:\/\/assumpta-eu.org\/it\/wp-json\/wp\/v2\/tags?post=5955"}],"curies":[{"name":"wp","href":"https:\/\/api.w.org\/{rel}","templated":true}]}}