{"id":5607,"date":"2025-03-07T08:18:18","date_gmt":"2025-03-07T07:18:18","guid":{"rendered":"https:\/\/assumpta-eu.org\/10-marzo-festa-di-santa-maria-eugenio\/"},"modified":"2025-03-25T16:23:57","modified_gmt":"2025-03-25T15:23:57","slug":"10-marzo-festa-di-santa-maria-eugenio","status":"publish","type":"post","link":"https:\/\/assumpta-eu.org\/it\/10-marzo-festa-di-santa-maria-eugenio\/","title":{"rendered":"10 marzo: Festa di Santa Maria Eugenia"},"content":{"rendered":"<p>[et_pb_section fb_built=&#8221;1&#8243; _builder_version=&#8221;4.27.4&#8243; _module_preset=&#8221;default&#8221; global_colors_info=&#8221;{}&#8221; theme_builder_area=&#8221;post_content&#8221;][et_pb_row _builder_version=&#8221;4.27.4&#8243; _module_preset=&#8221;default&#8221; global_colors_info=&#8221;{}&#8221; theme_builder_area=&#8221;post_content&#8221;][et_pb_column type=&#8221;4_4&#8243; _builder_version=&#8221;4.27.4&#8243; _module_preset=&#8221;default&#8221; global_colors_info=&#8221;{}&#8221; theme_builder_area=&#8221;post_content&#8221;][et_pb_text _builder_version=&#8221;4.27.4&#8243; _module_preset=&#8221;default&#8221; global_colors_info=&#8221;{}&#8221; theme_builder_area=&#8221;post_content&#8221;]<\/p>\n<p style=\"text-align: justify;\">Il 10 marzo, le Religiose dell&#8217;Assunzione celebrano la festa di Santa Maria Eugenia di Ges\u00f9, la loro fondatrice.<\/p>\n<p style=\"text-align: justify;\">Nata a Metz (Francia) nel 1817 da una famiglia benestante ma irreligiosa, Maria Eugenia visse una profonda esperienza spirituale durante la sua infanzia. Racconta che il giorno della sua prima comunione, all&#8217;et\u00e0 di dodici anni, ebbe un profondo senso interiore dell&#8217;immensit\u00e0 di Dio e &#8220;un legame d&#8217;amore&#8221;.  <\/p>\n<p style=\"text-align: justify;\">Negli anni successivi, la vita di Maria Eugenia sub\u00ec una svolta drammatica: la sua famiglia and\u00f2 in bancarotta, i suoi genitori si separarono e sua madre mor\u00ec tragicamente di colera. All&#8217;et\u00e0 di quindici anni si ritrov\u00f2 sola, senza una guida, a chiedersi cosa avrebbe dovuto fare della sua vita. Insoddisfatta sia delle rigide pratiche di piet\u00e0 che della vita frivola e superficiale che ci si aspettava dalle donne dell&#8217;alta societ\u00e0 del suo tempo, si sentiva persa.   <\/p>\n<p style=\"text-align: justify;\">Ma nel bel mezzo dei suoi dubbi e delle sue lotte spirituali, Dio intervenne. Nel 1836, mentre pregava e ascoltava un sermone quaresimale nella cattedrale di Notre Dame a Parigi, Maria Eugenia ebbe la profonda intuizione che ci\u00f2 che voleva fare era donare la sua vita a Dio, anche se non sapeva ancora come. Un anno dopo, incontr\u00f2 Padre Combalot, un predicatore che condivise con lei la sua visione di fondare una congregazione religiosa dedicata all&#8217;educazione delle ragazze.  <\/p>\n<p style=\"text-align: justify;\">Profondamente preoccupata dalla condizione dei poveri e per la necessit\u00e0 di giustizia sociale, Maria Eugenia vide in questa proposta un&#8217;opportunit\u00e0 per trasformare la societ\u00e0 fornendo alle giovani un&#8217;educazione illuminata dai valori del Vangelo. <\/p>\n<p style=\"text-align: justify;\">La congregazione fu fondata nel 1839 e Maria Eugenia stessa ne fu alla guida per quarantacinque anni. Al momento della sua morte, centinaia di suore si erano unite a lei e c&#8217;erano comunit\u00e0 fondate in tre continenti: Europa, Asia e America.  <\/p>\n<p style=\"text-align: justify;\">Maria Eugenia mor\u00ec il 10 marzo 1898, circondata dalle sue consorelle. \u00c8 stata beatificata nel 1975 e canonizzata da Papa Benedetto XVI il 3 giugno 2007. <\/p>\n<p style=\"text-align: center;\">Guarda il video qui sotto per ripercorrere alcuni degli eventi chiave della vita di Santa Maria Eugenia a Parigi, guidato dalla nostra archivista Suor V\u00e9ronique!<\/p>\n<p style=\"text-align: center;\"><iframe loading=\"lazy\" width=\"560\" height=\"315\" src=\"https:\/\/www.youtube.com\/embed\/Z__5t0Yarxs?si=zIqKt73xLz5qChXX\" title=\"Lettore video di YouTube\" frameborder=\"0\" allow=\"accelerometer; autoplay; clipboard-write; encrypted-media; gyroscope; picture-in-picture; web-share\" referrerpolicy=\"strict-origin-when-cross-origin\" allowfullscreen=\"\"><\/iframe><\/p>\n<p>[\/et_pb_text][\/et_pb_column][\/et_pb_row][\/et_pb_section]<\/p>\n","protected":false},"excerpt":{"rendered":"<p>Il 10 marzo, le Religiose dell&#8217;Assunzione celebrano la festa di Santa Maria Eugenia di Ges\u00f9, la loro fondatrice. Nata a Metz (Francia) nel 1817 da una famiglia benestante ma irreligiosa, Maria Eugenia visse una profonda esperienza spirituale durante la sua infanzia. Racconta che il giorno della sua prima comunione, all&#8217;et\u00e0 di dodici anni, ebbe un [&hellip;]<\/p>\n","protected":false},"author":3,"featured_media":5587,"comment_status":"closed","ping_status":"closed","sticky":false,"template":"","format":"standard","meta":{"_et_pb_use_builder":"on","_et_pb_old_content":"","_et_gb_content_width":"","footnotes":""},"categories":[44],"tags":[],"class_list":["post-5607","post","type-post","status-publish","format-standard","has-post-thumbnail","hentry","category-congregazione"],"yoast_head":"<!-- This site is optimized with the Yoast SEO plugin v27.5 - https:\/\/yoast.com\/product\/yoast-seo-wordpress\/ -->\n<title>10 marzo: Festa di Santa Maria Eugenia - Religious of the Assumption &gt; Province of Europe<\/title>\n<meta name=\"robots\" content=\"index, follow, max-snippet:-1, max-image-preview:large, max-video-preview:-1\" \/>\n<link rel=\"canonical\" href=\"https:\/\/assumpta-eu.org\/it\/10-marzo-festa-di-santa-maria-eugenio\/\" \/>\n<meta property=\"og:locale\" content=\"it_IT\" \/>\n<meta property=\"og:type\" content=\"article\" \/>\n<meta property=\"og:title\" content=\"10 marzo: Festa di Santa Maria Eugenia - Religious of the Assumption &gt; Province of Europe\" \/>\n<meta property=\"og:description\" content=\"Il 10 marzo, le Religiose dell&#039;Assunzione celebrano la festa di Santa Maria Eugenia di Ges\u00f9, la loro fondatrice. Nata a Metz (Francia) nel 1817 da una famiglia benestante ma irreligiosa, Maria Eugenia visse una profonda esperienza spirituale durante la sua infanzia. Racconta che il giorno della sua prima comunione, all&#039;et\u00e0 di dodici anni, ebbe un [&hellip;]\" \/>\n<meta property=\"og:url\" content=\"https:\/\/assumpta-eu.org\/it\/10-marzo-festa-di-santa-maria-eugenio\/\" \/>\n<meta property=\"og:site_name\" content=\"Religious of the Assumption &gt; Province of Europe\" \/>\n<meta property=\"article:publisher\" content=\"http:\/\/www.facebook.com\/assumptionUK\" \/>\n<meta property=\"article:published_time\" content=\"2025-03-07T07:18:18+00:00\" \/>\n<meta property=\"article:modified_time\" content=\"2025-03-25T15:23:57+00:00\" \/>\n<meta property=\"og:image\" content=\"https:\/\/assumpta-eu.org\/wp-content\/uploads\/2025\/03\/St-Marie-Eugenie-Icon.jpg\" \/>\n\t<meta property=\"og:image:width\" content=\"1920\" \/>\n\t<meta property=\"og:image:height\" content=\"1079\" \/>\n\t<meta property=\"og:image:type\" content=\"image\/jpeg\" \/>\n<meta name=\"author\" content=\"Francesca\" \/>\n<meta name=\"twitter:card\" content=\"summary_large_image\" \/>\n<meta name=\"twitter:creator\" content=\"@AssumptionRA\" \/>\n<meta name=\"twitter:site\" content=\"@AssumptionRA\" \/>\n<meta name=\"twitter:label1\" content=\"Scritto da\" \/>\n\t<meta name=\"twitter:data1\" content=\"Francesca\" \/>\n\t<meta name=\"twitter:label2\" content=\"Tempo di lettura stimato\" \/>\n\t<meta name=\"twitter:data2\" content=\"2 minuti\" \/>\n<script type=\"application\/ld+json\" class=\"yoast-schema-graph\">{\"@context\":\"https:\\\/\\\/schema.org\",\"@graph\":[{\"@type\":\"Article\",\"@id\":\"https:\\\/\\\/assumpta-eu.org\\\/it\\\/10-marzo-festa-di-santa-maria-eugenio\\\/#article\",\"isPartOf\":{\"@id\":\"https:\\\/\\\/assumpta-eu.org\\\/it\\\/10-marzo-festa-di-santa-maria-eugenio\\\/\"},\"author\":{\"name\":\"Francesca\",\"@id\":\"https:\\\/\\\/assumpta-eu.org\\\/it\\\/#\\\/schema\\\/person\\\/e88c33b9055ec5800b6adec01e18116f\"},\"headline\":\"10 marzo: Festa di Santa Maria Eugenia\",\"datePublished\":\"2025-03-07T07:18:18+00:00\",\"dateModified\":\"2025-03-25T15:23:57+00:00\",\"mainEntityOfPage\":{\"@id\":\"https:\\\/\\\/assumpta-eu.org\\\/it\\\/10-marzo-festa-di-santa-maria-eugenio\\\/\"},\"wordCount\":430,\"publisher\":{\"@id\":\"https:\\\/\\\/assumpta-eu.org\\\/it\\\/#organization\"},\"image\":{\"@id\":\"https:\\\/\\\/assumpta-eu.org\\\/it\\\/10-marzo-festa-di-santa-maria-eugenio\\\/#primaryimage\"},\"thumbnailUrl\":\"https:\\\/\\\/assumpta-eu.org\\\/wp-content\\\/uploads\\\/2025\\\/03\\\/St-Marie-Eugenie-Icon.jpg\",\"articleSection\":[\"Congregazione\"],\"inLanguage\":\"it-IT\"},{\"@type\":\"WebPage\",\"@id\":\"https:\\\/\\\/assumpta-eu.org\\\/it\\\/10-marzo-festa-di-santa-maria-eugenio\\\/\",\"url\":\"https:\\\/\\\/assumpta-eu.org\\\/it\\\/10-marzo-festa-di-santa-maria-eugenio\\\/\",\"name\":\"10 marzo: Festa di Santa Maria Eugenia - Religious of the Assumption &gt; Province of Europe\",\"isPartOf\":{\"@id\":\"https:\\\/\\\/assumpta-eu.org\\\/it\\\/#website\"},\"primaryImageOfPage\":{\"@id\":\"https:\\\/\\\/assumpta-eu.org\\\/it\\\/10-marzo-festa-di-santa-maria-eugenio\\\/#primaryimage\"},\"image\":{\"@id\":\"https:\\\/\\\/assumpta-eu.org\\\/it\\\/10-marzo-festa-di-santa-maria-eugenio\\\/#primaryimage\"},\"thumbnailUrl\":\"https:\\\/\\\/assumpta-eu.org\\\/wp-content\\\/uploads\\\/2025\\\/03\\\/St-Marie-Eugenie-Icon.jpg\",\"datePublished\":\"2025-03-07T07:18:18+00:00\",\"dateModified\":\"2025-03-25T15:23:57+00:00\",\"breadcrumb\":{\"@id\":\"https:\\\/\\\/assumpta-eu.org\\\/it\\\/10-marzo-festa-di-santa-maria-eugenio\\\/#breadcrumb\"},\"inLanguage\":\"it-IT\",\"potentialAction\":[{\"@type\":\"ReadAction\",\"target\":[\"https:\\\/\\\/assumpta-eu.org\\\/it\\\/10-marzo-festa-di-santa-maria-eugenio\\\/\"]}]},{\"@type\":\"ImageObject\",\"inLanguage\":\"it-IT\",\"@id\":\"https:\\\/\\\/assumpta-eu.org\\\/it\\\/10-marzo-festa-di-santa-maria-eugenio\\\/#primaryimage\",\"url\":\"https:\\\/\\\/assumpta-eu.org\\\/wp-content\\\/uploads\\\/2025\\\/03\\\/St-Marie-Eugenie-Icon.jpg\",\"contentUrl\":\"https:\\\/\\\/assumpta-eu.org\\\/wp-content\\\/uploads\\\/2025\\\/03\\\/St-Marie-Eugenie-Icon.jpg\",\"width\":1920,\"height\":1079},{\"@type\":\"BreadcrumbList\",\"@id\":\"https:\\\/\\\/assumpta-eu.org\\\/it\\\/10-marzo-festa-di-santa-maria-eugenio\\\/#breadcrumb\",\"itemListElement\":[{\"@type\":\"ListItem\",\"position\":1,\"name\":\"Home\",\"item\":\"https:\\\/\\\/assumpta-eu.org\\\/it\\\/\"},{\"@type\":\"ListItem\",\"position\":2,\"name\":\"10 marzo: Festa di Santa Maria Eugenia\"}]},{\"@type\":\"WebSite\",\"@id\":\"https:\\\/\\\/assumpta-eu.org\\\/it\\\/#website\",\"url\":\"https:\\\/\\\/assumpta-eu.org\\\/it\\\/\",\"name\":\"Province of Europe of the Religious of the Assumption\",\"description\":\"Make Christ known and loved\",\"publisher\":{\"@id\":\"https:\\\/\\\/assumpta-eu.org\\\/it\\\/#organization\"},\"potentialAction\":[{\"@type\":\"SearchAction\",\"target\":{\"@type\":\"EntryPoint\",\"urlTemplate\":\"https:\\\/\\\/assumpta-eu.org\\\/it\\\/?s={search_term_string}\"},\"query-input\":{\"@type\":\"PropertyValueSpecification\",\"valueRequired\":true,\"valueName\":\"search_term_string\"}}],\"inLanguage\":\"it-IT\"},{\"@type\":\"Organization\",\"@id\":\"https:\\\/\\\/assumpta-eu.org\\\/it\\\/#organization\",\"name\":\"Religious of the Assumption\",\"url\":\"https:\\\/\\\/assumpta-eu.org\\\/it\\\/\",\"logo\":{\"@type\":\"ImageObject\",\"inLanguage\":\"it-IT\",\"@id\":\"https:\\\/\\\/assumpta-eu.org\\\/it\\\/#\\\/schema\\\/logo\\\/image\\\/\",\"url\":\"https:\\\/\\\/assumpta-eu.org\\\/wp-content\\\/uploads\\\/2023\\\/06\\\/RA-EU-logos-02.png\",\"contentUrl\":\"https:\\\/\\\/assumpta-eu.org\\\/wp-content\\\/uploads\\\/2023\\\/06\\\/RA-EU-logos-02.png\",\"width\":705,\"height\":729,\"caption\":\"Religious of the Assumption\"},\"image\":{\"@id\":\"https:\\\/\\\/assumpta-eu.org\\\/it\\\/#\\\/schema\\\/logo\\\/image\\\/\"},\"sameAs\":[\"http:\\\/\\\/www.facebook.com\\\/assumptionUK\",\"https:\\\/\\\/x.com\\\/AssumptionRA\",\"http:\\\/\\\/www.instagram.com\\\/assumptionuk\"]},{\"@type\":\"Person\",\"@id\":\"https:\\\/\\\/assumpta-eu.org\\\/it\\\/#\\\/schema\\\/person\\\/e88c33b9055ec5800b6adec01e18116f\",\"name\":\"Francesca\",\"image\":{\"@type\":\"ImageObject\",\"inLanguage\":\"it-IT\",\"@id\":\"https:\\\/\\\/secure.gravatar.com\\\/avatar\\\/c6889456abf47fb76d7dcee6159de1147a3745ed8e1b111a451cf072ad9a8b66?s=96&d=mm&r=g\",\"url\":\"https:\\\/\\\/secure.gravatar.com\\\/avatar\\\/c6889456abf47fb76d7dcee6159de1147a3745ed8e1b111a451cf072ad9a8b66?s=96&d=mm&r=g\",\"contentUrl\":\"https:\\\/\\\/secure.gravatar.com\\\/avatar\\\/c6889456abf47fb76d7dcee6159de1147a3745ed8e1b111a451cf072ad9a8b66?s=96&d=mm&r=g\",\"caption\":\"Francesca\"},\"url\":\"https:\\\/\\\/assumpta-eu.org\\\/it\\\/author\\\/francesca\\\/\"}]}<\/script>\n<!-- \/ Yoast SEO plugin. -->","yoast_head_json":{"title":"10 marzo: Festa di Santa Maria Eugenia - Religious of the Assumption &gt; Province of Europe","robots":{"index":"index","follow":"follow","max-snippet":"max-snippet:-1","max-image-preview":"max-image-preview:large","max-video-preview":"max-video-preview:-1"},"canonical":"https:\/\/assumpta-eu.org\/it\/10-marzo-festa-di-santa-maria-eugenio\/","og_locale":"it_IT","og_type":"article","og_title":"10 marzo: Festa di Santa Maria Eugenia - Religious of the Assumption &gt; Province of Europe","og_description":"Il 10 marzo, le Religiose dell'Assunzione celebrano la festa di Santa Maria Eugenia di Ges\u00f9, la loro fondatrice. Nata a Metz (Francia) nel 1817 da una famiglia benestante ma irreligiosa, Maria Eugenia visse una profonda esperienza spirituale durante la sua infanzia. Racconta che il giorno della sua prima comunione, all'et\u00e0 di dodici anni, ebbe un [&hellip;]","og_url":"https:\/\/assumpta-eu.org\/it\/10-marzo-festa-di-santa-maria-eugenio\/","og_site_name":"Religious of the Assumption &gt; Province of Europe","article_publisher":"http:\/\/www.facebook.com\/assumptionUK","article_published_time":"2025-03-07T07:18:18+00:00","article_modified_time":"2025-03-25T15:23:57+00:00","og_image":[{"width":1920,"height":1079,"url":"https:\/\/assumpta-eu.org\/wp-content\/uploads\/2025\/03\/St-Marie-Eugenie-Icon.jpg","type":"image\/jpeg"}],"author":"Francesca","twitter_card":"summary_large_image","twitter_creator":"@AssumptionRA","twitter_site":"@AssumptionRA","twitter_misc":{"Scritto da":"Francesca","Tempo di lettura stimato":"2 minuti"},"schema":{"@context":"https:\/\/schema.org","@graph":[{"@type":"Article","@id":"https:\/\/assumpta-eu.org\/it\/10-marzo-festa-di-santa-maria-eugenio\/#article","isPartOf":{"@id":"https:\/\/assumpta-eu.org\/it\/10-marzo-festa-di-santa-maria-eugenio\/"},"author":{"name":"Francesca","@id":"https:\/\/assumpta-eu.org\/it\/#\/schema\/person\/e88c33b9055ec5800b6adec01e18116f"},"headline":"10 marzo: Festa di Santa Maria Eugenia","datePublished":"2025-03-07T07:18:18+00:00","dateModified":"2025-03-25T15:23:57+00:00","mainEntityOfPage":{"@id":"https:\/\/assumpta-eu.org\/it\/10-marzo-festa-di-santa-maria-eugenio\/"},"wordCount":430,"publisher":{"@id":"https:\/\/assumpta-eu.org\/it\/#organization"},"image":{"@id":"https:\/\/assumpta-eu.org\/it\/10-marzo-festa-di-santa-maria-eugenio\/#primaryimage"},"thumbnailUrl":"https:\/\/assumpta-eu.org\/wp-content\/uploads\/2025\/03\/St-Marie-Eugenie-Icon.jpg","articleSection":["Congregazione"],"inLanguage":"it-IT"},{"@type":"WebPage","@id":"https:\/\/assumpta-eu.org\/it\/10-marzo-festa-di-santa-maria-eugenio\/","url":"https:\/\/assumpta-eu.org\/it\/10-marzo-festa-di-santa-maria-eugenio\/","name":"10 marzo: Festa di Santa Maria Eugenia - Religious of the Assumption &gt; Province of Europe","isPartOf":{"@id":"https:\/\/assumpta-eu.org\/it\/#website"},"primaryImageOfPage":{"@id":"https:\/\/assumpta-eu.org\/it\/10-marzo-festa-di-santa-maria-eugenio\/#primaryimage"},"image":{"@id":"https:\/\/assumpta-eu.org\/it\/10-marzo-festa-di-santa-maria-eugenio\/#primaryimage"},"thumbnailUrl":"https:\/\/assumpta-eu.org\/wp-content\/uploads\/2025\/03\/St-Marie-Eugenie-Icon.jpg","datePublished":"2025-03-07T07:18:18+00:00","dateModified":"2025-03-25T15:23:57+00:00","breadcrumb":{"@id":"https:\/\/assumpta-eu.org\/it\/10-marzo-festa-di-santa-maria-eugenio\/#breadcrumb"},"inLanguage":"it-IT","potentialAction":[{"@type":"ReadAction","target":["https:\/\/assumpta-eu.org\/it\/10-marzo-festa-di-santa-maria-eugenio\/"]}]},{"@type":"ImageObject","inLanguage":"it-IT","@id":"https:\/\/assumpta-eu.org\/it\/10-marzo-festa-di-santa-maria-eugenio\/#primaryimage","url":"https:\/\/assumpta-eu.org\/wp-content\/uploads\/2025\/03\/St-Marie-Eugenie-Icon.jpg","contentUrl":"https:\/\/assumpta-eu.org\/wp-content\/uploads\/2025\/03\/St-Marie-Eugenie-Icon.jpg","width":1920,"height":1079},{"@type":"BreadcrumbList","@id":"https:\/\/assumpta-eu.org\/it\/10-marzo-festa-di-santa-maria-eugenio\/#breadcrumb","itemListElement":[{"@type":"ListItem","position":1,"name":"Home","item":"https:\/\/assumpta-eu.org\/it\/"},{"@type":"ListItem","position":2,"name":"10 marzo: Festa di Santa Maria Eugenia"}]},{"@type":"WebSite","@id":"https:\/\/assumpta-eu.org\/it\/#website","url":"https:\/\/assumpta-eu.org\/it\/","name":"Province of Europe of the Religious of the Assumption","description":"Make Christ known and loved","publisher":{"@id":"https:\/\/assumpta-eu.org\/it\/#organization"},"potentialAction":[{"@type":"SearchAction","target":{"@type":"EntryPoint","urlTemplate":"https:\/\/assumpta-eu.org\/it\/?s={search_term_string}"},"query-input":{"@type":"PropertyValueSpecification","valueRequired":true,"valueName":"search_term_string"}}],"inLanguage":"it-IT"},{"@type":"Organization","@id":"https:\/\/assumpta-eu.org\/it\/#organization","name":"Religious of the Assumption","url":"https:\/\/assumpta-eu.org\/it\/","logo":{"@type":"ImageObject","inLanguage":"it-IT","@id":"https:\/\/assumpta-eu.org\/it\/#\/schema\/logo\/image\/","url":"https:\/\/assumpta-eu.org\/wp-content\/uploads\/2023\/06\/RA-EU-logos-02.png","contentUrl":"https:\/\/assumpta-eu.org\/wp-content\/uploads\/2023\/06\/RA-EU-logos-02.png","width":705,"height":729,"caption":"Religious of the Assumption"},"image":{"@id":"https:\/\/assumpta-eu.org\/it\/#\/schema\/logo\/image\/"},"sameAs":["http:\/\/www.facebook.com\/assumptionUK","https:\/\/x.com\/AssumptionRA","http:\/\/www.instagram.com\/assumptionuk"]},{"@type":"Person","@id":"https:\/\/assumpta-eu.org\/it\/#\/schema\/person\/e88c33b9055ec5800b6adec01e18116f","name":"Francesca","image":{"@type":"ImageObject","inLanguage":"it-IT","@id":"https:\/\/secure.gravatar.com\/avatar\/c6889456abf47fb76d7dcee6159de1147a3745ed8e1b111a451cf072ad9a8b66?s=96&d=mm&r=g","url":"https:\/\/secure.gravatar.com\/avatar\/c6889456abf47fb76d7dcee6159de1147a3745ed8e1b111a451cf072ad9a8b66?s=96&d=mm&r=g","contentUrl":"https:\/\/secure.gravatar.com\/avatar\/c6889456abf47fb76d7dcee6159de1147a3745ed8e1b111a451cf072ad9a8b66?s=96&d=mm&r=g","caption":"Francesca"},"url":"https:\/\/assumpta-eu.org\/it\/author\/francesca\/"}]}},"_links":{"self":[{"href":"https:\/\/assumpta-eu.org\/it\/wp-json\/wp\/v2\/posts\/5607","targetHints":{"allow":["GET"]}}],"collection":[{"href":"https:\/\/assumpta-eu.org\/it\/wp-json\/wp\/v2\/posts"}],"about":[{"href":"https:\/\/assumpta-eu.org\/it\/wp-json\/wp\/v2\/types\/post"}],"author":[{"embeddable":true,"href":"https:\/\/assumpta-eu.org\/it\/wp-json\/wp\/v2\/users\/3"}],"replies":[{"embeddable":true,"href":"https:\/\/assumpta-eu.org\/it\/wp-json\/wp\/v2\/comments?post=5607"}],"version-history":[{"count":8,"href":"https:\/\/assumpta-eu.org\/it\/wp-json\/wp\/v2\/posts\/5607\/revisions"}],"predecessor-version":[{"id":5621,"href":"https:\/\/assumpta-eu.org\/it\/wp-json\/wp\/v2\/posts\/5607\/revisions\/5621"}],"wp:featuredmedia":[{"embeddable":true,"href":"https:\/\/assumpta-eu.org\/it\/wp-json\/wp\/v2\/media\/5587"}],"wp:attachment":[{"href":"https:\/\/assumpta-eu.org\/it\/wp-json\/wp\/v2\/media?parent=5607"}],"wp:term":[{"taxonomy":"category","embeddable":true,"href":"https:\/\/assumpta-eu.org\/it\/wp-json\/wp\/v2\/categories?post=5607"},{"taxonomy":"post_tag","embeddable":true,"href":"https:\/\/assumpta-eu.org\/it\/wp-json\/wp\/v2\/tags?post=5607"}],"curies":[{"name":"wp","href":"https:\/\/api.w.org\/{rel}","templated":true}]}}