{"id":7099,"date":"2026-04-09T15:51:06","date_gmt":"2026-04-09T13:51:06","guid":{"rendered":"https:\/\/assumpta-eu.org\/la-visite-canonique-a-la-province-deurope-un-voyage-de-grace\/"},"modified":"2026-04-09T16:06:01","modified_gmt":"2026-04-09T14:06:01","slug":"la-visite-canonique-a-la-province-deurope-un-voyage-de-grace","status":"publish","type":"post","link":"https:\/\/assumpta-eu.org\/fr\/la-visite-canonique-a-la-province-deurope-un-voyage-de-grace\/","title":{"rendered":"La visite canonique \u00e0 la Province d&rsquo;Europe : Un voyage de gr\u00e2ce"},"content":{"rendered":"\n<p>La Province d'Europe vient de terminer une <strong>visite canonique<\/strong> de trois semaines qui a commenc\u00e9 le 12 mars, conduite par Sr Rekha, Sup\u00e9rieure g\u00e9n\u00e9rale, et son Conseil. Cette visite, la premi\u00e8re en personne depuis la cr\u00e9ation de la Province, a \u00e9t\u00e9 une occasion pr\u00e9cieuse de se reconnecter avec ce que nous sommes et ce que nous sommes appel\u00e9s \u00e0 faire. <\/p>\n\n<p>La Province est \u00e0 la fois ancienne et nouvelle. Ses racines remontent aux toutes premi\u00e8res fondations en Angleterre et en Italie par Sainte Marie Eug\u00e9nie, mais elle n'a \u00e9t\u00e9 officiellement constitu\u00e9e qu'il y a huit ans, en r\u00e9unissant les anciennes provinces d'Angleterre, d'Italie, et de Belgique et Lituanie. Depuis lors, elle s'est d\u00e9velopp\u00e9e en une province diversifi\u00e9e et dynamique, marchant ensemble dans un esprit de communion, d'\u00e9coute partag\u00e9e et d'espoir.  <\/p>\n\n<p>Au cours de cette visite, le Conseil g\u00e9n\u00e9ral a pass\u00e9 du temps avec les s\u0153urs, les collaborateurs et les amis dans les communaut\u00e9s, les \u00e9coles et les minist\u00e8res. Ce fut un v\u00e9ritable moment de rencontre - plein d'<strong>\u00e9coute<\/strong>, de <strong>partage<\/strong> et de constatation directe de la <strong>g\u00e9n\u00e9rosit\u00e9<\/strong> et de l'<strong>engagement<\/strong> qui font avancer la mission aujourd'hui. Un moment particuli\u00e8rement joyeux a \u00e9t\u00e9 la profession solennelle de Sr Francesca \u00e0 Twickenham, un beau t\u00e9moignage de l'engagement et de la foi de toute une vie.  <\/p>\n\n<p>La visite s'est achev\u00e9e \u00e0 Tournai par un <strong>Conseil Provincial Pl\u00e9nier \u00e9largi,<\/strong> qui a permis de r\u00e9fl\u00e9chir, de partager et d'envisager l'avenir. Les derni\u00e8res nouvelles concernaient le d\u00e9veloppement d'une nouvelle communaut\u00e9 internationale \u00e0 T\u00e9n\u00e9rife, au service des personnes vuln\u00e9rables et des migrants, ainsi que la collaboration continue avec les partenaires la\u00efcs \u00e0 travers Assomption Ensemble et les programmes de volontariat pour les jeunes. <\/p>\n\n<p>Avant tout, la visite a \u00e9t\u00e9 un moment de <strong>gratitude<\/strong> - pour la richesse de la vie communautaire, la sagesse des s\u0153urs plus \u00e2g\u00e9es, et m\u00eame les d\u00e9fis qui nous aident \u00e0 grandir. Elle s'est achev\u00e9e le dimanche des Rameaux par une c\u00e9l\u00e9bration commune, un rappel simple mais puissant que, malgr\u00e9 les distances et les diff\u00e9rences, nous continuons \u00e0 avancer ensemble dans la foi, la mission et l'espoir. <\/p>\n\n<figure class=\"wp-block-gallery has-nested-images columns-2 is-cropped wp-block-gallery-1 is-layout-flex wp-block-gallery-is-layout-flex\">\n<figure class=\"wp-block-image size-large\"><img loading=\"lazy\" decoding=\"async\" width=\"1024\" height=\"768\" data-id=\"7072\" src=\"https:\/\/assumpta-eu.org\/wp-content\/uploads\/2026\/04\/1000029012-1024x768.jpg\" alt=\"\" class=\"wp-image-7072\" srcset=\"https:\/\/assumpta-eu.org\/wp-content\/uploads\/2026\/04\/1000029012-980x735.jpg 980w, https:\/\/assumpta-eu.org\/wp-content\/uploads\/2026\/04\/1000029012-480x360.jpg 480w\" sizes=\"(min-width: 0px) and (max-width: 480px) 480px, (min-width: 481px) and (max-width: 980px) 980px, (min-width: 981px) 1024px, 100vw\" \/><\/figure>\n\n\n\n<figure class=\"wp-block-image size-large\"><img loading=\"lazy\" decoding=\"async\" width=\"1024\" height=\"780\" data-id=\"7080\" src=\"https:\/\/assumpta-eu.org\/wp-content\/uploads\/2026\/04\/1000028839-1024x780.jpg\" alt=\"\" class=\"wp-image-7080\" srcset=\"https:\/\/assumpta-eu.org\/wp-content\/uploads\/2026\/04\/1000028839-980x747.jpg 980w, https:\/\/assumpta-eu.org\/wp-content\/uploads\/2026\/04\/1000028839-480x366.jpg 480w\" sizes=\"(min-width: 0px) and (max-width: 480px) 480px, (min-width: 481px) and (max-width: 980px) 980px, (min-width: 981px) 1024px, 100vw\" \/><\/figure>\n\n\n\n<figure class=\"wp-block-image size-large\"><img loading=\"lazy\" decoding=\"async\" width=\"1024\" height=\"472\" data-id=\"7076\" src=\"https:\/\/assumpta-eu.org\/wp-content\/uploads\/2026\/04\/1000029024-1024x472.jpg\" alt=\"\" class=\"wp-image-7076\" srcset=\"https:\/\/assumpta-eu.org\/wp-content\/uploads\/2026\/04\/1000029024-980x451.jpg 980w, https:\/\/assumpta-eu.org\/wp-content\/uploads\/2026\/04\/1000029024-480x221.jpg 480w\" sizes=\"(min-width: 0px) and (max-width: 480px) 480px, (min-width: 481px) and (max-width: 980px) 980px, (min-width: 981px) 1024px, 100vw\" \/><\/figure>\n\n\n\n<figure class=\"wp-block-image size-large\"><img loading=\"lazy\" decoding=\"async\" width=\"1024\" height=\"461\" data-id=\"7084\" src=\"https:\/\/assumpta-eu.org\/wp-content\/uploads\/2026\/04\/1000028664-1024x461.jpg\" alt=\"\" class=\"wp-image-7084\" srcset=\"https:\/\/assumpta-eu.org\/wp-content\/uploads\/2026\/04\/1000028664-980x441.jpg 980w, https:\/\/assumpta-eu.org\/wp-content\/uploads\/2026\/04\/1000028664-480x216.jpg 480w\" sizes=\"(min-width: 0px) and (max-width: 480px) 480px, (min-width: 481px) and (max-width: 980px) 980px, (min-width: 981px) 1024px, 100vw\" \/><\/figure>\n\n\n\n<figure class=\"wp-block-image size-large\"><img loading=\"lazy\" decoding=\"async\" width=\"1600\" height=\"928\" data-id=\"7068\" src=\"https:\/\/assumpta-eu.org\/wp-content\/uploads\/2026\/04\/1000028842-e1775742276788.jpg\" alt=\"\" class=\"wp-image-7068\" srcset=\"https:\/\/assumpta-eu.org\/wp-content\/uploads\/2026\/04\/1000028842-e1775742276788.jpg 1600w, https:\/\/assumpta-eu.org\/wp-content\/uploads\/2026\/04\/1000028842-e1775742276788-1280x720.jpg 1280w, https:\/\/assumpta-eu.org\/wp-content\/uploads\/2026\/04\/1000028842-e1775742276788-980x551.jpg 980w, https:\/\/assumpta-eu.org\/wp-content\/uploads\/2026\/04\/1000028842-e1775742276788-480x270.jpg 480w\" sizes=\"(min-width: 0px) and (max-width: 480px) 480px, (min-width: 481px) and (max-width: 980px) 980px, (min-width: 981px) and (max-width: 1280px) 1280px, (min-width: 1281px) 1600px, 100vw\" \/><\/figure>\n<\/figure>\n","protected":false},"excerpt":{"rendered":"<p>La Province d&rsquo;Europe vient de terminer une visite canonique de trois semaines qui a commenc\u00e9 le 12 mars, conduite par Sr Rekha, Sup\u00e9rieure g\u00e9n\u00e9rale, et son Conseil. Cette visite, la premi\u00e8re en personne depuis la cr\u00e9ation de la Province, a \u00e9t\u00e9 une occasion pr\u00e9cieuse de se reconnecter avec ce que nous sommes et ce que [&hellip;]<\/p>\n","protected":false},"author":3,"featured_media":7061,"comment_status":"closed","ping_status":"closed","sticky":false,"template":"","format":"standard","meta":{"footnotes":""},"categories":[43,37],"tags":[],"class_list":["post-7099","post","type-post","status-publish","format-standard","has-post-thumbnail","hentry","category-congregation-fr","category-province-europeenne"],"yoast_head":"<!-- This site is optimized with the Yoast SEO plugin v27.5 - https:\/\/yoast.com\/product\/yoast-seo-wordpress\/ -->\n<title>La visite canonique \u00e0 la Province d&#039;Europe : Un voyage de gr\u00e2ce - Religious of the Assumption &gt; Province of Europe<\/title>\n<meta name=\"robots\" content=\"index, follow, max-snippet:-1, max-image-preview:large, max-video-preview:-1\" \/>\n<link rel=\"canonical\" href=\"https:\/\/assumpta-eu.org\/fr\/la-visite-canonique-a-la-province-deurope-un-voyage-de-grace\/\" \/>\n<meta property=\"og:locale\" content=\"fr_FR\" \/>\n<meta property=\"og:type\" content=\"article\" \/>\n<meta property=\"og:title\" content=\"La visite canonique \u00e0 la Province d&#039;Europe : Un voyage de gr\u00e2ce - Religious of the Assumption &gt; Province of Europe\" \/>\n<meta property=\"og:description\" content=\"La Province d&rsquo;Europe vient de terminer une visite canonique de trois semaines qui a commenc\u00e9 le 12 mars, conduite par Sr Rekha, Sup\u00e9rieure g\u00e9n\u00e9rale, et son Conseil. Cette visite, la premi\u00e8re en personne depuis la cr\u00e9ation de la Province, a \u00e9t\u00e9 une occasion pr\u00e9cieuse de se reconnecter avec ce que nous sommes et ce que [&hellip;]\" \/>\n<meta property=\"og:url\" content=\"https:\/\/assumpta-eu.org\/fr\/la-visite-canonique-a-la-province-deurope-un-voyage-de-grace\/\" \/>\n<meta property=\"og:site_name\" content=\"Religious of the Assumption &gt; Province of Europe\" \/>\n<meta property=\"article:publisher\" content=\"http:\/\/www.facebook.com\/assumptionUK\" \/>\n<meta property=\"article:published_time\" content=\"2026-04-09T13:51:06+00:00\" \/>\n<meta property=\"article:modified_time\" content=\"2026-04-09T14:06:01+00:00\" \/>\n<meta property=\"og:image\" content=\"https:\/\/assumpta-eu.org\/wp-content\/uploads\/2026\/04\/1000028529-scaled-e1775742154388.jpg\" \/>\n\t<meta property=\"og:image:width\" content=\"2560\" \/>\n\t<meta property=\"og:image:height\" content=\"1920\" \/>\n\t<meta property=\"og:image:type\" content=\"image\/jpeg\" \/>\n<meta name=\"author\" content=\"Francesca\" \/>\n<meta name=\"twitter:card\" content=\"summary_large_image\" \/>\n<meta name=\"twitter:creator\" content=\"@AssumptionRA\" \/>\n<meta name=\"twitter:site\" content=\"@AssumptionRA\" \/>\n<meta name=\"twitter:label1\" content=\"\u00c9crit par\" \/>\n\t<meta name=\"twitter:data1\" content=\"Francesca\" \/>\n\t<meta name=\"twitter:label2\" content=\"Dur\u00e9e de lecture estim\u00e9e\" \/>\n\t<meta name=\"twitter:data2\" content=\"2 minutes\" \/>\n<script type=\"application\/ld+json\" class=\"yoast-schema-graph\">{\"@context\":\"https:\\\/\\\/schema.org\",\"@graph\":[{\"@type\":\"Article\",\"@id\":\"https:\\\/\\\/assumpta-eu.org\\\/fr\\\/la-visite-canonique-a-la-province-deurope-un-voyage-de-grace\\\/#article\",\"isPartOf\":{\"@id\":\"https:\\\/\\\/assumpta-eu.org\\\/fr\\\/la-visite-canonique-a-la-province-deurope-un-voyage-de-grace\\\/\"},\"author\":{\"name\":\"Francesca\",\"@id\":\"https:\\\/\\\/assumpta-eu.org\\\/fr\\\/#\\\/schema\\\/person\\\/e88c33b9055ec5800b6adec01e18116f\"},\"headline\":\"La visite canonique \u00e0 la Province d&rsquo;Europe : Un voyage de gr\u00e2ce\",\"datePublished\":\"2026-04-09T13:51:06+00:00\",\"dateModified\":\"2026-04-09T14:06:01+00:00\",\"mainEntityOfPage\":{\"@id\":\"https:\\\/\\\/assumpta-eu.org\\\/fr\\\/la-visite-canonique-a-la-province-deurope-un-voyage-de-grace\\\/\"},\"wordCount\":408,\"publisher\":{\"@id\":\"https:\\\/\\\/assumpta-eu.org\\\/fr\\\/#organization\"},\"image\":{\"@id\":\"https:\\\/\\\/assumpta-eu.org\\\/fr\\\/la-visite-canonique-a-la-province-deurope-un-voyage-de-grace\\\/#primaryimage\"},\"thumbnailUrl\":\"https:\\\/\\\/assumpta-eu.org\\\/wp-content\\\/uploads\\\/2026\\\/04\\\/1000028529-scaled-e1775742154388.jpg\",\"articleSection\":[\"Congr\u00e9gation\",\"Province Europ\u00e9enne\"],\"inLanguage\":\"fr-FR\"},{\"@type\":\"WebPage\",\"@id\":\"https:\\\/\\\/assumpta-eu.org\\\/fr\\\/la-visite-canonique-a-la-province-deurope-un-voyage-de-grace\\\/\",\"url\":\"https:\\\/\\\/assumpta-eu.org\\\/fr\\\/la-visite-canonique-a-la-province-deurope-un-voyage-de-grace\\\/\",\"name\":\"La visite canonique \u00e0 la Province d'Europe : Un voyage de gr\u00e2ce - Religious of the Assumption &gt; Province of Europe\",\"isPartOf\":{\"@id\":\"https:\\\/\\\/assumpta-eu.org\\\/fr\\\/#website\"},\"primaryImageOfPage\":{\"@id\":\"https:\\\/\\\/assumpta-eu.org\\\/fr\\\/la-visite-canonique-a-la-province-deurope-un-voyage-de-grace\\\/#primaryimage\"},\"image\":{\"@id\":\"https:\\\/\\\/assumpta-eu.org\\\/fr\\\/la-visite-canonique-a-la-province-deurope-un-voyage-de-grace\\\/#primaryimage\"},\"thumbnailUrl\":\"https:\\\/\\\/assumpta-eu.org\\\/wp-content\\\/uploads\\\/2026\\\/04\\\/1000028529-scaled-e1775742154388.jpg\",\"datePublished\":\"2026-04-09T13:51:06+00:00\",\"dateModified\":\"2026-04-09T14:06:01+00:00\",\"breadcrumb\":{\"@id\":\"https:\\\/\\\/assumpta-eu.org\\\/fr\\\/la-visite-canonique-a-la-province-deurope-un-voyage-de-grace\\\/#breadcrumb\"},\"inLanguage\":\"fr-FR\",\"potentialAction\":[{\"@type\":\"ReadAction\",\"target\":[\"https:\\\/\\\/assumpta-eu.org\\\/fr\\\/la-visite-canonique-a-la-province-deurope-un-voyage-de-grace\\\/\"]}]},{\"@type\":\"ImageObject\",\"inLanguage\":\"fr-FR\",\"@id\":\"https:\\\/\\\/assumpta-eu.org\\\/fr\\\/la-visite-canonique-a-la-province-deurope-un-voyage-de-grace\\\/#primaryimage\",\"url\":\"https:\\\/\\\/assumpta-eu.org\\\/wp-content\\\/uploads\\\/2026\\\/04\\\/1000028529-scaled-e1775742154388.jpg\",\"contentUrl\":\"https:\\\/\\\/assumpta-eu.org\\\/wp-content\\\/uploads\\\/2026\\\/04\\\/1000028529-scaled-e1775742154388.jpg\",\"width\":2560,\"height\":1920},{\"@type\":\"BreadcrumbList\",\"@id\":\"https:\\\/\\\/assumpta-eu.org\\\/fr\\\/la-visite-canonique-a-la-province-deurope-un-voyage-de-grace\\\/#breadcrumb\",\"itemListElement\":[{\"@type\":\"ListItem\",\"position\":1,\"name\":\"Home\",\"item\":\"https:\\\/\\\/assumpta-eu.org\\\/fr\\\/\"},{\"@type\":\"ListItem\",\"position\":2,\"name\":\"La visite canonique \u00e0 la Province d&rsquo;Europe : Un voyage de gr\u00e2ce\"}]},{\"@type\":\"WebSite\",\"@id\":\"https:\\\/\\\/assumpta-eu.org\\\/fr\\\/#website\",\"url\":\"https:\\\/\\\/assumpta-eu.org\\\/fr\\\/\",\"name\":\"Province of Europe of the Religious of the Assumption\",\"description\":\"Make Christ known and loved\",\"publisher\":{\"@id\":\"https:\\\/\\\/assumpta-eu.org\\\/fr\\\/#organization\"},\"potentialAction\":[{\"@type\":\"SearchAction\",\"target\":{\"@type\":\"EntryPoint\",\"urlTemplate\":\"https:\\\/\\\/assumpta-eu.org\\\/fr\\\/?s={search_term_string}\"},\"query-input\":{\"@type\":\"PropertyValueSpecification\",\"valueRequired\":true,\"valueName\":\"search_term_string\"}}],\"inLanguage\":\"fr-FR\"},{\"@type\":\"Organization\",\"@id\":\"https:\\\/\\\/assumpta-eu.org\\\/fr\\\/#organization\",\"name\":\"Religious of the Assumption\",\"url\":\"https:\\\/\\\/assumpta-eu.org\\\/fr\\\/\",\"logo\":{\"@type\":\"ImageObject\",\"inLanguage\":\"fr-FR\",\"@id\":\"https:\\\/\\\/assumpta-eu.org\\\/fr\\\/#\\\/schema\\\/logo\\\/image\\\/\",\"url\":\"https:\\\/\\\/assumpta-eu.org\\\/wp-content\\\/uploads\\\/2023\\\/06\\\/RA-EU-logos-02.png\",\"contentUrl\":\"https:\\\/\\\/assumpta-eu.org\\\/wp-content\\\/uploads\\\/2023\\\/06\\\/RA-EU-logos-02.png\",\"width\":705,\"height\":729,\"caption\":\"Religious of the Assumption\"},\"image\":{\"@id\":\"https:\\\/\\\/assumpta-eu.org\\\/fr\\\/#\\\/schema\\\/logo\\\/image\\\/\"},\"sameAs\":[\"http:\\\/\\\/www.facebook.com\\\/assumptionUK\",\"https:\\\/\\\/x.com\\\/AssumptionRA\",\"http:\\\/\\\/www.instagram.com\\\/assumptionuk\"]},{\"@type\":\"Person\",\"@id\":\"https:\\\/\\\/assumpta-eu.org\\\/fr\\\/#\\\/schema\\\/person\\\/e88c33b9055ec5800b6adec01e18116f\",\"name\":\"Francesca\",\"image\":{\"@type\":\"ImageObject\",\"inLanguage\":\"fr-FR\",\"@id\":\"https:\\\/\\\/secure.gravatar.com\\\/avatar\\\/c6889456abf47fb76d7dcee6159de1147a3745ed8e1b111a451cf072ad9a8b66?s=96&d=mm&r=g\",\"url\":\"https:\\\/\\\/secure.gravatar.com\\\/avatar\\\/c6889456abf47fb76d7dcee6159de1147a3745ed8e1b111a451cf072ad9a8b66?s=96&d=mm&r=g\",\"contentUrl\":\"https:\\\/\\\/secure.gravatar.com\\\/avatar\\\/c6889456abf47fb76d7dcee6159de1147a3745ed8e1b111a451cf072ad9a8b66?s=96&d=mm&r=g\",\"caption\":\"Francesca\"},\"url\":\"https:\\\/\\\/assumpta-eu.org\\\/fr\\\/author\\\/francesca\\\/\"}]}<\/script>\n<!-- \/ Yoast SEO plugin. -->","yoast_head_json":{"title":"La visite canonique \u00e0 la Province d'Europe : Un voyage de gr\u00e2ce - Religious of the Assumption &gt; Province of Europe","robots":{"index":"index","follow":"follow","max-snippet":"max-snippet:-1","max-image-preview":"max-image-preview:large","max-video-preview":"max-video-preview:-1"},"canonical":"https:\/\/assumpta-eu.org\/fr\/la-visite-canonique-a-la-province-deurope-un-voyage-de-grace\/","og_locale":"fr_FR","og_type":"article","og_title":"La visite canonique \u00e0 la Province d'Europe : Un voyage de gr\u00e2ce - Religious of the Assumption &gt; Province of Europe","og_description":"La Province d&rsquo;Europe vient de terminer une visite canonique de trois semaines qui a commenc\u00e9 le 12 mars, conduite par Sr Rekha, Sup\u00e9rieure g\u00e9n\u00e9rale, et son Conseil. Cette visite, la premi\u00e8re en personne depuis la cr\u00e9ation de la Province, a \u00e9t\u00e9 une occasion pr\u00e9cieuse de se reconnecter avec ce que nous sommes et ce que [&hellip;]","og_url":"https:\/\/assumpta-eu.org\/fr\/la-visite-canonique-a-la-province-deurope-un-voyage-de-grace\/","og_site_name":"Religious of the Assumption &gt; Province of Europe","article_publisher":"http:\/\/www.facebook.com\/assumptionUK","article_published_time":"2026-04-09T13:51:06+00:00","article_modified_time":"2026-04-09T14:06:01+00:00","og_image":[{"width":2560,"height":1920,"url":"https:\/\/assumpta-eu.org\/wp-content\/uploads\/2026\/04\/1000028529-scaled-e1775742154388.jpg","type":"image\/jpeg"}],"author":"Francesca","twitter_card":"summary_large_image","twitter_creator":"@AssumptionRA","twitter_site":"@AssumptionRA","twitter_misc":{"\u00c9crit par":"Francesca","Dur\u00e9e de lecture estim\u00e9e":"2 minutes"},"schema":{"@context":"https:\/\/schema.org","@graph":[{"@type":"Article","@id":"https:\/\/assumpta-eu.org\/fr\/la-visite-canonique-a-la-province-deurope-un-voyage-de-grace\/#article","isPartOf":{"@id":"https:\/\/assumpta-eu.org\/fr\/la-visite-canonique-a-la-province-deurope-un-voyage-de-grace\/"},"author":{"name":"Francesca","@id":"https:\/\/assumpta-eu.org\/fr\/#\/schema\/person\/e88c33b9055ec5800b6adec01e18116f"},"headline":"La visite canonique \u00e0 la Province d&rsquo;Europe : Un voyage de gr\u00e2ce","datePublished":"2026-04-09T13:51:06+00:00","dateModified":"2026-04-09T14:06:01+00:00","mainEntityOfPage":{"@id":"https:\/\/assumpta-eu.org\/fr\/la-visite-canonique-a-la-province-deurope-un-voyage-de-grace\/"},"wordCount":408,"publisher":{"@id":"https:\/\/assumpta-eu.org\/fr\/#organization"},"image":{"@id":"https:\/\/assumpta-eu.org\/fr\/la-visite-canonique-a-la-province-deurope-un-voyage-de-grace\/#primaryimage"},"thumbnailUrl":"https:\/\/assumpta-eu.org\/wp-content\/uploads\/2026\/04\/1000028529-scaled-e1775742154388.jpg","articleSection":["Congr\u00e9gation","Province Europ\u00e9enne"],"inLanguage":"fr-FR"},{"@type":"WebPage","@id":"https:\/\/assumpta-eu.org\/fr\/la-visite-canonique-a-la-province-deurope-un-voyage-de-grace\/","url":"https:\/\/assumpta-eu.org\/fr\/la-visite-canonique-a-la-province-deurope-un-voyage-de-grace\/","name":"La visite canonique \u00e0 la Province d'Europe : Un voyage de gr\u00e2ce - Religious of the Assumption &gt; Province of Europe","isPartOf":{"@id":"https:\/\/assumpta-eu.org\/fr\/#website"},"primaryImageOfPage":{"@id":"https:\/\/assumpta-eu.org\/fr\/la-visite-canonique-a-la-province-deurope-un-voyage-de-grace\/#primaryimage"},"image":{"@id":"https:\/\/assumpta-eu.org\/fr\/la-visite-canonique-a-la-province-deurope-un-voyage-de-grace\/#primaryimage"},"thumbnailUrl":"https:\/\/assumpta-eu.org\/wp-content\/uploads\/2026\/04\/1000028529-scaled-e1775742154388.jpg","datePublished":"2026-04-09T13:51:06+00:00","dateModified":"2026-04-09T14:06:01+00:00","breadcrumb":{"@id":"https:\/\/assumpta-eu.org\/fr\/la-visite-canonique-a-la-province-deurope-un-voyage-de-grace\/#breadcrumb"},"inLanguage":"fr-FR","potentialAction":[{"@type":"ReadAction","target":["https:\/\/assumpta-eu.org\/fr\/la-visite-canonique-a-la-province-deurope-un-voyage-de-grace\/"]}]},{"@type":"ImageObject","inLanguage":"fr-FR","@id":"https:\/\/assumpta-eu.org\/fr\/la-visite-canonique-a-la-province-deurope-un-voyage-de-grace\/#primaryimage","url":"https:\/\/assumpta-eu.org\/wp-content\/uploads\/2026\/04\/1000028529-scaled-e1775742154388.jpg","contentUrl":"https:\/\/assumpta-eu.org\/wp-content\/uploads\/2026\/04\/1000028529-scaled-e1775742154388.jpg","width":2560,"height":1920},{"@type":"BreadcrumbList","@id":"https:\/\/assumpta-eu.org\/fr\/la-visite-canonique-a-la-province-deurope-un-voyage-de-grace\/#breadcrumb","itemListElement":[{"@type":"ListItem","position":1,"name":"Home","item":"https:\/\/assumpta-eu.org\/fr\/"},{"@type":"ListItem","position":2,"name":"La visite canonique \u00e0 la Province d&rsquo;Europe : Un voyage de gr\u00e2ce"}]},{"@type":"WebSite","@id":"https:\/\/assumpta-eu.org\/fr\/#website","url":"https:\/\/assumpta-eu.org\/fr\/","name":"Province of Europe of the Religious of the Assumption","description":"Make Christ known and loved","publisher":{"@id":"https:\/\/assumpta-eu.org\/fr\/#organization"},"potentialAction":[{"@type":"SearchAction","target":{"@type":"EntryPoint","urlTemplate":"https:\/\/assumpta-eu.org\/fr\/?s={search_term_string}"},"query-input":{"@type":"PropertyValueSpecification","valueRequired":true,"valueName":"search_term_string"}}],"inLanguage":"fr-FR"},{"@type":"Organization","@id":"https:\/\/assumpta-eu.org\/fr\/#organization","name":"Religious of the Assumption","url":"https:\/\/assumpta-eu.org\/fr\/","logo":{"@type":"ImageObject","inLanguage":"fr-FR","@id":"https:\/\/assumpta-eu.org\/fr\/#\/schema\/logo\/image\/","url":"https:\/\/assumpta-eu.org\/wp-content\/uploads\/2023\/06\/RA-EU-logos-02.png","contentUrl":"https:\/\/assumpta-eu.org\/wp-content\/uploads\/2023\/06\/RA-EU-logos-02.png","width":705,"height":729,"caption":"Religious of the Assumption"},"image":{"@id":"https:\/\/assumpta-eu.org\/fr\/#\/schema\/logo\/image\/"},"sameAs":["http:\/\/www.facebook.com\/assumptionUK","https:\/\/x.com\/AssumptionRA","http:\/\/www.instagram.com\/assumptionuk"]},{"@type":"Person","@id":"https:\/\/assumpta-eu.org\/fr\/#\/schema\/person\/e88c33b9055ec5800b6adec01e18116f","name":"Francesca","image":{"@type":"ImageObject","inLanguage":"fr-FR","@id":"https:\/\/secure.gravatar.com\/avatar\/c6889456abf47fb76d7dcee6159de1147a3745ed8e1b111a451cf072ad9a8b66?s=96&d=mm&r=g","url":"https:\/\/secure.gravatar.com\/avatar\/c6889456abf47fb76d7dcee6159de1147a3745ed8e1b111a451cf072ad9a8b66?s=96&d=mm&r=g","contentUrl":"https:\/\/secure.gravatar.com\/avatar\/c6889456abf47fb76d7dcee6159de1147a3745ed8e1b111a451cf072ad9a8b66?s=96&d=mm&r=g","caption":"Francesca"},"url":"https:\/\/assumpta-eu.org\/fr\/author\/francesca\/"}]}},"_links":{"self":[{"href":"https:\/\/assumpta-eu.org\/fr\/wp-json\/wp\/v2\/posts\/7099","targetHints":{"allow":["GET"]}}],"collection":[{"href":"https:\/\/assumpta-eu.org\/fr\/wp-json\/wp\/v2\/posts"}],"about":[{"href":"https:\/\/assumpta-eu.org\/fr\/wp-json\/wp\/v2\/types\/post"}],"author":[{"embeddable":true,"href":"https:\/\/assumpta-eu.org\/fr\/wp-json\/wp\/v2\/users\/3"}],"replies":[{"embeddable":true,"href":"https:\/\/assumpta-eu.org\/fr\/wp-json\/wp\/v2\/comments?post=7099"}],"version-history":[{"count":4,"href":"https:\/\/assumpta-eu.org\/fr\/wp-json\/wp\/v2\/posts\/7099\/revisions"}],"predecessor-version":[{"id":7103,"href":"https:\/\/assumpta-eu.org\/fr\/wp-json\/wp\/v2\/posts\/7099\/revisions\/7103"}],"wp:featuredmedia":[{"embeddable":true,"href":"https:\/\/assumpta-eu.org\/fr\/wp-json\/wp\/v2\/media\/7061"}],"wp:attachment":[{"href":"https:\/\/assumpta-eu.org\/fr\/wp-json\/wp\/v2\/media?parent=7099"}],"wp:term":[{"taxonomy":"category","embeddable":true,"href":"https:\/\/assumpta-eu.org\/fr\/wp-json\/wp\/v2\/categories?post=7099"},{"taxonomy":"post_tag","embeddable":true,"href":"https:\/\/assumpta-eu.org\/fr\/wp-json\/wp\/v2\/tags?post=7099"}],"curies":[{"name":"wp","href":"https:\/\/api.w.org\/{rel}","templated":true}]}}