{"id":7055,"date":"2026-04-09T12:13:01","date_gmt":"2026-04-09T10:13:01","guid":{"rendered":"https:\/\/assumpta-eu.org\/un-coucher-de-soleil-radieux-la-vieillesse-comme-un-devenir-sacre\/"},"modified":"2026-04-09T16:23:28","modified_gmt":"2026-04-09T14:23:28","slug":"un-coucher-de-soleil-radieux-la-vieillesse-comme-un-devenir-sacre","status":"publish","type":"post","link":"https:\/\/assumpta-eu.org\/fr\/un-coucher-de-soleil-radieux-la-vieillesse-comme-un-devenir-sacre\/","title":{"rendered":"Un coucher de soleil radieux : La vieillesse comme un devenir sacr\u00e9"},"content":{"rendered":"\n<p class=\"has-text-align-right\">\"C'est une opportunit\u00e9 que la vie nous offre pour finir de grandir, de m\u00fbrir... de na\u00eetre !<br\/>Nous devons compl\u00e9ter notre premi\u00e8re naissance en construisant, en ouvrant des chemins, en surmontant des difficult\u00e9s et en fa\u00e7onnant notre destin.<br\/>Nous sommes toujours en gen\u00e8se... la vie humaine n'est pas structur\u00e9e pour se terminer avec la mort, mais pour \u00eatre transfigur\u00e9e par la mort.\"<br\/>- <em>Leonardo Boff<\/em><\/p>\n\n<p>La vieillesse <strong>est un don de Dieu.<\/strong><br\/>En nous accordant la vieillesse, Dieu le P\u00e8re nous donne le temps d'approfondir notre connaissance de Lui, notre intimit\u00e9 avec Lui, d'entrer toujours plus profond\u00e9ment dans Son c\u0153ur et de nous abandonner \u00e0 Lui.<br\/>C'est le moment de se pr\u00e9parer \u00e0 confier d\u00e9finitivement notre esprit entre Ses mains, avec la confiance des enfants.<\/p>\n\n<p>Mais c'est aussi un temps de f\u00e9condit\u00e9 renouvel\u00e9e.<br\/>\"Dans la vieillesse, ils porteront encore du fruit\", dit le psalmiste (Ps 91, 15).<br\/>Du sein st\u00e9rile de Sarah et du corps centenaire d'Abraham est n\u00e9 le peuple \u00e9lu.<br\/>D'Elisabeth et du vieillard Zacharie est n\u00e9 Jean le Baptiste.<\/p>\n\n<p>M\u00eame affaiblie, la personne \u00e2g\u00e9e peut devenir un instrument dans l'histoire du salut et peut encore contribuer au bien de la communaut\u00e9 par son humble service et sa pri\u00e8re.<\/p>\n\n<p><strong>La femme consacr\u00e9e<\/strong><br\/>La femme consacr\u00e9e, m\u00eame dans la vieillesse, ne cesse pas d'\u00eatre consacr\u00e9e <em>au<\/em> monde -<br\/>d'aimer le monde, d'interc\u00e9der, de prier pour le monde.<\/p>\n\n<p>Comme Abraham interc\u00e9dant pour les villes de Sodome et Gomorrhe (Gn 18, 16-33) ;<br\/>Mo\u00efse, qui soutient Isra\u00ebl par la pri\u00e8re alors qu'il combat Amalek (Ex 17, 8-16) ;<br\/>la femme canan\u00e9enne qui interc\u00e8de aupr\u00e8s de J\u00e9sus pour sa fille (Mt 15, 21-28) ;<br\/>la veuve pers\u00e9v\u00e9rante devant le juge inique (Lc 18, 1-8) ;<br\/>ou l'\u00c9glise de J\u00e9rusalem interc\u00e9dant pour Pierre (Ac 12, 5, 12).<\/p>\n\n<p>Prier avec le c\u0153ur : <em>\"P\u00e8re, que ton R\u00e8gne vienne\".<\/em><\/p>\n\n<p><strong>Les conseils de M\u00e8re Marie Eug\u00e9nie :<\/strong><\/p>\n\n<p>\"Vous me demandez comment vieillir dans la saintet\u00e9 ?<br\/>En nous engageant sans rel\u00e2che \u00e0 tourner notre regard vers Dieu...<br\/>Garder l'esprit occup\u00e9 par les v\u00e9rit\u00e9s de la foi, c'est-\u00e0-dire par les myst\u00e8res de J\u00e9sus, ses paroles, ses souffrances.<br\/>Garder le c\u0153ur \u00e9lev\u00e9 vers le ciel, qui est votre patrie et o\u00f9 vous devez d\u00e9j\u00e0 vivre, dans l'esp\u00e9rance, la paix des enfants de Dieu, en vous effor\u00e7ant d'\u00eatre bons, comme Lui, toujours bons, en toutes choses.<\/p>\n\n<p>Enfin, puisque la vieillesse physique est le temps des maladies et des fatigues, supportez-les avec la patience, la douceur et la simplicit\u00e9 de l'Agneau divin.<br\/>Il vous arrivera alors ce que dit l'ap\u00f4tre Paul :<br\/>'Si notre \u00eatre ext\u00e9rieur se d\u00e9grade, notre \u00eatre int\u00e9rieur se renouvelle de jour en jour.'<br\/>C'est ce qui fait que la vieillesse est sainte, qu'elle conduit \u00e0 une mort sainte et, enfin, \u00e0 l'\u00e9ternit\u00e9 bienheureuse.\"<\/p>\n\n<p><strong>Pri\u00e8re d'un religieux vieillissant<\/strong><\/p>\n\n<p>Tr\u00e8s cher Seigneur,<br\/>apprenez-moi \u00e0 vieillir avec gr\u00e2ce.<br\/>Aidez-moi \u00e0 comprendre que ma communaut\u00e9 ne me fait pas de tort lorsqu'elle me retire peu \u00e0 peu des responsabilit\u00e9s, lorsqu'elle ne semble plus chercher mon avis.<\/p>\n\n<p>Lib\u00e9rez-moi de l'orgueil de toute la sagesse que j'ai acquise.<br\/>Lib\u00e9rez-moi de l'illusion d'\u00eatre indispensable.<\/p>\n\n<p>Aidez-moi, dans ce d\u00e9tachement progressif des choses terrestres, \u00e0 saisir le sens de la loi du temps.<br\/>Apprenez-moi, dans le roulement du travail et des travailleurs, \u00e0 discerner l'expression surprenante du renouvellement constant de la vie sous l'impulsion de Votre providence.<\/p>\n\n<p>Et je Vous demande, Seigneur, de me permettre d'\u00eatre encore utile, de contribuer au monde par mon optimisme, d'ajouter mes pri\u00e8res \u00e0 la ferveur joyeuse et au courage de ceux qui prennent maintenant leur tour \u00e0 la barre.<\/p>\n\n<p>Que mon mode de vie devienne d\u00e9sormais un contact humble et pacifique avec un monde en mutation, sans verser de larmes sur le pass\u00e9, en faisant de ma souffrance humaine un don de r\u00e9paration pour tous mes fr\u00e8res et s\u0153urs.<\/p>\n\n<p>Que ma sortie du champ d'action soit simple et naturelle, comme un coucher de soleil radieux et plein d'amour.<\/p>\n\n<p>Seigneur, pardonne-moi si ce n'est que maintenant, dans ma tranquillit\u00e9, que je commence \u00e0 savoir combien Tu m'aimes, combien Tu m'as aid\u00e9.<br\/>Et maintenant, enfin, je comprends clairement la joyeuse destin\u00e9e que Tu as pr\u00e9par\u00e9e pour moi, en guidant mes pas d\u00e8s le premier jour de ma vie.<\/p>\n\n<p>Seigneur, apprenez-moi \u00e0 vieillir... comme \u00e7a.<\/p>\n\n<p>Sr Egle Sepulcri<\/p>\n\n<p>Communaut\u00e9 Quadraro - Rome  <\/p>\n\n<p>Province d'Europe<\/p>\n\n<div class=\"wp-block-group is-content-justification-left is-layout-constrained wp-container-core-group-is-layout-8c890d92 wp-block-group-is-layout-constrained\">\n<figure class=\"wp-block-gallery has-nested-images columns-1 is-cropped wp-block-gallery-1 is-layout-flex wp-block-gallery-is-layout-flex\">\n<figure class=\"wp-block-image alignleft size-large\"><img loading=\"lazy\" decoding=\"async\" width=\"1024\" height=\"461\" data-id=\"7015\" src=\"https:\/\/assumpta-eu.org\/wp-content\/uploads\/2026\/04\/Quadraro-community-1024x461.jpg\" alt=\"\" class=\"wp-image-7015\" srcset=\"https:\/\/assumpta-eu.org\/wp-content\/uploads\/2026\/04\/Quadraro-community-980x441.jpg 980w, https:\/\/assumpta-eu.org\/wp-content\/uploads\/2026\/04\/Quadraro-community-480x216.jpg 480w\" sizes=\"(min-width: 0px) and (max-width: 480px) 480px, (min-width: 481px) and (max-width: 980px) 980px, (min-width: 981px) 1024px, 100vw\" \/><\/figure>\n\n\n\n<figure class=\"wp-block-image alignleft size-large\"><img loading=\"lazy\" decoding=\"async\" width=\"1024\" height=\"461\" data-id=\"7031\" src=\"https:\/\/assumpta-eu.org\/wp-content\/uploads\/2026\/04\/IMG_20251023_175521-1024x461.jpg\" alt=\"\" class=\"wp-image-7031\" srcset=\"https:\/\/assumpta-eu.org\/wp-content\/uploads\/2026\/04\/IMG_20251023_175521-980x441.jpg 980w, https:\/\/assumpta-eu.org\/wp-content\/uploads\/2026\/04\/IMG_20251023_175521-480x216.jpg 480w\" sizes=\"(min-width: 0px) and (max-width: 480px) 480px, (min-width: 481px) and (max-width: 980px) 980px, (min-width: 981px) 1024px, 100vw\" \/><\/figure>\n<\/figure>\n<\/div>\n","protected":false},"excerpt":{"rendered":"<p>\u00ab\u00a0C&rsquo;est une opportunit\u00e9 que la vie nous offre pour finir de grandir, de m\u00fbrir&#8230; de na\u00eetre !Nous devons compl\u00e9ter notre premi\u00e8re naissance en construisant, en ouvrant des chemins, en surmontant des difficult\u00e9s et en fa\u00e7onnant notre destin.Nous sommes toujours en gen\u00e8se&#8230; la vie humaine n&rsquo;est pas structur\u00e9e pour se terminer avec la mort, mais pour [&hellip;]<\/p>\n","protected":false},"author":3,"featured_media":7036,"comment_status":"closed","ping_status":"closed","sticky":false,"template":"","format":"standard","meta":{"footnotes":""},"categories":[47,37],"tags":[],"class_list":["post-7055","post","type-post","status-publish","format-standard","has-post-thumbnail","hentry","category-italie","category-province-europeenne"],"yoast_head":"<!-- This site is optimized with the Yoast SEO plugin v27.5 - https:\/\/yoast.com\/product\/yoast-seo-wordpress\/ -->\n<title>Un coucher de soleil radieux : La vieillesse comme un devenir sacr\u00e9 - Religious of the Assumption &gt; Province of Europe<\/title>\n<meta name=\"robots\" content=\"index, follow, max-snippet:-1, max-image-preview:large, max-video-preview:-1\" \/>\n<link rel=\"canonical\" href=\"https:\/\/assumpta-eu.org\/fr\/un-coucher-de-soleil-radieux-la-vieillesse-comme-un-devenir-sacre\/\" \/>\n<meta property=\"og:locale\" content=\"fr_FR\" \/>\n<meta property=\"og:type\" content=\"article\" \/>\n<meta property=\"og:title\" content=\"Un coucher de soleil radieux : La vieillesse comme un devenir sacr\u00e9 - Religious of the Assumption &gt; Province of Europe\" \/>\n<meta property=\"og:description\" content=\"\u00ab\u00a0C&rsquo;est une opportunit\u00e9 que la vie nous offre pour finir de grandir, de m\u00fbrir&#8230; de na\u00eetre !Nous devons compl\u00e9ter notre premi\u00e8re naissance en construisant, en ouvrant des chemins, en surmontant des difficult\u00e9s et en fa\u00e7onnant notre destin.Nous sommes toujours en gen\u00e8se&#8230; la vie humaine n&rsquo;est pas structur\u00e9e pour se terminer avec la mort, mais pour [&hellip;]\" \/>\n<meta property=\"og:url\" content=\"https:\/\/assumpta-eu.org\/fr\/un-coucher-de-soleil-radieux-la-vieillesse-comme-un-devenir-sacre\/\" \/>\n<meta property=\"og:site_name\" content=\"Religious of the Assumption &gt; Province of Europe\" \/>\n<meta property=\"article:publisher\" content=\"http:\/\/www.facebook.com\/assumptionUK\" \/>\n<meta property=\"article:published_time\" content=\"2026-04-09T10:13:01+00:00\" \/>\n<meta property=\"article:modified_time\" content=\"2026-04-09T14:23:28+00:00\" \/>\n<meta property=\"og:image\" content=\"https:\/\/assumpta-eu.org\/wp-content\/uploads\/2026\/04\/IMG_20250727_104844-scaled-e1775744602515.jpg\" \/>\n\t<meta property=\"og:image:width\" content=\"1152\" \/>\n\t<meta property=\"og:image:height\" content=\"918\" \/>\n\t<meta property=\"og:image:type\" content=\"image\/jpeg\" \/>\n<meta name=\"author\" content=\"Francesca\" \/>\n<meta name=\"twitter:card\" content=\"summary_large_image\" \/>\n<meta name=\"twitter:creator\" content=\"@AssumptionRA\" \/>\n<meta name=\"twitter:site\" content=\"@AssumptionRA\" \/>\n<meta name=\"twitter:label1\" content=\"\u00c9crit par\" \/>\n\t<meta name=\"twitter:data1\" content=\"Francesca\" \/>\n\t<meta name=\"twitter:label2\" content=\"Dur\u00e9e de lecture estim\u00e9e\" \/>\n\t<meta name=\"twitter:data2\" content=\"4 minutes\" \/>\n<script type=\"application\/ld+json\" class=\"yoast-schema-graph\">{\"@context\":\"https:\\\/\\\/schema.org\",\"@graph\":[{\"@type\":\"Article\",\"@id\":\"https:\\\/\\\/assumpta-eu.org\\\/fr\\\/un-coucher-de-soleil-radieux-la-vieillesse-comme-un-devenir-sacre\\\/#article\",\"isPartOf\":{\"@id\":\"https:\\\/\\\/assumpta-eu.org\\\/fr\\\/un-coucher-de-soleil-radieux-la-vieillesse-comme-un-devenir-sacre\\\/\"},\"author\":{\"name\":\"Francesca\",\"@id\":\"https:\\\/\\\/assumpta-eu.org\\\/fr\\\/#\\\/schema\\\/person\\\/e88c33b9055ec5800b6adec01e18116f\"},\"headline\":\"Un coucher de soleil radieux : La vieillesse comme un devenir sacr\u00e9\",\"datePublished\":\"2026-04-09T10:13:01+00:00\",\"dateModified\":\"2026-04-09T14:23:28+00:00\",\"mainEntityOfPage\":{\"@id\":\"https:\\\/\\\/assumpta-eu.org\\\/fr\\\/un-coucher-de-soleil-radieux-la-vieillesse-comme-un-devenir-sacre\\\/\"},\"wordCount\":802,\"publisher\":{\"@id\":\"https:\\\/\\\/assumpta-eu.org\\\/fr\\\/#organization\"},\"image\":{\"@id\":\"https:\\\/\\\/assumpta-eu.org\\\/fr\\\/un-coucher-de-soleil-radieux-la-vieillesse-comme-un-devenir-sacre\\\/#primaryimage\"},\"thumbnailUrl\":\"https:\\\/\\\/assumpta-eu.org\\\/wp-content\\\/uploads\\\/2026\\\/04\\\/IMG_20250727_104844-scaled-e1775744602515.jpg\",\"articleSection\":[\"Italie\",\"Province Europ\u00e9enne\"],\"inLanguage\":\"fr-FR\"},{\"@type\":\"WebPage\",\"@id\":\"https:\\\/\\\/assumpta-eu.org\\\/fr\\\/un-coucher-de-soleil-radieux-la-vieillesse-comme-un-devenir-sacre\\\/\",\"url\":\"https:\\\/\\\/assumpta-eu.org\\\/fr\\\/un-coucher-de-soleil-radieux-la-vieillesse-comme-un-devenir-sacre\\\/\",\"name\":\"Un coucher de soleil radieux : La vieillesse comme un devenir sacr\u00e9 - Religious of the Assumption &gt; Province of Europe\",\"isPartOf\":{\"@id\":\"https:\\\/\\\/assumpta-eu.org\\\/fr\\\/#website\"},\"primaryImageOfPage\":{\"@id\":\"https:\\\/\\\/assumpta-eu.org\\\/fr\\\/un-coucher-de-soleil-radieux-la-vieillesse-comme-un-devenir-sacre\\\/#primaryimage\"},\"image\":{\"@id\":\"https:\\\/\\\/assumpta-eu.org\\\/fr\\\/un-coucher-de-soleil-radieux-la-vieillesse-comme-un-devenir-sacre\\\/#primaryimage\"},\"thumbnailUrl\":\"https:\\\/\\\/assumpta-eu.org\\\/wp-content\\\/uploads\\\/2026\\\/04\\\/IMG_20250727_104844-scaled-e1775744602515.jpg\",\"datePublished\":\"2026-04-09T10:13:01+00:00\",\"dateModified\":\"2026-04-09T14:23:28+00:00\",\"breadcrumb\":{\"@id\":\"https:\\\/\\\/assumpta-eu.org\\\/fr\\\/un-coucher-de-soleil-radieux-la-vieillesse-comme-un-devenir-sacre\\\/#breadcrumb\"},\"inLanguage\":\"fr-FR\",\"potentialAction\":[{\"@type\":\"ReadAction\",\"target\":[\"https:\\\/\\\/assumpta-eu.org\\\/fr\\\/un-coucher-de-soleil-radieux-la-vieillesse-comme-un-devenir-sacre\\\/\"]}]},{\"@type\":\"ImageObject\",\"inLanguage\":\"fr-FR\",\"@id\":\"https:\\\/\\\/assumpta-eu.org\\\/fr\\\/un-coucher-de-soleil-radieux-la-vieillesse-comme-un-devenir-sacre\\\/#primaryimage\",\"url\":\"https:\\\/\\\/assumpta-eu.org\\\/wp-content\\\/uploads\\\/2026\\\/04\\\/IMG_20250727_104844-scaled-e1775744602515.jpg\",\"contentUrl\":\"https:\\\/\\\/assumpta-eu.org\\\/wp-content\\\/uploads\\\/2026\\\/04\\\/IMG_20250727_104844-scaled-e1775744602515.jpg\",\"width\":1152,\"height\":918},{\"@type\":\"BreadcrumbList\",\"@id\":\"https:\\\/\\\/assumpta-eu.org\\\/fr\\\/un-coucher-de-soleil-radieux-la-vieillesse-comme-un-devenir-sacre\\\/#breadcrumb\",\"itemListElement\":[{\"@type\":\"ListItem\",\"position\":1,\"name\":\"Home\",\"item\":\"https:\\\/\\\/assumpta-eu.org\\\/fr\\\/\"},{\"@type\":\"ListItem\",\"position\":2,\"name\":\"Un coucher de soleil radieux : La vieillesse comme un devenir sacr\u00e9\"}]},{\"@type\":\"WebSite\",\"@id\":\"https:\\\/\\\/assumpta-eu.org\\\/fr\\\/#website\",\"url\":\"https:\\\/\\\/assumpta-eu.org\\\/fr\\\/\",\"name\":\"Province of Europe of the Religious of the Assumption\",\"description\":\"Make Christ known and loved\",\"publisher\":{\"@id\":\"https:\\\/\\\/assumpta-eu.org\\\/fr\\\/#organization\"},\"potentialAction\":[{\"@type\":\"SearchAction\",\"target\":{\"@type\":\"EntryPoint\",\"urlTemplate\":\"https:\\\/\\\/assumpta-eu.org\\\/fr\\\/?s={search_term_string}\"},\"query-input\":{\"@type\":\"PropertyValueSpecification\",\"valueRequired\":true,\"valueName\":\"search_term_string\"}}],\"inLanguage\":\"fr-FR\"},{\"@type\":\"Organization\",\"@id\":\"https:\\\/\\\/assumpta-eu.org\\\/fr\\\/#organization\",\"name\":\"Religious of the Assumption\",\"url\":\"https:\\\/\\\/assumpta-eu.org\\\/fr\\\/\",\"logo\":{\"@type\":\"ImageObject\",\"inLanguage\":\"fr-FR\",\"@id\":\"https:\\\/\\\/assumpta-eu.org\\\/fr\\\/#\\\/schema\\\/logo\\\/image\\\/\",\"url\":\"https:\\\/\\\/assumpta-eu.org\\\/wp-content\\\/uploads\\\/2023\\\/06\\\/RA-EU-logos-02.png\",\"contentUrl\":\"https:\\\/\\\/assumpta-eu.org\\\/wp-content\\\/uploads\\\/2023\\\/06\\\/RA-EU-logos-02.png\",\"width\":705,\"height\":729,\"caption\":\"Religious of the Assumption\"},\"image\":{\"@id\":\"https:\\\/\\\/assumpta-eu.org\\\/fr\\\/#\\\/schema\\\/logo\\\/image\\\/\"},\"sameAs\":[\"http:\\\/\\\/www.facebook.com\\\/assumptionUK\",\"https:\\\/\\\/x.com\\\/AssumptionRA\",\"http:\\\/\\\/www.instagram.com\\\/assumptionuk\"]},{\"@type\":\"Person\",\"@id\":\"https:\\\/\\\/assumpta-eu.org\\\/fr\\\/#\\\/schema\\\/person\\\/e88c33b9055ec5800b6adec01e18116f\",\"name\":\"Francesca\",\"image\":{\"@type\":\"ImageObject\",\"inLanguage\":\"fr-FR\",\"@id\":\"https:\\\/\\\/secure.gravatar.com\\\/avatar\\\/c6889456abf47fb76d7dcee6159de1147a3745ed8e1b111a451cf072ad9a8b66?s=96&d=mm&r=g\",\"url\":\"https:\\\/\\\/secure.gravatar.com\\\/avatar\\\/c6889456abf47fb76d7dcee6159de1147a3745ed8e1b111a451cf072ad9a8b66?s=96&d=mm&r=g\",\"contentUrl\":\"https:\\\/\\\/secure.gravatar.com\\\/avatar\\\/c6889456abf47fb76d7dcee6159de1147a3745ed8e1b111a451cf072ad9a8b66?s=96&d=mm&r=g\",\"caption\":\"Francesca\"},\"url\":\"https:\\\/\\\/assumpta-eu.org\\\/fr\\\/author\\\/francesca\\\/\"}]}<\/script>\n<!-- \/ Yoast SEO plugin. -->","yoast_head_json":{"title":"Un coucher de soleil radieux : La vieillesse comme un devenir sacr\u00e9 - Religious of the Assumption &gt; Province of Europe","robots":{"index":"index","follow":"follow","max-snippet":"max-snippet:-1","max-image-preview":"max-image-preview:large","max-video-preview":"max-video-preview:-1"},"canonical":"https:\/\/assumpta-eu.org\/fr\/un-coucher-de-soleil-radieux-la-vieillesse-comme-un-devenir-sacre\/","og_locale":"fr_FR","og_type":"article","og_title":"Un coucher de soleil radieux : La vieillesse comme un devenir sacr\u00e9 - Religious of the Assumption &gt; Province of Europe","og_description":"\u00ab\u00a0C&rsquo;est une opportunit\u00e9 que la vie nous offre pour finir de grandir, de m\u00fbrir&#8230; de na\u00eetre !Nous devons compl\u00e9ter notre premi\u00e8re naissance en construisant, en ouvrant des chemins, en surmontant des difficult\u00e9s et en fa\u00e7onnant notre destin.Nous sommes toujours en gen\u00e8se&#8230; la vie humaine n&rsquo;est pas structur\u00e9e pour se terminer avec la mort, mais pour [&hellip;]","og_url":"https:\/\/assumpta-eu.org\/fr\/un-coucher-de-soleil-radieux-la-vieillesse-comme-un-devenir-sacre\/","og_site_name":"Religious of the Assumption &gt; Province of Europe","article_publisher":"http:\/\/www.facebook.com\/assumptionUK","article_published_time":"2026-04-09T10:13:01+00:00","article_modified_time":"2026-04-09T14:23:28+00:00","og_image":[{"width":1152,"height":918,"url":"https:\/\/assumpta-eu.org\/wp-content\/uploads\/2026\/04\/IMG_20250727_104844-scaled-e1775744602515.jpg","type":"image\/jpeg"}],"author":"Francesca","twitter_card":"summary_large_image","twitter_creator":"@AssumptionRA","twitter_site":"@AssumptionRA","twitter_misc":{"\u00c9crit par":"Francesca","Dur\u00e9e de lecture estim\u00e9e":"4 minutes"},"schema":{"@context":"https:\/\/schema.org","@graph":[{"@type":"Article","@id":"https:\/\/assumpta-eu.org\/fr\/un-coucher-de-soleil-radieux-la-vieillesse-comme-un-devenir-sacre\/#article","isPartOf":{"@id":"https:\/\/assumpta-eu.org\/fr\/un-coucher-de-soleil-radieux-la-vieillesse-comme-un-devenir-sacre\/"},"author":{"name":"Francesca","@id":"https:\/\/assumpta-eu.org\/fr\/#\/schema\/person\/e88c33b9055ec5800b6adec01e18116f"},"headline":"Un coucher de soleil radieux : La vieillesse comme un devenir sacr\u00e9","datePublished":"2026-04-09T10:13:01+00:00","dateModified":"2026-04-09T14:23:28+00:00","mainEntityOfPage":{"@id":"https:\/\/assumpta-eu.org\/fr\/un-coucher-de-soleil-radieux-la-vieillesse-comme-un-devenir-sacre\/"},"wordCount":802,"publisher":{"@id":"https:\/\/assumpta-eu.org\/fr\/#organization"},"image":{"@id":"https:\/\/assumpta-eu.org\/fr\/un-coucher-de-soleil-radieux-la-vieillesse-comme-un-devenir-sacre\/#primaryimage"},"thumbnailUrl":"https:\/\/assumpta-eu.org\/wp-content\/uploads\/2026\/04\/IMG_20250727_104844-scaled-e1775744602515.jpg","articleSection":["Italie","Province Europ\u00e9enne"],"inLanguage":"fr-FR"},{"@type":"WebPage","@id":"https:\/\/assumpta-eu.org\/fr\/un-coucher-de-soleil-radieux-la-vieillesse-comme-un-devenir-sacre\/","url":"https:\/\/assumpta-eu.org\/fr\/un-coucher-de-soleil-radieux-la-vieillesse-comme-un-devenir-sacre\/","name":"Un coucher de soleil radieux : La vieillesse comme un devenir sacr\u00e9 - Religious of the Assumption &gt; Province of Europe","isPartOf":{"@id":"https:\/\/assumpta-eu.org\/fr\/#website"},"primaryImageOfPage":{"@id":"https:\/\/assumpta-eu.org\/fr\/un-coucher-de-soleil-radieux-la-vieillesse-comme-un-devenir-sacre\/#primaryimage"},"image":{"@id":"https:\/\/assumpta-eu.org\/fr\/un-coucher-de-soleil-radieux-la-vieillesse-comme-un-devenir-sacre\/#primaryimage"},"thumbnailUrl":"https:\/\/assumpta-eu.org\/wp-content\/uploads\/2026\/04\/IMG_20250727_104844-scaled-e1775744602515.jpg","datePublished":"2026-04-09T10:13:01+00:00","dateModified":"2026-04-09T14:23:28+00:00","breadcrumb":{"@id":"https:\/\/assumpta-eu.org\/fr\/un-coucher-de-soleil-radieux-la-vieillesse-comme-un-devenir-sacre\/#breadcrumb"},"inLanguage":"fr-FR","potentialAction":[{"@type":"ReadAction","target":["https:\/\/assumpta-eu.org\/fr\/un-coucher-de-soleil-radieux-la-vieillesse-comme-un-devenir-sacre\/"]}]},{"@type":"ImageObject","inLanguage":"fr-FR","@id":"https:\/\/assumpta-eu.org\/fr\/un-coucher-de-soleil-radieux-la-vieillesse-comme-un-devenir-sacre\/#primaryimage","url":"https:\/\/assumpta-eu.org\/wp-content\/uploads\/2026\/04\/IMG_20250727_104844-scaled-e1775744602515.jpg","contentUrl":"https:\/\/assumpta-eu.org\/wp-content\/uploads\/2026\/04\/IMG_20250727_104844-scaled-e1775744602515.jpg","width":1152,"height":918},{"@type":"BreadcrumbList","@id":"https:\/\/assumpta-eu.org\/fr\/un-coucher-de-soleil-radieux-la-vieillesse-comme-un-devenir-sacre\/#breadcrumb","itemListElement":[{"@type":"ListItem","position":1,"name":"Home","item":"https:\/\/assumpta-eu.org\/fr\/"},{"@type":"ListItem","position":2,"name":"Un coucher de soleil radieux : La vieillesse comme un devenir sacr\u00e9"}]},{"@type":"WebSite","@id":"https:\/\/assumpta-eu.org\/fr\/#website","url":"https:\/\/assumpta-eu.org\/fr\/","name":"Province of Europe of the Religious of the Assumption","description":"Make Christ known and loved","publisher":{"@id":"https:\/\/assumpta-eu.org\/fr\/#organization"},"potentialAction":[{"@type":"SearchAction","target":{"@type":"EntryPoint","urlTemplate":"https:\/\/assumpta-eu.org\/fr\/?s={search_term_string}"},"query-input":{"@type":"PropertyValueSpecification","valueRequired":true,"valueName":"search_term_string"}}],"inLanguage":"fr-FR"},{"@type":"Organization","@id":"https:\/\/assumpta-eu.org\/fr\/#organization","name":"Religious of the Assumption","url":"https:\/\/assumpta-eu.org\/fr\/","logo":{"@type":"ImageObject","inLanguage":"fr-FR","@id":"https:\/\/assumpta-eu.org\/fr\/#\/schema\/logo\/image\/","url":"https:\/\/assumpta-eu.org\/wp-content\/uploads\/2023\/06\/RA-EU-logos-02.png","contentUrl":"https:\/\/assumpta-eu.org\/wp-content\/uploads\/2023\/06\/RA-EU-logos-02.png","width":705,"height":729,"caption":"Religious of the Assumption"},"image":{"@id":"https:\/\/assumpta-eu.org\/fr\/#\/schema\/logo\/image\/"},"sameAs":["http:\/\/www.facebook.com\/assumptionUK","https:\/\/x.com\/AssumptionRA","http:\/\/www.instagram.com\/assumptionuk"]},{"@type":"Person","@id":"https:\/\/assumpta-eu.org\/fr\/#\/schema\/person\/e88c33b9055ec5800b6adec01e18116f","name":"Francesca","image":{"@type":"ImageObject","inLanguage":"fr-FR","@id":"https:\/\/secure.gravatar.com\/avatar\/c6889456abf47fb76d7dcee6159de1147a3745ed8e1b111a451cf072ad9a8b66?s=96&d=mm&r=g","url":"https:\/\/secure.gravatar.com\/avatar\/c6889456abf47fb76d7dcee6159de1147a3745ed8e1b111a451cf072ad9a8b66?s=96&d=mm&r=g","contentUrl":"https:\/\/secure.gravatar.com\/avatar\/c6889456abf47fb76d7dcee6159de1147a3745ed8e1b111a451cf072ad9a8b66?s=96&d=mm&r=g","caption":"Francesca"},"url":"https:\/\/assumpta-eu.org\/fr\/author\/francesca\/"}]}},"_links":{"self":[{"href":"https:\/\/assumpta-eu.org\/fr\/wp-json\/wp\/v2\/posts\/7055","targetHints":{"allow":["GET"]}}],"collection":[{"href":"https:\/\/assumpta-eu.org\/fr\/wp-json\/wp\/v2\/posts"}],"about":[{"href":"https:\/\/assumpta-eu.org\/fr\/wp-json\/wp\/v2\/types\/post"}],"author":[{"embeddable":true,"href":"https:\/\/assumpta-eu.org\/fr\/wp-json\/wp\/v2\/users\/3"}],"replies":[{"embeddable":true,"href":"https:\/\/assumpta-eu.org\/fr\/wp-json\/wp\/v2\/comments?post=7055"}],"version-history":[{"count":2,"href":"https:\/\/assumpta-eu.org\/fr\/wp-json\/wp\/v2\/posts\/7055\/revisions"}],"predecessor-version":[{"id":7057,"href":"https:\/\/assumpta-eu.org\/fr\/wp-json\/wp\/v2\/posts\/7055\/revisions\/7057"}],"wp:featuredmedia":[{"embeddable":true,"href":"https:\/\/assumpta-eu.org\/fr\/wp-json\/wp\/v2\/media\/7036"}],"wp:attachment":[{"href":"https:\/\/assumpta-eu.org\/fr\/wp-json\/wp\/v2\/media?parent=7055"}],"wp:term":[{"taxonomy":"category","embeddable":true,"href":"https:\/\/assumpta-eu.org\/fr\/wp-json\/wp\/v2\/categories?post=7055"},{"taxonomy":"post_tag","embeddable":true,"href":"https:\/\/assumpta-eu.org\/fr\/wp-json\/wp\/v2\/tags?post=7055"}],"curies":[{"name":"wp","href":"https:\/\/api.w.org\/{rel}","templated":true}]}}