{"id":6678,"date":"2026-01-22T13:08:20","date_gmt":"2026-01-22T12:08:20","guid":{"rendered":"https:\/\/assumpta-eu.org\/ouvrir-le-cercle-une-experience-intercongregationnelle\/"},"modified":"2026-01-22T15:06:36","modified_gmt":"2026-01-22T14:06:36","slug":"ouvrir-le-cercle-une-experience-intercongregationnelle","status":"publish","type":"post","link":"https:\/\/assumpta-eu.org\/fr\/ouvrir-le-cercle-une-experience-intercongregationnelle\/","title":{"rendered":"Ouvrir le cercle : Une exp\u00e9rience intercongr\u00e9gationnelle"},"content":{"rendered":"\n<p>Alors que l&rsquo;\u00c9glise continue d&rsquo;inciter la soci\u00e9t\u00e9 \u00e0 adopter une mani\u00e8re synodale d&rsquo;\u00eatre et de vivre, fond\u00e9e sur l&rsquo;\u00e9coute, la collaboration et la responsabilit\u00e9 partag\u00e9e, les communaut\u00e9s religieuses offrent, depuis des g\u00e9n\u00e9rations, un t\u00e9moignage vivant de cette voie. Fa\u00e7onn\u00e9es par des cultures, des charismes et des missions divers, elles ont appris \u00e0 vivre et \u00e0 servir au-del\u00e0 des fronti\u00e8res famili\u00e8res, en nourrissant une mission partag\u00e9e enracin\u00e9e dans la foi. Au fur et \u00e0 mesure que la vie se d\u00e9roule et que les circonstances changent, il arrive que de nouvelles r\u00e9alit\u00e9s invitent \u00e0 reconfigurer la mani\u00e8re dont la vie et la mission sont v\u00e9cues. Cette r\u00e9alit\u00e9 nous a amen\u00e9es \u00e0 discerner <strong>comment nous pourrions offrir les meilleurs soins \u00e0 nos s\u0153urs les plus fragiles et les plus \u00e2g\u00e9es en Belgique<\/strong>, car nous ne disposons pas d&rsquo;un couvent adapt\u00e9 \u00e0 leurs besoins. Cela peut appara\u00eetre comme une limitation, mais nous l&rsquo;avons re\u00e7u comme une invitation \u00e0 la cr\u00e9ativit\u00e9 et \u00e0 l&rsquo;ouverture, en reconnaissant qu&rsquo;une telle pauvret\u00e9 peut aussi enrichir et approfondir la communion. Ce chemin nous a naturellement conduites \u00e0 La Colombi\u00e8re \u00e0 Bruxelles, un centre j\u00e9suite o\u00f9 des pr\u00eatres, des membres d&rsquo;autres congr\u00e9gations et des collaborateurs la\u00efcs partagent une maison, un rythme de vie et un esprit d&rsquo;entraide.     <\/p>\n\n<blockquote class=\"wp-block-quote is-layout-flow wp-block-quote-is-layout-flow\">\n<p class=\"has-text-align-right\"><strong>En tant que S\u0153urs de l&rsquo;Assomption, notre vie religieuse a \u00e9t\u00e9 fa\u00e7onn\u00e9e au fil des ans par la diversit\u00e9 et la mission.<\/strong><\/p>\n<\/blockquote>\n\n<p>Nos s\u0153urs Marcienne Emmanuel et Chantal Emmanuel partagent leur exp\u00e9rience d&rsquo;une vie commune qui est devenue un signe vivant de communion, de synodalit\u00e9 et d&rsquo;esp\u00e9rance : \u00ab\u00a0La vie \u00e0 La Colombi\u00e8re est un t\u00e9moignage silencieux mais \u00e9loquent de foi, de communion et d&rsquo;esp\u00e9rance. \u00ab\u00a0Il n&rsquo;y a pas de plus grand service missionnaire qu&rsquo;une vie de sacrifice et d&rsquo;adoration qui, plus que toute activit\u00e9 ext\u00e9rieure, proclame la primaut\u00e9 absolue de Dieu\u00a0\u00bb (R.L 126). Ces mots de notre R\u00e8gle de vie ont profond\u00e9ment marqu\u00e9 les premi\u00e8res semaines de notre voyage ici et continuent \u00e0 donner un sens \u00e0 ce que nous vivons jour apr\u00e8s jour. Arriv\u00e9es fin octobre 2025, nous avons \u00e9t\u00e9 accueillies dans une famille nombreuse et dynamique : une trentaine de j\u00e9suites, six s\u0153urs de Saint-Andr\u00e9, et une \u00e9quipe la\u00efque d\u00e9vou\u00e9e (compos\u00e9e du directeur, des aides-soignants, des infirmi\u00e8res, du personnel d&rsquo;entretien, du personnel de cuisine) qui veille \u00e0 ce que les soins, la dignit\u00e9 et l&rsquo;attention \u00e0 chaque personne soient maintenus dans la vie quotidienne. Tr\u00e8s vite, La Colombi\u00e8re s&rsquo;est r\u00e9v\u00e9l\u00e9e \u00eatre non pas une simple r\u00e9sidence, mais un v\u00e9ritable foyer, o\u00f9 chacun a sa place.\u00a0\u00bb<\/p>\n\n<p>Elles expliquent ensuite : \u00a0\u00bb En tant que S\u0153urs de l&rsquo;Assomption, notre vie religieuse a \u00e9t\u00e9 fa\u00e7onn\u00e9e pendant de nombreuses ann\u00e9es par la diversit\u00e9 et la mission. Nous avons v\u00e9cu une vie communautaire \u00e0 travers des cultures, des pays et des contextes diff\u00e9rents, d\u00e9couvrant encore et encore combien la vie ensemble peut \u00eatre douce lorsqu&rsquo;elle est enracin\u00e9e dans la pri\u00e8re, nourrie par une foi partag\u00e9e et soutenue par la fraternit\u00e9. Ce que nous vivons aujourd&rsquo;hui \u00e0 La Colombi\u00e8re est une belle continuit\u00e9 de cette m\u00eame gr\u00e2ce. Dans cette communaut\u00e9 intercongr\u00e9gationnelle \u00e9largie, enrichie d&rsquo;une diversit\u00e9 encore plus grande, nous continuons \u00e0 ch\u00e9rir les dons de notre vocation. Loin de ressentir un manque, nous nous sentons pleinement nous-m\u00eames, chez nous, unis et profond\u00e9ment li\u00e9s, comme si nous vivions dans une seule famille, sous un seul toit.<\/p>\n\n<p>\u00ab\u00a0L&rsquo;Eucharistie est le fondement de notre vie quotidienne. D&rsquo;autres moments de pri\u00e8re partag\u00e9s renforcent notre vie commune : l&rsquo;adoration communautaire du mardi apr\u00e8s-midi, les v\u00eapres chant\u00e9es chaque vendredi par les S\u0153urs de l&rsquo;Assomption de la communaut\u00e9 d&rsquo;Etterbeek, et la pr\u00e9sence fid\u00e8le de S\u0153ur C\u00e9cile, notre ange gardien et principal interlocuteur entre nous et la Congr\u00e9gation. Sa douce attention et sa chaleureuse compagnie apportent joie et bienveillance \u00e0 notre rythme quotidien\u00a0\u00bb.<\/p>\n\n<blockquote class=\"wp-block-quote is-layout-flow wp-block-quote-is-layout-flow\">\n<p class=\"has-text-align-right\"><strong>L&rsquo;Eucharistie est la pierre angulaire de notre vie quotidienne. D&rsquo;autres moments de pri\u00e8re partag\u00e9e renforcent notre vie commune <\/strong><\/p>\n<\/blockquote>\n\n<p>\u00ab\u00a0Les t\u00e2ches simples de la vie quotidienne favorisent des relations authentiques et une attention mutuelle, faisant \u00e9cho \u00e0 l&rsquo;appel de l&rsquo;\u00c9vangile : \u00ab\u00a0Tout ce que vous avez fait \u00e0 l&rsquo;un de ces plus petits de mes fr\u00e8res et s\u0153urs, c&rsquo;est \u00e0 moi que vous l&rsquo;avez fait\u00a0\u00bb (Matthieu 25, 40). Des activit\u00e9s telles que la gymnastique douce, la relaxation, l&rsquo;\u00e9coute musicale, les contes partag\u00e9s et l&rsquo;acc\u00e8s \u00e0 une riche biblioth\u00e8que nourrissent \u00e0 la fois le corps et l&rsquo;esprit. Nous nous sentons appel\u00e9es \u00e0 vivre pleinement le moment pr\u00e9sent, avec gratitude pour le pass\u00e9 et confiance en l&rsquo;avenir. Les mots prononc\u00e9s par le Provincial des J\u00e9suites lors de sa visite en janvier r\u00e9sonnent encore en nous : \u00ab\u00a0Ce que je vous demande, c&rsquo;est de montrer que vous \u00eates heureux. En effet, le t\u00e9moignage d&rsquo;une vie qui chemine vers Dieu dans la joie, la s\u00e9r\u00e9nit\u00e9 et la bont\u00e9 reste l&rsquo;un des signes d&rsquo;esp\u00e9rance les plus convaincants pour notre monde d&rsquo;aujourd&rsquo;hui.\u00a0\u00bb <\/p>\n\n<div class=\"wp-block-columns is-layout-flex wp-container-core-columns-is-layout-9d6595d7 wp-block-columns-is-layout-flex\">\n<div class=\"wp-block-column is-layout-flow wp-block-column-is-layout-flow\" style=\"flex-basis:100%\">\n<figure class=\"wp-block-gallery aligncenter has-nested-images columns-default is-cropped wp-block-gallery-1 is-layout-flex wp-block-gallery-is-layout-flex\">\n<figure class=\"wp-block-image size-large\"><img loading=\"lazy\" decoding=\"async\" width=\"576\" height=\"1024\" data-id=\"6709\" src=\"https:\/\/assumpta-eu.org\/wp-content\/uploads\/2026\/01\/1000054759-576x1024.jpg\" alt=\"\" class=\"wp-image-6709\"\/><\/figure>\n\n\n\n<figure class=\"wp-block-image size-large\"><img loading=\"lazy\" decoding=\"async\" width=\"1024\" height=\"768\" data-id=\"6701\" src=\"https:\/\/assumpta-eu.org\/wp-content\/uploads\/2026\/01\/Colombiere-1024x768.png\" alt=\"\" class=\"wp-image-6701\" srcset=\"https:\/\/assumpta-eu.org\/wp-content\/uploads\/2026\/01\/Colombiere-980x735.png 980w, https:\/\/assumpta-eu.org\/wp-content\/uploads\/2026\/01\/Colombiere-480x360.png 480w\" sizes=\"(min-width: 0px) and (max-width: 480px) 480px, (min-width: 481px) and (max-width: 980px) 980px, (min-width: 981px) 1024px, 100vw\" \/><\/figure>\n\n\n\n<figure class=\"wp-block-image size-large\"><img loading=\"lazy\" decoding=\"async\" width=\"1024\" height=\"768\" data-id=\"6705\" src=\"https:\/\/assumpta-eu.org\/wp-content\/uploads\/2026\/01\/IMG_6542-1024x768.jpeg\" alt=\"\" class=\"wp-image-6705\" srcset=\"https:\/\/assumpta-eu.org\/wp-content\/uploads\/2026\/01\/IMG_6542-980x735.jpeg 980w, https:\/\/assumpta-eu.org\/wp-content\/uploads\/2026\/01\/IMG_6542-480x360.jpeg 480w\" sizes=\"(min-width: 0px) and (max-width: 480px) 480px, (min-width: 481px) and (max-width: 980px) 980px, (min-width: 981px) 1024px, 100vw\" \/><\/figure>\n<\/figure>\n<\/div>\n<\/div>\n","protected":false},"excerpt":{"rendered":"<p>Alors que l&rsquo;\u00c9glise continue d&rsquo;inciter la soci\u00e9t\u00e9 \u00e0 adopter une mani\u00e8re synodale d&rsquo;\u00eatre et de vivre, fond\u00e9e sur l&rsquo;\u00e9coute, la collaboration et la responsabilit\u00e9 partag\u00e9e, les communaut\u00e9s religieuses offrent, depuis des g\u00e9n\u00e9rations, un t\u00e9moignage vivant de cette voie. Fa\u00e7onn\u00e9es par des cultures, des charismes et des missions divers, elles ont appris \u00e0 vivre et \u00e0 [&hellip;]<\/p>\n","protected":false},"author":3,"featured_media":6669,"comment_status":"closed","ping_status":"closed","sticky":false,"template":"","format":"standard","meta":{"_et_pb_use_builder":"off","_et_pb_old_content":"","_et_gb_content_width":"","footnotes":""},"categories":[54,37],"tags":[],"class_list":["post-6678","post","type-post","status-publish","format-standard","has-post-thumbnail","hentry","category-belgique","category-province-europeenne"],"yoast_head":"<!-- This site is optimized with the Yoast SEO plugin v27.5 - https:\/\/yoast.com\/product\/yoast-seo-wordpress\/ -->\n<title>Ouvrir le cercle : Une exp\u00e9rience intercongr\u00e9gationnelle - Religious of the Assumption &gt; Province of Europe<\/title>\n<meta name=\"robots\" content=\"index, follow, max-snippet:-1, max-image-preview:large, max-video-preview:-1\" \/>\n<link rel=\"canonical\" href=\"https:\/\/assumpta-eu.org\/fr\/ouvrir-le-cercle-une-experience-intercongregationnelle\/\" \/>\n<meta property=\"og:locale\" content=\"fr_FR\" \/>\n<meta property=\"og:type\" content=\"article\" \/>\n<meta property=\"og:title\" content=\"Ouvrir le cercle : Une exp\u00e9rience intercongr\u00e9gationnelle - Religious of the Assumption &gt; Province of Europe\" \/>\n<meta property=\"og:description\" content=\"Alors que l&rsquo;\u00c9glise continue d&rsquo;inciter la soci\u00e9t\u00e9 \u00e0 adopter une mani\u00e8re synodale d&rsquo;\u00eatre et de vivre, fond\u00e9e sur l&rsquo;\u00e9coute, la collaboration et la responsabilit\u00e9 partag\u00e9e, les communaut\u00e9s religieuses offrent, depuis des g\u00e9n\u00e9rations, un t\u00e9moignage vivant de cette voie. Fa\u00e7onn\u00e9es par des cultures, des charismes et des missions divers, elles ont appris \u00e0 vivre et \u00e0 [&hellip;]\" \/>\n<meta property=\"og:url\" content=\"https:\/\/assumpta-eu.org\/fr\/ouvrir-le-cercle-une-experience-intercongregationnelle\/\" \/>\n<meta property=\"og:site_name\" content=\"Religious of the Assumption &gt; Province of Europe\" \/>\n<meta property=\"article:publisher\" content=\"http:\/\/www.facebook.com\/assumptionUK\" \/>\n<meta property=\"article:published_time\" content=\"2026-01-22T12:08:20+00:00\" \/>\n<meta property=\"article:modified_time\" content=\"2026-01-22T14:06:36+00:00\" \/>\n<meta property=\"og:image\" content=\"https:\/\/assumpta-eu.org\/wp-content\/uploads\/2026\/01\/when-to-stop-caregiving.png\" \/>\n\t<meta property=\"og:image:width\" content=\"1800\" \/>\n\t<meta property=\"og:image:height\" content=\"1200\" \/>\n\t<meta property=\"og:image:type\" content=\"image\/png\" \/>\n<meta name=\"author\" content=\"Francesca\" \/>\n<meta name=\"twitter:card\" content=\"summary_large_image\" \/>\n<meta name=\"twitter:creator\" content=\"@AssumptionRA\" \/>\n<meta name=\"twitter:site\" content=\"@AssumptionRA\" \/>\n<meta name=\"twitter:label1\" content=\"\u00c9crit par\" \/>\n\t<meta name=\"twitter:data1\" content=\"Francesca\" \/>\n\t<meta name=\"twitter:label2\" content=\"Dur\u00e9e de lecture estim\u00e9e\" \/>\n\t<meta name=\"twitter:data2\" content=\"4 minutes\" \/>\n<script type=\"application\/ld+json\" class=\"yoast-schema-graph\">{\"@context\":\"https:\\\/\\\/schema.org\",\"@graph\":[{\"@type\":\"Article\",\"@id\":\"https:\\\/\\\/assumpta-eu.org\\\/fr\\\/ouvrir-le-cercle-une-experience-intercongregationnelle\\\/#article\",\"isPartOf\":{\"@id\":\"https:\\\/\\\/assumpta-eu.org\\\/fr\\\/ouvrir-le-cercle-une-experience-intercongregationnelle\\\/\"},\"author\":{\"name\":\"Francesca\",\"@id\":\"https:\\\/\\\/assumpta-eu.org\\\/fr\\\/#\\\/schema\\\/person\\\/e88c33b9055ec5800b6adec01e18116f\"},\"headline\":\"Ouvrir le cercle : Une exp\u00e9rience intercongr\u00e9gationnelle\",\"datePublished\":\"2026-01-22T12:08:20+00:00\",\"dateModified\":\"2026-01-22T14:06:36+00:00\",\"mainEntityOfPage\":{\"@id\":\"https:\\\/\\\/assumpta-eu.org\\\/fr\\\/ouvrir-le-cercle-une-experience-intercongregationnelle\\\/\"},\"wordCount\":918,\"publisher\":{\"@id\":\"https:\\\/\\\/assumpta-eu.org\\\/fr\\\/#organization\"},\"image\":{\"@id\":\"https:\\\/\\\/assumpta-eu.org\\\/fr\\\/ouvrir-le-cercle-une-experience-intercongregationnelle\\\/#primaryimage\"},\"thumbnailUrl\":\"https:\\\/\\\/assumpta-eu.org\\\/wp-content\\\/uploads\\\/2026\\\/01\\\/when-to-stop-caregiving.png\",\"articleSection\":[\"Belgique\",\"Province Europ\u00e9enne\"],\"inLanguage\":\"fr-FR\"},{\"@type\":\"WebPage\",\"@id\":\"https:\\\/\\\/assumpta-eu.org\\\/fr\\\/ouvrir-le-cercle-une-experience-intercongregationnelle\\\/\",\"url\":\"https:\\\/\\\/assumpta-eu.org\\\/fr\\\/ouvrir-le-cercle-une-experience-intercongregationnelle\\\/\",\"name\":\"Ouvrir le cercle : Une exp\u00e9rience intercongr\u00e9gationnelle - Religious of the Assumption &gt; Province of Europe\",\"isPartOf\":{\"@id\":\"https:\\\/\\\/assumpta-eu.org\\\/fr\\\/#website\"},\"primaryImageOfPage\":{\"@id\":\"https:\\\/\\\/assumpta-eu.org\\\/fr\\\/ouvrir-le-cercle-une-experience-intercongregationnelle\\\/#primaryimage\"},\"image\":{\"@id\":\"https:\\\/\\\/assumpta-eu.org\\\/fr\\\/ouvrir-le-cercle-une-experience-intercongregationnelle\\\/#primaryimage\"},\"thumbnailUrl\":\"https:\\\/\\\/assumpta-eu.org\\\/wp-content\\\/uploads\\\/2026\\\/01\\\/when-to-stop-caregiving.png\",\"datePublished\":\"2026-01-22T12:08:20+00:00\",\"dateModified\":\"2026-01-22T14:06:36+00:00\",\"breadcrumb\":{\"@id\":\"https:\\\/\\\/assumpta-eu.org\\\/fr\\\/ouvrir-le-cercle-une-experience-intercongregationnelle\\\/#breadcrumb\"},\"inLanguage\":\"fr-FR\",\"potentialAction\":[{\"@type\":\"ReadAction\",\"target\":[\"https:\\\/\\\/assumpta-eu.org\\\/fr\\\/ouvrir-le-cercle-une-experience-intercongregationnelle\\\/\"]}]},{\"@type\":\"ImageObject\",\"inLanguage\":\"fr-FR\",\"@id\":\"https:\\\/\\\/assumpta-eu.org\\\/fr\\\/ouvrir-le-cercle-une-experience-intercongregationnelle\\\/#primaryimage\",\"url\":\"https:\\\/\\\/assumpta-eu.org\\\/wp-content\\\/uploads\\\/2026\\\/01\\\/when-to-stop-caregiving.png\",\"contentUrl\":\"https:\\\/\\\/assumpta-eu.org\\\/wp-content\\\/uploads\\\/2026\\\/01\\\/when-to-stop-caregiving.png\",\"width\":1800,\"height\":1200},{\"@type\":\"BreadcrumbList\",\"@id\":\"https:\\\/\\\/assumpta-eu.org\\\/fr\\\/ouvrir-le-cercle-une-experience-intercongregationnelle\\\/#breadcrumb\",\"itemListElement\":[{\"@type\":\"ListItem\",\"position\":1,\"name\":\"Home\",\"item\":\"https:\\\/\\\/assumpta-eu.org\\\/fr\\\/\"},{\"@type\":\"ListItem\",\"position\":2,\"name\":\"Ouvrir le cercle : Une exp\u00e9rience intercongr\u00e9gationnelle\"}]},{\"@type\":\"WebSite\",\"@id\":\"https:\\\/\\\/assumpta-eu.org\\\/fr\\\/#website\",\"url\":\"https:\\\/\\\/assumpta-eu.org\\\/fr\\\/\",\"name\":\"Province of Europe of the Religious of the Assumption\",\"description\":\"Make Christ known and loved\",\"publisher\":{\"@id\":\"https:\\\/\\\/assumpta-eu.org\\\/fr\\\/#organization\"},\"potentialAction\":[{\"@type\":\"SearchAction\",\"target\":{\"@type\":\"EntryPoint\",\"urlTemplate\":\"https:\\\/\\\/assumpta-eu.org\\\/fr\\\/?s={search_term_string}\"},\"query-input\":{\"@type\":\"PropertyValueSpecification\",\"valueRequired\":true,\"valueName\":\"search_term_string\"}}],\"inLanguage\":\"fr-FR\"},{\"@type\":\"Organization\",\"@id\":\"https:\\\/\\\/assumpta-eu.org\\\/fr\\\/#organization\",\"name\":\"Religious of the Assumption\",\"url\":\"https:\\\/\\\/assumpta-eu.org\\\/fr\\\/\",\"logo\":{\"@type\":\"ImageObject\",\"inLanguage\":\"fr-FR\",\"@id\":\"https:\\\/\\\/assumpta-eu.org\\\/fr\\\/#\\\/schema\\\/logo\\\/image\\\/\",\"url\":\"https:\\\/\\\/assumpta-eu.org\\\/wp-content\\\/uploads\\\/2023\\\/06\\\/RA-EU-logos-02.png\",\"contentUrl\":\"https:\\\/\\\/assumpta-eu.org\\\/wp-content\\\/uploads\\\/2023\\\/06\\\/RA-EU-logos-02.png\",\"width\":705,\"height\":729,\"caption\":\"Religious of the Assumption\"},\"image\":{\"@id\":\"https:\\\/\\\/assumpta-eu.org\\\/fr\\\/#\\\/schema\\\/logo\\\/image\\\/\"},\"sameAs\":[\"http:\\\/\\\/www.facebook.com\\\/assumptionUK\",\"https:\\\/\\\/x.com\\\/AssumptionRA\",\"http:\\\/\\\/www.instagram.com\\\/assumptionuk\"]},{\"@type\":\"Person\",\"@id\":\"https:\\\/\\\/assumpta-eu.org\\\/fr\\\/#\\\/schema\\\/person\\\/e88c33b9055ec5800b6adec01e18116f\",\"name\":\"Francesca\",\"image\":{\"@type\":\"ImageObject\",\"inLanguage\":\"fr-FR\",\"@id\":\"https:\\\/\\\/secure.gravatar.com\\\/avatar\\\/c6889456abf47fb76d7dcee6159de1147a3745ed8e1b111a451cf072ad9a8b66?s=96&d=mm&r=g\",\"url\":\"https:\\\/\\\/secure.gravatar.com\\\/avatar\\\/c6889456abf47fb76d7dcee6159de1147a3745ed8e1b111a451cf072ad9a8b66?s=96&d=mm&r=g\",\"contentUrl\":\"https:\\\/\\\/secure.gravatar.com\\\/avatar\\\/c6889456abf47fb76d7dcee6159de1147a3745ed8e1b111a451cf072ad9a8b66?s=96&d=mm&r=g\",\"caption\":\"Francesca\"},\"url\":\"https:\\\/\\\/assumpta-eu.org\\\/fr\\\/author\\\/francesca\\\/\"}]}<\/script>\n<!-- \/ Yoast SEO plugin. -->","yoast_head_json":{"title":"Ouvrir le cercle : Une exp\u00e9rience intercongr\u00e9gationnelle - Religious of the Assumption &gt; Province of Europe","robots":{"index":"index","follow":"follow","max-snippet":"max-snippet:-1","max-image-preview":"max-image-preview:large","max-video-preview":"max-video-preview:-1"},"canonical":"https:\/\/assumpta-eu.org\/fr\/ouvrir-le-cercle-une-experience-intercongregationnelle\/","og_locale":"fr_FR","og_type":"article","og_title":"Ouvrir le cercle : Une exp\u00e9rience intercongr\u00e9gationnelle - Religious of the Assumption &gt; Province of Europe","og_description":"Alors que l&rsquo;\u00c9glise continue d&rsquo;inciter la soci\u00e9t\u00e9 \u00e0 adopter une mani\u00e8re synodale d&rsquo;\u00eatre et de vivre, fond\u00e9e sur l&rsquo;\u00e9coute, la collaboration et la responsabilit\u00e9 partag\u00e9e, les communaut\u00e9s religieuses offrent, depuis des g\u00e9n\u00e9rations, un t\u00e9moignage vivant de cette voie. Fa\u00e7onn\u00e9es par des cultures, des charismes et des missions divers, elles ont appris \u00e0 vivre et \u00e0 [&hellip;]","og_url":"https:\/\/assumpta-eu.org\/fr\/ouvrir-le-cercle-une-experience-intercongregationnelle\/","og_site_name":"Religious of the Assumption &gt; Province of Europe","article_publisher":"http:\/\/www.facebook.com\/assumptionUK","article_published_time":"2026-01-22T12:08:20+00:00","article_modified_time":"2026-01-22T14:06:36+00:00","og_image":[{"width":1800,"height":1200,"url":"https:\/\/assumpta-eu.org\/wp-content\/uploads\/2026\/01\/when-to-stop-caregiving.png","type":"image\/png"}],"author":"Francesca","twitter_card":"summary_large_image","twitter_creator":"@AssumptionRA","twitter_site":"@AssumptionRA","twitter_misc":{"\u00c9crit par":"Francesca","Dur\u00e9e de lecture estim\u00e9e":"4 minutes"},"schema":{"@context":"https:\/\/schema.org","@graph":[{"@type":"Article","@id":"https:\/\/assumpta-eu.org\/fr\/ouvrir-le-cercle-une-experience-intercongregationnelle\/#article","isPartOf":{"@id":"https:\/\/assumpta-eu.org\/fr\/ouvrir-le-cercle-une-experience-intercongregationnelle\/"},"author":{"name":"Francesca","@id":"https:\/\/assumpta-eu.org\/fr\/#\/schema\/person\/e88c33b9055ec5800b6adec01e18116f"},"headline":"Ouvrir le cercle : Une exp\u00e9rience intercongr\u00e9gationnelle","datePublished":"2026-01-22T12:08:20+00:00","dateModified":"2026-01-22T14:06:36+00:00","mainEntityOfPage":{"@id":"https:\/\/assumpta-eu.org\/fr\/ouvrir-le-cercle-une-experience-intercongregationnelle\/"},"wordCount":918,"publisher":{"@id":"https:\/\/assumpta-eu.org\/fr\/#organization"},"image":{"@id":"https:\/\/assumpta-eu.org\/fr\/ouvrir-le-cercle-une-experience-intercongregationnelle\/#primaryimage"},"thumbnailUrl":"https:\/\/assumpta-eu.org\/wp-content\/uploads\/2026\/01\/when-to-stop-caregiving.png","articleSection":["Belgique","Province Europ\u00e9enne"],"inLanguage":"fr-FR"},{"@type":"WebPage","@id":"https:\/\/assumpta-eu.org\/fr\/ouvrir-le-cercle-une-experience-intercongregationnelle\/","url":"https:\/\/assumpta-eu.org\/fr\/ouvrir-le-cercle-une-experience-intercongregationnelle\/","name":"Ouvrir le cercle : Une exp\u00e9rience intercongr\u00e9gationnelle - Religious of the Assumption &gt; Province of Europe","isPartOf":{"@id":"https:\/\/assumpta-eu.org\/fr\/#website"},"primaryImageOfPage":{"@id":"https:\/\/assumpta-eu.org\/fr\/ouvrir-le-cercle-une-experience-intercongregationnelle\/#primaryimage"},"image":{"@id":"https:\/\/assumpta-eu.org\/fr\/ouvrir-le-cercle-une-experience-intercongregationnelle\/#primaryimage"},"thumbnailUrl":"https:\/\/assumpta-eu.org\/wp-content\/uploads\/2026\/01\/when-to-stop-caregiving.png","datePublished":"2026-01-22T12:08:20+00:00","dateModified":"2026-01-22T14:06:36+00:00","breadcrumb":{"@id":"https:\/\/assumpta-eu.org\/fr\/ouvrir-le-cercle-une-experience-intercongregationnelle\/#breadcrumb"},"inLanguage":"fr-FR","potentialAction":[{"@type":"ReadAction","target":["https:\/\/assumpta-eu.org\/fr\/ouvrir-le-cercle-une-experience-intercongregationnelle\/"]}]},{"@type":"ImageObject","inLanguage":"fr-FR","@id":"https:\/\/assumpta-eu.org\/fr\/ouvrir-le-cercle-une-experience-intercongregationnelle\/#primaryimage","url":"https:\/\/assumpta-eu.org\/wp-content\/uploads\/2026\/01\/when-to-stop-caregiving.png","contentUrl":"https:\/\/assumpta-eu.org\/wp-content\/uploads\/2026\/01\/when-to-stop-caregiving.png","width":1800,"height":1200},{"@type":"BreadcrumbList","@id":"https:\/\/assumpta-eu.org\/fr\/ouvrir-le-cercle-une-experience-intercongregationnelle\/#breadcrumb","itemListElement":[{"@type":"ListItem","position":1,"name":"Home","item":"https:\/\/assumpta-eu.org\/fr\/"},{"@type":"ListItem","position":2,"name":"Ouvrir le cercle : Une exp\u00e9rience intercongr\u00e9gationnelle"}]},{"@type":"WebSite","@id":"https:\/\/assumpta-eu.org\/fr\/#website","url":"https:\/\/assumpta-eu.org\/fr\/","name":"Province of Europe of the Religious of the Assumption","description":"Make Christ known and loved","publisher":{"@id":"https:\/\/assumpta-eu.org\/fr\/#organization"},"potentialAction":[{"@type":"SearchAction","target":{"@type":"EntryPoint","urlTemplate":"https:\/\/assumpta-eu.org\/fr\/?s={search_term_string}"},"query-input":{"@type":"PropertyValueSpecification","valueRequired":true,"valueName":"search_term_string"}}],"inLanguage":"fr-FR"},{"@type":"Organization","@id":"https:\/\/assumpta-eu.org\/fr\/#organization","name":"Religious of the Assumption","url":"https:\/\/assumpta-eu.org\/fr\/","logo":{"@type":"ImageObject","inLanguage":"fr-FR","@id":"https:\/\/assumpta-eu.org\/fr\/#\/schema\/logo\/image\/","url":"https:\/\/assumpta-eu.org\/wp-content\/uploads\/2023\/06\/RA-EU-logos-02.png","contentUrl":"https:\/\/assumpta-eu.org\/wp-content\/uploads\/2023\/06\/RA-EU-logos-02.png","width":705,"height":729,"caption":"Religious of the Assumption"},"image":{"@id":"https:\/\/assumpta-eu.org\/fr\/#\/schema\/logo\/image\/"},"sameAs":["http:\/\/www.facebook.com\/assumptionUK","https:\/\/x.com\/AssumptionRA","http:\/\/www.instagram.com\/assumptionuk"]},{"@type":"Person","@id":"https:\/\/assumpta-eu.org\/fr\/#\/schema\/person\/e88c33b9055ec5800b6adec01e18116f","name":"Francesca","image":{"@type":"ImageObject","inLanguage":"fr-FR","@id":"https:\/\/secure.gravatar.com\/avatar\/c6889456abf47fb76d7dcee6159de1147a3745ed8e1b111a451cf072ad9a8b66?s=96&d=mm&r=g","url":"https:\/\/secure.gravatar.com\/avatar\/c6889456abf47fb76d7dcee6159de1147a3745ed8e1b111a451cf072ad9a8b66?s=96&d=mm&r=g","contentUrl":"https:\/\/secure.gravatar.com\/avatar\/c6889456abf47fb76d7dcee6159de1147a3745ed8e1b111a451cf072ad9a8b66?s=96&d=mm&r=g","caption":"Francesca"},"url":"https:\/\/assumpta-eu.org\/fr\/author\/francesca\/"}]}},"_links":{"self":[{"href":"https:\/\/assumpta-eu.org\/fr\/wp-json\/wp\/v2\/posts\/6678","targetHints":{"allow":["GET"]}}],"collection":[{"href":"https:\/\/assumpta-eu.org\/fr\/wp-json\/wp\/v2\/posts"}],"about":[{"href":"https:\/\/assumpta-eu.org\/fr\/wp-json\/wp\/v2\/types\/post"}],"author":[{"embeddable":true,"href":"https:\/\/assumpta-eu.org\/fr\/wp-json\/wp\/v2\/users\/3"}],"replies":[{"embeddable":true,"href":"https:\/\/assumpta-eu.org\/fr\/wp-json\/wp\/v2\/comments?post=6678"}],"version-history":[{"count":8,"href":"https:\/\/assumpta-eu.org\/fr\/wp-json\/wp\/v2\/posts\/6678\/revisions"}],"predecessor-version":[{"id":6720,"href":"https:\/\/assumpta-eu.org\/fr\/wp-json\/wp\/v2\/posts\/6678\/revisions\/6720"}],"wp:featuredmedia":[{"embeddable":true,"href":"https:\/\/assumpta-eu.org\/fr\/wp-json\/wp\/v2\/media\/6669"}],"wp:attachment":[{"href":"https:\/\/assumpta-eu.org\/fr\/wp-json\/wp\/v2\/media?parent=6678"}],"wp:term":[{"taxonomy":"category","embeddable":true,"href":"https:\/\/assumpta-eu.org\/fr\/wp-json\/wp\/v2\/categories?post=6678"},{"taxonomy":"post_tag","embeddable":true,"href":"https:\/\/assumpta-eu.org\/fr\/wp-json\/wp\/v2\/tags?post=6678"}],"curies":[{"name":"wp","href":"https:\/\/api.w.org\/{rel}","templated":true}]}}