{"id":6638,"date":"2026-01-13T16:44:12","date_gmt":"2026-01-13T15:44:12","guid":{"rendered":"https:\/\/assumpta-eu.org\/pelerinage-de-taize-a-paris-avec-lassomption\/"},"modified":"2026-01-13T17:00:48","modified_gmt":"2026-01-13T16:00:48","slug":"pelerinage-de-taize-a-paris-avec-lassomption","status":"publish","type":"post","link":"https:\/\/assumpta-eu.org\/fr\/pelerinage-de-taize-a-paris-avec-lassomption\/","title":{"rendered":"48\u00e8me Rencontre Europ\u00e9enne de Taiz\u00e9 : \u00e0 Paris avec l&rsquo;Assomption"},"content":{"rendered":"\n<p>Entre No\u00ebl et le Nouvel an un groupe de <strong>30 jeunes a quitt\u00e9 Londres pour rejoindre la 48e Rencontre europ\u00e9enne de jeunes<\/strong> organis\u00e9e \u00e0 Paris par la communaut\u00e9 de Taiz\u00e9. La rencontre a dur\u00e9 trois jours et le programme comprenait des moments de pri\u00e8re commune et plus d&rsquo;une centaine d&rsquo;ateliers th\u00e9matiques dans diff\u00e9rents lieux de Paris. <\/p>\n\n<p>Rebecca, l&rsquo;une des organisateurs du groupe Assomption de Londres, partage : \u00ab\u00a0Commencer l&rsquo;ann\u00e9e en participant au p\u00e8lerinage de Taiz\u00e9 a \u00e9t\u00e9 une exp\u00e9rience vraiment belle et paisible. En tant que groupe de jeunes adultes de Londres, nous avons \u00e9t\u00e9 accueillis par de g\u00e9n\u00e9reuses familles d&rsquo;accueil \u00e0 Versailles pendant notre s\u00e9jour. Chaque jour a \u00e9t\u00e9 marqu\u00e9 par la pri\u00e8re, alors que nous d\u00e9couvrions la profondeur, la beaut\u00e9 et le calme de la pri\u00e8re \u0153cum\u00e9nique de Taiz\u00e9.<\/p>\n\n<p>Le rassemblement a \u00e9t\u00e9 un occasion de rencontre et de partage de vie et de foi avec des jeunes du monde entier. Il s&rsquo;agissait v\u00e9ritablement d&rsquo;une exp\u00e9rience de l&rsquo;\u00c9glise universelle, comme l&rsquo;explique Rebecca : \u00ab\u00a0Nous nous sommes r\u00e9unis en petits groupes avec des jeunes du monde entier, partageant nos espoirs pour l&rsquo;ann\u00e9e \u00e0 venir et r\u00e9fl\u00e9chissant ensemble aux r\u00e9alit\u00e9s de la vie dans leur pays d&rsquo;origine. Mon moment pr\u00e9f\u00e9r\u00e9 a \u00e9t\u00e9 la rencontre avec les 15 000 jeunes du monde entier participant au p\u00e8lerinage, unis dans la pri\u00e8re dans l&rsquo;ar\u00e8ne\u00a0\u00bb.  <\/p>\n\n<blockquote class=\"wp-block-quote is-layout-flow wp-block-quote-is-layout-flow\">\n<p class=\"has-text-align-right\"><strong>\u00ab\u00a0C&rsquo;\u00e9tait une exp\u00e9rience extraordinaire. J&rsquo;ai ador\u00e9 le sens de communaut\u00e9  <\/strong>que j&rsquo;ai ressenti \u00e0 travers les personnes que j&rsquo;ai rencontr\u00e9es&#8230; nous avons partag\u00e9 des <strong>pri\u00e8res, des discussions en petits groupes<\/strong> et des <strong>visites\u00a0\u00bb.<\/strong><\/p>\n<\/blockquote>\n\n<p>Daniela et Gus, deux autres participants de Londres, ont \u00e9galement fait part du fort sentiment d&rsquo;unit\u00e9 et d&rsquo;appartenance qu&rsquo;ils ont ressenti. Selon Daniela, \u00ab\u00a0c&rsquo;\u00e9tait une exp\u00e9rience extraordinaire. J&rsquo;ai ador\u00e9 le sentiment de communaut\u00e9 que j&rsquo;ai ressenti \u00e0 travers les personnes que j&rsquo;ai rencontr\u00e9es et les moments que nous avons partag\u00e9s dans la pri\u00e8re, les discussions en petits groupes et les visites des diff\u00e9rents quartiers de Paris. J&rsquo;ai aim\u00e9 faire la connaissance de personnes diff\u00e9rentes, venues du monde entier. Je me suis fait de nombreux amis. Je ch\u00e9rirai les souvenirs de Taiz\u00e9\u00a0\u00bb. <\/p>\n\n<blockquote class=\"wp-block-quote is-layout-flow wp-block-quote-is-layout-flow\">\n<p class=\"has-text-align-right\">\u00ab\u00a0J&rsquo;ai ressenti un v\u00e9ritable <strong>sentiment de connexion <\/strong>entre les p\u00e8lerins de toute la ville. J&rsquo;ai \u00e9t\u00e9 impressionn\u00e9 par la<strong> gentillesse et l&rsquo;hospitalit\u00e9 <\/strong>des organisateurs, des familles d&rsquo;accueil et de tous les religieux avec lesquels j&rsquo;ai \u00e9t\u00e9 en contact\u00a0\u00bb. <\/p>\n<\/blockquote>\n\n<p>Gus ajoute : \u00ab\u00a0Le voyage de Taiz\u00e9 \u00e0 Paris cette ann\u00e9e a \u00e9t\u00e9 pour moi une exp\u00e9rience merveilleuse et spirituellement enrichissante. Apprendre \u00e0 conna\u00eetre le vaste \u00e9ventail de personnes dans les communaut\u00e9s de l&rsquo;Assomption et au-del\u00e0 a \u00e9t\u00e9 un v\u00e9ritable privil\u00e8ge et j&rsquo;ai ressenti un r\u00e9el sentiment de connexion entre les p\u00e8lerins \u00e0 travers la ville. J&rsquo;ai \u00e9t\u00e9 impressionn\u00e9 par la gentillesse et l&rsquo;hospitalit\u00e9 des organisateurs, des familles d&rsquo;accueil et de tous les religieux avec lesquels j&rsquo;ai \u00e9t\u00e9 en contact. C&rsquo;\u00e9tait un p\u00e8lerinage incroyable ; je reviendrai certainement pour d&rsquo;autres !<\/p>\n\n<p><\/p>\n\n<figure class=\"wp-block-gallery has-nested-images columns-default is-cropped wp-block-gallery-1 is-layout-flex wp-block-gallery-is-layout-flex\">\n<figure class=\"wp-block-image size-large\"><img loading=\"lazy\" decoding=\"async\" width=\"768\" height=\"1024\" data-id=\"6629\" src=\"https:\/\/assumpta-eu.org\/wp-content\/uploads\/2026\/01\/PHOTO-2025-12-29-12-22-17-768x1024.jpg\" alt=\"\" class=\"wp-image-6629\"\/><\/figure>\n\n\n\n<figure class=\"wp-block-image size-large\"><img loading=\"lazy\" decoding=\"async\" width=\"768\" height=\"1024\" data-id=\"6625\" src=\"https:\/\/assumpta-eu.org\/wp-content\/uploads\/2026\/01\/PHOTO-2025-12-29-12-22-17-1-768x1024.jpg\" alt=\"\" class=\"wp-image-6625\"\/><\/figure>\n<\/figure>\n","protected":false},"excerpt":{"rendered":"<p>Entre No\u00ebl et le Nouvel an un groupe de 30 jeunes a quitt\u00e9 Londres pour rejoindre la 48e Rencontre europ\u00e9enne de jeunes organis\u00e9e \u00e0 Paris par la communaut\u00e9 de Taiz\u00e9. La rencontre a dur\u00e9 trois jours et le programme comprenait des moments de pri\u00e8re commune et plus d&rsquo;une centaine d&rsquo;ateliers th\u00e9matiques dans diff\u00e9rents lieux de [&hellip;]<\/p>\n","protected":false},"author":3,"featured_media":6662,"comment_status":"closed","ping_status":"closed","sticky":false,"template":"","format":"standard","meta":{"_et_pb_use_builder":"off","_et_pb_old_content":"","_et_gb_content_width":"","footnotes":""},"categories":[10],"tags":[],"class_list":["post-6638","post","type-post","status-publish","format-standard","has-post-thumbnail","hentry","category-non-classifiee"],"yoast_head":"<!-- This site is optimized with the Yoast SEO plugin v27.5 - https:\/\/yoast.com\/product\/yoast-seo-wordpress\/ -->\n<title>48\u00e8me Rencontre Europ\u00e9enne de Taiz\u00e9 : \u00e0 Paris avec l&#039;Assomption - Religious of the Assumption &gt; Province of Europe<\/title>\n<meta name=\"robots\" content=\"index, follow, max-snippet:-1, max-image-preview:large, max-video-preview:-1\" \/>\n<link rel=\"canonical\" href=\"https:\/\/assumpta-eu.org\/fr\/pelerinage-de-taize-a-paris-avec-lassomption\/\" \/>\n<meta property=\"og:locale\" content=\"fr_FR\" \/>\n<meta property=\"og:type\" content=\"article\" \/>\n<meta property=\"og:title\" content=\"48\u00e8me Rencontre Europ\u00e9enne de Taiz\u00e9 : \u00e0 Paris avec l&#039;Assomption - Religious of the Assumption &gt; Province of Europe\" \/>\n<meta property=\"og:description\" content=\"Entre No\u00ebl et le Nouvel an un groupe de 30 jeunes a quitt\u00e9 Londres pour rejoindre la 48e Rencontre europ\u00e9enne de jeunes organis\u00e9e \u00e0 Paris par la communaut\u00e9 de Taiz\u00e9. La rencontre a dur\u00e9 trois jours et le programme comprenait des moments de pri\u00e8re commune et plus d&rsquo;une centaine d&rsquo;ateliers th\u00e9matiques dans diff\u00e9rents lieux de [&hellip;]\" \/>\n<meta property=\"og:url\" content=\"https:\/\/assumpta-eu.org\/fr\/pelerinage-de-taize-a-paris-avec-lassomption\/\" \/>\n<meta property=\"og:site_name\" content=\"Religious of the Assumption &gt; Province of Europe\" \/>\n<meta property=\"article:publisher\" content=\"http:\/\/www.facebook.com\/assumptionUK\" \/>\n<meta property=\"article:published_time\" content=\"2026-01-13T15:44:12+00:00\" \/>\n<meta property=\"article:modified_time\" content=\"2026-01-13T16:00:48+00:00\" \/>\n<meta property=\"og:image\" content=\"https:\/\/assumpta-eu.org\/wp-content\/uploads\/2026\/01\/PHOTO-2026-01-13-15-39-38.jpg\" \/>\n\t<meta property=\"og:image:width\" content=\"1600\" \/>\n\t<meta property=\"og:image:height\" content=\"1085\" \/>\n\t<meta property=\"og:image:type\" content=\"image\/jpeg\" \/>\n<meta name=\"author\" content=\"Francesca\" \/>\n<meta name=\"twitter:card\" content=\"summary_large_image\" \/>\n<meta name=\"twitter:creator\" content=\"@AssumptionRA\" \/>\n<meta name=\"twitter:site\" content=\"@AssumptionRA\" \/>\n<meta name=\"twitter:label1\" content=\"\u00c9crit par\" \/>\n\t<meta name=\"twitter:data1\" content=\"Francesca\" \/>\n\t<meta name=\"twitter:label2\" content=\"Dur\u00e9e de lecture estim\u00e9e\" \/>\n\t<meta name=\"twitter:data2\" content=\"3 minutes\" \/>\n<script type=\"application\/ld+json\" class=\"yoast-schema-graph\">{\"@context\":\"https:\\\/\\\/schema.org\",\"@graph\":[{\"@type\":\"Article\",\"@id\":\"https:\\\/\\\/assumpta-eu.org\\\/fr\\\/pelerinage-de-taize-a-paris-avec-lassomption\\\/#article\",\"isPartOf\":{\"@id\":\"https:\\\/\\\/assumpta-eu.org\\\/fr\\\/pelerinage-de-taize-a-paris-avec-lassomption\\\/\"},\"author\":{\"name\":\"Francesca\",\"@id\":\"https:\\\/\\\/assumpta-eu.org\\\/fr\\\/#\\\/schema\\\/person\\\/e88c33b9055ec5800b6adec01e18116f\"},\"headline\":\"48\u00e8me Rencontre Europ\u00e9enne de Taiz\u00e9 : \u00e0 Paris avec l&rsquo;Assomption\",\"datePublished\":\"2026-01-13T15:44:12+00:00\",\"dateModified\":\"2026-01-13T16:00:48+00:00\",\"mainEntityOfPage\":{\"@id\":\"https:\\\/\\\/assumpta-eu.org\\\/fr\\\/pelerinage-de-taize-a-paris-avec-lassomption\\\/\"},\"wordCount\":555,\"publisher\":{\"@id\":\"https:\\\/\\\/assumpta-eu.org\\\/fr\\\/#organization\"},\"image\":{\"@id\":\"https:\\\/\\\/assumpta-eu.org\\\/fr\\\/pelerinage-de-taize-a-paris-avec-lassomption\\\/#primaryimage\"},\"thumbnailUrl\":\"https:\\\/\\\/assumpta-eu.org\\\/wp-content\\\/uploads\\\/2026\\\/01\\\/WhatsApp-Image-2026-01-19-at-9.18.50-AM-1-edited.jpeg\",\"articleSection\":[\"Non classifi\u00e9(e)\"],\"inLanguage\":\"fr-FR\"},{\"@type\":\"WebPage\",\"@id\":\"https:\\\/\\\/assumpta-eu.org\\\/fr\\\/pelerinage-de-taize-a-paris-avec-lassomption\\\/\",\"url\":\"https:\\\/\\\/assumpta-eu.org\\\/fr\\\/pelerinage-de-taize-a-paris-avec-lassomption\\\/\",\"name\":\"48\u00e8me Rencontre Europ\u00e9enne de Taiz\u00e9 : \u00e0 Paris avec l'Assomption - Religious of the Assumption &gt; Province of Europe\",\"isPartOf\":{\"@id\":\"https:\\\/\\\/assumpta-eu.org\\\/fr\\\/#website\"},\"primaryImageOfPage\":{\"@id\":\"https:\\\/\\\/assumpta-eu.org\\\/fr\\\/pelerinage-de-taize-a-paris-avec-lassomption\\\/#primaryimage\"},\"image\":{\"@id\":\"https:\\\/\\\/assumpta-eu.org\\\/fr\\\/pelerinage-de-taize-a-paris-avec-lassomption\\\/#primaryimage\"},\"thumbnailUrl\":\"https:\\\/\\\/assumpta-eu.org\\\/wp-content\\\/uploads\\\/2026\\\/01\\\/WhatsApp-Image-2026-01-19-at-9.18.50-AM-1-edited.jpeg\",\"datePublished\":\"2026-01-13T15:44:12+00:00\",\"dateModified\":\"2026-01-13T16:00:48+00:00\",\"breadcrumb\":{\"@id\":\"https:\\\/\\\/assumpta-eu.org\\\/fr\\\/pelerinage-de-taize-a-paris-avec-lassomption\\\/#breadcrumb\"},\"inLanguage\":\"fr-FR\",\"potentialAction\":[{\"@type\":\"ReadAction\",\"target\":[\"https:\\\/\\\/assumpta-eu.org\\\/fr\\\/pelerinage-de-taize-a-paris-avec-lassomption\\\/\"]}]},{\"@type\":\"ImageObject\",\"inLanguage\":\"fr-FR\",\"@id\":\"https:\\\/\\\/assumpta-eu.org\\\/fr\\\/pelerinage-de-taize-a-paris-avec-lassomption\\\/#primaryimage\",\"url\":\"https:\\\/\\\/assumpta-eu.org\\\/wp-content\\\/uploads\\\/2026\\\/01\\\/WhatsApp-Image-2026-01-19-at-9.18.50-AM-1-edited.jpeg\",\"contentUrl\":\"https:\\\/\\\/assumpta-eu.org\\\/wp-content\\\/uploads\\\/2026\\\/01\\\/WhatsApp-Image-2026-01-19-at-9.18.50-AM-1-edited.jpeg\",\"width\":1067,\"height\":801},{\"@type\":\"BreadcrumbList\",\"@id\":\"https:\\\/\\\/assumpta-eu.org\\\/fr\\\/pelerinage-de-taize-a-paris-avec-lassomption\\\/#breadcrumb\",\"itemListElement\":[{\"@type\":\"ListItem\",\"position\":1,\"name\":\"Home\",\"item\":\"https:\\\/\\\/assumpta-eu.org\\\/fr\\\/\"},{\"@type\":\"ListItem\",\"position\":2,\"name\":\"48\u00e8me Rencontre Europ\u00e9enne de Taiz\u00e9 : \u00e0 Paris avec l&rsquo;Assomption\"}]},{\"@type\":\"WebSite\",\"@id\":\"https:\\\/\\\/assumpta-eu.org\\\/fr\\\/#website\",\"url\":\"https:\\\/\\\/assumpta-eu.org\\\/fr\\\/\",\"name\":\"Province of Europe of the Religious of the Assumption\",\"description\":\"Make Christ known and loved\",\"publisher\":{\"@id\":\"https:\\\/\\\/assumpta-eu.org\\\/fr\\\/#organization\"},\"potentialAction\":[{\"@type\":\"SearchAction\",\"target\":{\"@type\":\"EntryPoint\",\"urlTemplate\":\"https:\\\/\\\/assumpta-eu.org\\\/fr\\\/?s={search_term_string}\"},\"query-input\":{\"@type\":\"PropertyValueSpecification\",\"valueRequired\":true,\"valueName\":\"search_term_string\"}}],\"inLanguage\":\"fr-FR\"},{\"@type\":\"Organization\",\"@id\":\"https:\\\/\\\/assumpta-eu.org\\\/fr\\\/#organization\",\"name\":\"Religious of the Assumption\",\"url\":\"https:\\\/\\\/assumpta-eu.org\\\/fr\\\/\",\"logo\":{\"@type\":\"ImageObject\",\"inLanguage\":\"fr-FR\",\"@id\":\"https:\\\/\\\/assumpta-eu.org\\\/fr\\\/#\\\/schema\\\/logo\\\/image\\\/\",\"url\":\"https:\\\/\\\/assumpta-eu.org\\\/wp-content\\\/uploads\\\/2023\\\/06\\\/RA-EU-logos-02.png\",\"contentUrl\":\"https:\\\/\\\/assumpta-eu.org\\\/wp-content\\\/uploads\\\/2023\\\/06\\\/RA-EU-logos-02.png\",\"width\":705,\"height\":729,\"caption\":\"Religious of the Assumption\"},\"image\":{\"@id\":\"https:\\\/\\\/assumpta-eu.org\\\/fr\\\/#\\\/schema\\\/logo\\\/image\\\/\"},\"sameAs\":[\"http:\\\/\\\/www.facebook.com\\\/assumptionUK\",\"https:\\\/\\\/x.com\\\/AssumptionRA\",\"http:\\\/\\\/www.instagram.com\\\/assumptionuk\"]},{\"@type\":\"Person\",\"@id\":\"https:\\\/\\\/assumpta-eu.org\\\/fr\\\/#\\\/schema\\\/person\\\/e88c33b9055ec5800b6adec01e18116f\",\"name\":\"Francesca\",\"image\":{\"@type\":\"ImageObject\",\"inLanguage\":\"fr-FR\",\"@id\":\"https:\\\/\\\/secure.gravatar.com\\\/avatar\\\/c6889456abf47fb76d7dcee6159de1147a3745ed8e1b111a451cf072ad9a8b66?s=96&d=mm&r=g\",\"url\":\"https:\\\/\\\/secure.gravatar.com\\\/avatar\\\/c6889456abf47fb76d7dcee6159de1147a3745ed8e1b111a451cf072ad9a8b66?s=96&d=mm&r=g\",\"contentUrl\":\"https:\\\/\\\/secure.gravatar.com\\\/avatar\\\/c6889456abf47fb76d7dcee6159de1147a3745ed8e1b111a451cf072ad9a8b66?s=96&d=mm&r=g\",\"caption\":\"Francesca\"},\"url\":\"https:\\\/\\\/assumpta-eu.org\\\/fr\\\/author\\\/francesca\\\/\"}]}<\/script>\n<!-- \/ Yoast SEO plugin. -->","yoast_head_json":{"title":"48\u00e8me Rencontre Europ\u00e9enne de Taiz\u00e9 : \u00e0 Paris avec l'Assomption - Religious of the Assumption &gt; Province of Europe","robots":{"index":"index","follow":"follow","max-snippet":"max-snippet:-1","max-image-preview":"max-image-preview:large","max-video-preview":"max-video-preview:-1"},"canonical":"https:\/\/assumpta-eu.org\/fr\/pelerinage-de-taize-a-paris-avec-lassomption\/","og_locale":"fr_FR","og_type":"article","og_title":"48\u00e8me Rencontre Europ\u00e9enne de Taiz\u00e9 : \u00e0 Paris avec l'Assomption - Religious of the Assumption &gt; Province of Europe","og_description":"Entre No\u00ebl et le Nouvel an un groupe de 30 jeunes a quitt\u00e9 Londres pour rejoindre la 48e Rencontre europ\u00e9enne de jeunes organis\u00e9e \u00e0 Paris par la communaut\u00e9 de Taiz\u00e9. La rencontre a dur\u00e9 trois jours et le programme comprenait des moments de pri\u00e8re commune et plus d&rsquo;une centaine d&rsquo;ateliers th\u00e9matiques dans diff\u00e9rents lieux de [&hellip;]","og_url":"https:\/\/assumpta-eu.org\/fr\/pelerinage-de-taize-a-paris-avec-lassomption\/","og_site_name":"Religious of the Assumption &gt; Province of Europe","article_publisher":"http:\/\/www.facebook.com\/assumptionUK","article_published_time":"2026-01-13T15:44:12+00:00","article_modified_time":"2026-01-13T16:00:48+00:00","og_image":[{"width":1600,"height":1085,"url":"https:\/\/assumpta-eu.org\/wp-content\/uploads\/2026\/01\/PHOTO-2026-01-13-15-39-38.jpg","type":"image\/jpeg"}],"author":"Francesca","twitter_card":"summary_large_image","twitter_creator":"@AssumptionRA","twitter_site":"@AssumptionRA","twitter_misc":{"\u00c9crit par":"Francesca","Dur\u00e9e de lecture estim\u00e9e":"3 minutes"},"schema":{"@context":"https:\/\/schema.org","@graph":[{"@type":"Article","@id":"https:\/\/assumpta-eu.org\/fr\/pelerinage-de-taize-a-paris-avec-lassomption\/#article","isPartOf":{"@id":"https:\/\/assumpta-eu.org\/fr\/pelerinage-de-taize-a-paris-avec-lassomption\/"},"author":{"name":"Francesca","@id":"https:\/\/assumpta-eu.org\/fr\/#\/schema\/person\/e88c33b9055ec5800b6adec01e18116f"},"headline":"48\u00e8me Rencontre Europ\u00e9enne de Taiz\u00e9 : \u00e0 Paris avec l&rsquo;Assomption","datePublished":"2026-01-13T15:44:12+00:00","dateModified":"2026-01-13T16:00:48+00:00","mainEntityOfPage":{"@id":"https:\/\/assumpta-eu.org\/fr\/pelerinage-de-taize-a-paris-avec-lassomption\/"},"wordCount":555,"publisher":{"@id":"https:\/\/assumpta-eu.org\/fr\/#organization"},"image":{"@id":"https:\/\/assumpta-eu.org\/fr\/pelerinage-de-taize-a-paris-avec-lassomption\/#primaryimage"},"thumbnailUrl":"https:\/\/assumpta-eu.org\/wp-content\/uploads\/2026\/01\/WhatsApp-Image-2026-01-19-at-9.18.50-AM-1-edited.jpeg","articleSection":["Non classifi\u00e9(e)"],"inLanguage":"fr-FR"},{"@type":"WebPage","@id":"https:\/\/assumpta-eu.org\/fr\/pelerinage-de-taize-a-paris-avec-lassomption\/","url":"https:\/\/assumpta-eu.org\/fr\/pelerinage-de-taize-a-paris-avec-lassomption\/","name":"48\u00e8me Rencontre Europ\u00e9enne de Taiz\u00e9 : \u00e0 Paris avec l'Assomption - Religious of the Assumption &gt; Province of Europe","isPartOf":{"@id":"https:\/\/assumpta-eu.org\/fr\/#website"},"primaryImageOfPage":{"@id":"https:\/\/assumpta-eu.org\/fr\/pelerinage-de-taize-a-paris-avec-lassomption\/#primaryimage"},"image":{"@id":"https:\/\/assumpta-eu.org\/fr\/pelerinage-de-taize-a-paris-avec-lassomption\/#primaryimage"},"thumbnailUrl":"https:\/\/assumpta-eu.org\/wp-content\/uploads\/2026\/01\/WhatsApp-Image-2026-01-19-at-9.18.50-AM-1-edited.jpeg","datePublished":"2026-01-13T15:44:12+00:00","dateModified":"2026-01-13T16:00:48+00:00","breadcrumb":{"@id":"https:\/\/assumpta-eu.org\/fr\/pelerinage-de-taize-a-paris-avec-lassomption\/#breadcrumb"},"inLanguage":"fr-FR","potentialAction":[{"@type":"ReadAction","target":["https:\/\/assumpta-eu.org\/fr\/pelerinage-de-taize-a-paris-avec-lassomption\/"]}]},{"@type":"ImageObject","inLanguage":"fr-FR","@id":"https:\/\/assumpta-eu.org\/fr\/pelerinage-de-taize-a-paris-avec-lassomption\/#primaryimage","url":"https:\/\/assumpta-eu.org\/wp-content\/uploads\/2026\/01\/WhatsApp-Image-2026-01-19-at-9.18.50-AM-1-edited.jpeg","contentUrl":"https:\/\/assumpta-eu.org\/wp-content\/uploads\/2026\/01\/WhatsApp-Image-2026-01-19-at-9.18.50-AM-1-edited.jpeg","width":1067,"height":801},{"@type":"BreadcrumbList","@id":"https:\/\/assumpta-eu.org\/fr\/pelerinage-de-taize-a-paris-avec-lassomption\/#breadcrumb","itemListElement":[{"@type":"ListItem","position":1,"name":"Home","item":"https:\/\/assumpta-eu.org\/fr\/"},{"@type":"ListItem","position":2,"name":"48\u00e8me Rencontre Europ\u00e9enne de Taiz\u00e9 : \u00e0 Paris avec l&rsquo;Assomption"}]},{"@type":"WebSite","@id":"https:\/\/assumpta-eu.org\/fr\/#website","url":"https:\/\/assumpta-eu.org\/fr\/","name":"Province of Europe of the Religious of the Assumption","description":"Make Christ known and loved","publisher":{"@id":"https:\/\/assumpta-eu.org\/fr\/#organization"},"potentialAction":[{"@type":"SearchAction","target":{"@type":"EntryPoint","urlTemplate":"https:\/\/assumpta-eu.org\/fr\/?s={search_term_string}"},"query-input":{"@type":"PropertyValueSpecification","valueRequired":true,"valueName":"search_term_string"}}],"inLanguage":"fr-FR"},{"@type":"Organization","@id":"https:\/\/assumpta-eu.org\/fr\/#organization","name":"Religious of the Assumption","url":"https:\/\/assumpta-eu.org\/fr\/","logo":{"@type":"ImageObject","inLanguage":"fr-FR","@id":"https:\/\/assumpta-eu.org\/fr\/#\/schema\/logo\/image\/","url":"https:\/\/assumpta-eu.org\/wp-content\/uploads\/2023\/06\/RA-EU-logos-02.png","contentUrl":"https:\/\/assumpta-eu.org\/wp-content\/uploads\/2023\/06\/RA-EU-logos-02.png","width":705,"height":729,"caption":"Religious of the Assumption"},"image":{"@id":"https:\/\/assumpta-eu.org\/fr\/#\/schema\/logo\/image\/"},"sameAs":["http:\/\/www.facebook.com\/assumptionUK","https:\/\/x.com\/AssumptionRA","http:\/\/www.instagram.com\/assumptionuk"]},{"@type":"Person","@id":"https:\/\/assumpta-eu.org\/fr\/#\/schema\/person\/e88c33b9055ec5800b6adec01e18116f","name":"Francesca","image":{"@type":"ImageObject","inLanguage":"fr-FR","@id":"https:\/\/secure.gravatar.com\/avatar\/c6889456abf47fb76d7dcee6159de1147a3745ed8e1b111a451cf072ad9a8b66?s=96&d=mm&r=g","url":"https:\/\/secure.gravatar.com\/avatar\/c6889456abf47fb76d7dcee6159de1147a3745ed8e1b111a451cf072ad9a8b66?s=96&d=mm&r=g","contentUrl":"https:\/\/secure.gravatar.com\/avatar\/c6889456abf47fb76d7dcee6159de1147a3745ed8e1b111a451cf072ad9a8b66?s=96&d=mm&r=g","caption":"Francesca"},"url":"https:\/\/assumpta-eu.org\/fr\/author\/francesca\/"}]}},"_links":{"self":[{"href":"https:\/\/assumpta-eu.org\/fr\/wp-json\/wp\/v2\/posts\/6638","targetHints":{"allow":["GET"]}}],"collection":[{"href":"https:\/\/assumpta-eu.org\/fr\/wp-json\/wp\/v2\/posts"}],"about":[{"href":"https:\/\/assumpta-eu.org\/fr\/wp-json\/wp\/v2\/types\/post"}],"author":[{"embeddable":true,"href":"https:\/\/assumpta-eu.org\/fr\/wp-json\/wp\/v2\/users\/3"}],"replies":[{"embeddable":true,"href":"https:\/\/assumpta-eu.org\/fr\/wp-json\/wp\/v2\/comments?post=6638"}],"version-history":[{"count":4,"href":"https:\/\/assumpta-eu.org\/fr\/wp-json\/wp\/v2\/posts\/6638\/revisions"}],"predecessor-version":[{"id":6645,"href":"https:\/\/assumpta-eu.org\/fr\/wp-json\/wp\/v2\/posts\/6638\/revisions\/6645"}],"wp:featuredmedia":[{"embeddable":true,"href":"https:\/\/assumpta-eu.org\/fr\/wp-json\/wp\/v2\/media\/6662"}],"wp:attachment":[{"href":"https:\/\/assumpta-eu.org\/fr\/wp-json\/wp\/v2\/media?parent=6638"}],"wp:term":[{"taxonomy":"category","embeddable":true,"href":"https:\/\/assumpta-eu.org\/fr\/wp-json\/wp\/v2\/categories?post=6638"},{"taxonomy":"post_tag","embeddable":true,"href":"https:\/\/assumpta-eu.org\/fr\/wp-json\/wp\/v2\/tags?post=6638"}],"curies":[{"name":"wp","href":"https:\/\/api.w.org\/{rel}","templated":true}]}}