{"id":6578,"date":"2025-12-24T11:16:31","date_gmt":"2025-12-24T10:16:31","guid":{"rendered":"https:\/\/assumpta-eu.org\/emmanuel-renouveau-joyeux-et-paix-chapitre-de-noel-2025\/"},"modified":"2025-12-24T11:22:23","modified_gmt":"2025-12-24T10:22:23","slug":"emmanuel-renouveau-joyeux-et-paix-chapitre-de-noel-2025","status":"publish","type":"post","link":"https:\/\/assumpta-eu.org\/fr\/emmanuel-renouveau-joyeux-et-paix-chapitre-de-noel-2025\/","title":{"rendered":"Emmanuel &#8211; Renouveau joyeux et paix. Chapitre de No\u00ebl 2025"},"content":{"rendered":"\n<p class=\"has-medium-font-size\">No\u00ebl n&rsquo;est pas seulement un souvenir, c&rsquo;est une exp\u00e9rience vivante : Dieu entre dans ce qui est petit, ordinaire et fragile, pour tout renouveler de l&rsquo;int\u00e9rieur.<\/p>\n\n<p class=\"has-medium-font-size\">Ce chapitre de notre s\u0153ur Rekha Chennattu, notre sup\u00e9rieure g\u00e9n\u00e9rale, nous invite \u00e0 retourner \u00e0 la cr\u00e8che avec les bergers, \u00e0 \u00e9couter la joie qui surmonte la peur et \u00e0 nous laisser transformer par la paix qui vient de Dieu-avec-nous.  <\/p>\n\n<p class=\"has-medium-font-size\">Dans l&rsquo;\u00c9vangile, nous trouvons des gens ordinaires &#8211; Marie, Joseph et les bergers &#8211; confront\u00e9s \u00e0 des difficult\u00e9s ordinaires : un long voyage, des villes bond\u00e9es, pas de place \u00e0 l&rsquo;auberge, et le travail tranquille de la vie quotidienne. Rien dans leur situation ne laissait pr\u00e9sager la gloire ou la promesse. Et pourtant, c&rsquo;est <strong>dans cette simplicit\u00e9, cette pauvret\u00e9 et ces limites humaines que Dieu choisit de faire irruption dans notre monde, y apportant un renouveau et une vie nouvelle<\/strong>.    <\/p>\n\n<p class=\"has-medium-font-size\">\ud83d\udc49 En savoir plus :<\/p>\n\n<p class=\"has-medium-font-size\"><a href=\"https:\/\/assumpta.org\/fr\/les-xx-et-xxi-s\/les-xx-et-xxi-s\/chapitre-de-noel-2025\">https:\/\/assumpta.org\/fr\/les-xx-et-xxi-s\/les-xx-et-xxi-s\/chapitre-de-noel-2025<\/a><\/p>\n\n<p class=\"has-medium-font-size\">\ud83c\udfa5 Vous pouvez regarder le message complet sur ce lien, avec ou sans sous-titres en FR &#8211; ENG &#8211; ESP :<\/p>\n\n<figure class=\"wp-block-embed is-type-video is-provider-youtube wp-block-embed-youtube wp-embed-aspect-16-9 wp-has-aspect-ratio\"><div class=\"wp-block-embed__wrapper\">\n<iframe loading=\"lazy\" title=\"Emmanuel. Joyful Renewal and Peace. Christmas Message 2025, Sister Rekha Chennattu, Superior General\" width=\"1080\" height=\"608\" src=\"https:\/\/www.youtube.com\/embed\/Yaoimtau4wA?feature=oembed\"  allow=\"accelerometer; autoplay; clipboard-write; encrypted-media; gyroscope; picture-in-picture; web-share\" referrerpolicy=\"strict-origin-when-cross-origin\" allowfullscreen><\/iframe>\n<\/div><\/figure>\n","protected":false},"excerpt":{"rendered":"<p>No\u00ebl n&rsquo;est pas seulement un souvenir, c&rsquo;est une exp\u00e9rience vivante : Dieu entre dans ce qui est petit, ordinaire et fragile, pour tout renouveler de l&rsquo;int\u00e9rieur. Ce chapitre de notre s\u0153ur Rekha Chennattu, notre sup\u00e9rieure g\u00e9n\u00e9rale, nous invite \u00e0 retourner \u00e0 la cr\u00e8che avec les bergers, \u00e0 \u00e9couter la joie qui surmonte la peur et [&hellip;]<\/p>\n","protected":false},"author":2,"featured_media":6569,"comment_status":"closed","ping_status":"closed","sticky":false,"template":"","format":"standard","meta":{"_et_pb_use_builder":"off","_et_pb_old_content":"","_et_gb_content_width":"","footnotes":""},"categories":[43],"tags":[],"class_list":["post-6578","post","type-post","status-publish","format-standard","has-post-thumbnail","hentry","category-congregation-fr"],"yoast_head":"<!-- This site is optimized with the Yoast SEO plugin v27.5 - https:\/\/yoast.com\/product\/yoast-seo-wordpress\/ -->\n<title>Emmanuel - Renouveau joyeux et paix. Chapitre de No\u00ebl 2025 - Religious of the Assumption &gt; Province of Europe<\/title>\n<meta name=\"robots\" content=\"index, follow, max-snippet:-1, max-image-preview:large, max-video-preview:-1\" \/>\n<link rel=\"canonical\" href=\"https:\/\/assumpta-eu.org\/fr\/emmanuel-renouveau-joyeux-et-paix-chapitre-de-noel-2025\/\" \/>\n<meta property=\"og:locale\" content=\"fr_FR\" \/>\n<meta property=\"og:type\" content=\"article\" \/>\n<meta property=\"og:title\" content=\"Emmanuel - Renouveau joyeux et paix. Chapitre de No\u00ebl 2025 - Religious of the Assumption &gt; Province of Europe\" \/>\n<meta property=\"og:description\" content=\"No\u00ebl n&rsquo;est pas seulement un souvenir, c&rsquo;est une exp\u00e9rience vivante : Dieu entre dans ce qui est petit, ordinaire et fragile, pour tout renouveler de l&rsquo;int\u00e9rieur. Ce chapitre de notre s\u0153ur Rekha Chennattu, notre sup\u00e9rieure g\u00e9n\u00e9rale, nous invite \u00e0 retourner \u00e0 la cr\u00e8che avec les bergers, \u00e0 \u00e9couter la joie qui surmonte la peur et [&hellip;]\" \/>\n<meta property=\"og:url\" content=\"https:\/\/assumpta-eu.org\/fr\/emmanuel-renouveau-joyeux-et-paix-chapitre-de-noel-2025\/\" \/>\n<meta property=\"og:site_name\" content=\"Religious of the Assumption &gt; Province of Europe\" \/>\n<meta property=\"article:publisher\" content=\"http:\/\/www.facebook.com\/assumptionUK\" \/>\n<meta property=\"article:published_time\" content=\"2025-12-24T10:16:31+00:00\" \/>\n<meta property=\"article:modified_time\" content=\"2025-12-24T10:22:23+00:00\" \/>\n<meta property=\"og:image\" content=\"https:\/\/assumpta-eu.org\/wp-content\/uploads\/2025\/12\/baby2.jpg\" \/>\n\t<meta property=\"og:image:width\" content=\"940\" \/>\n\t<meta property=\"og:image:height\" content=\"788\" \/>\n\t<meta property=\"og:image:type\" content=\"image\/jpeg\" \/>\n<meta name=\"author\" content=\"Anne\" \/>\n<meta name=\"twitter:card\" content=\"summary_large_image\" \/>\n<meta name=\"twitter:creator\" content=\"@AssumptionRA\" \/>\n<meta name=\"twitter:site\" content=\"@AssumptionRA\" \/>\n<meta name=\"twitter:label1\" content=\"\u00c9crit par\" \/>\n\t<meta name=\"twitter:data1\" content=\"Anne\" \/>\n\t<meta name=\"twitter:label2\" content=\"Dur\u00e9e de lecture estim\u00e9e\" \/>\n\t<meta name=\"twitter:data2\" content=\"1 minute\" \/>\n<script type=\"application\/ld+json\" class=\"yoast-schema-graph\">{\"@context\":\"https:\\\/\\\/schema.org\",\"@graph\":[{\"@type\":\"Article\",\"@id\":\"https:\\\/\\\/assumpta-eu.org\\\/fr\\\/emmanuel-renouveau-joyeux-et-paix-chapitre-de-noel-2025\\\/#article\",\"isPartOf\":{\"@id\":\"https:\\\/\\\/assumpta-eu.org\\\/fr\\\/emmanuel-renouveau-joyeux-et-paix-chapitre-de-noel-2025\\\/\"},\"author\":{\"name\":\"Anne\",\"@id\":\"https:\\\/\\\/assumpta-eu.org\\\/fr\\\/#\\\/schema\\\/person\\\/8bd01435b0befe8112b965ec0e445875\"},\"headline\":\"Emmanuel &#8211; Renouveau joyeux et paix. Chapitre de No\u00ebl 2025\",\"datePublished\":\"2025-12-24T10:16:31+00:00\",\"dateModified\":\"2025-12-24T10:22:23+00:00\",\"mainEntityOfPage\":{\"@id\":\"https:\\\/\\\/assumpta-eu.org\\\/fr\\\/emmanuel-renouveau-joyeux-et-paix-chapitre-de-noel-2025\\\/\"},\"wordCount\":203,\"publisher\":{\"@id\":\"https:\\\/\\\/assumpta-eu.org\\\/fr\\\/#organization\"},\"image\":{\"@id\":\"https:\\\/\\\/assumpta-eu.org\\\/fr\\\/emmanuel-renouveau-joyeux-et-paix-chapitre-de-noel-2025\\\/#primaryimage\"},\"thumbnailUrl\":\"https:\\\/\\\/assumpta-eu.org\\\/wp-content\\\/uploads\\\/2025\\\/12\\\/baby2.jpg\",\"articleSection\":[\"Congr\u00e9gation\"],\"inLanguage\":\"fr-FR\"},{\"@type\":\"WebPage\",\"@id\":\"https:\\\/\\\/assumpta-eu.org\\\/fr\\\/emmanuel-renouveau-joyeux-et-paix-chapitre-de-noel-2025\\\/\",\"url\":\"https:\\\/\\\/assumpta-eu.org\\\/fr\\\/emmanuel-renouveau-joyeux-et-paix-chapitre-de-noel-2025\\\/\",\"name\":\"Emmanuel - Renouveau joyeux et paix. Chapitre de No\u00ebl 2025 - Religious of the Assumption &gt; Province of Europe\",\"isPartOf\":{\"@id\":\"https:\\\/\\\/assumpta-eu.org\\\/fr\\\/#website\"},\"primaryImageOfPage\":{\"@id\":\"https:\\\/\\\/assumpta-eu.org\\\/fr\\\/emmanuel-renouveau-joyeux-et-paix-chapitre-de-noel-2025\\\/#primaryimage\"},\"image\":{\"@id\":\"https:\\\/\\\/assumpta-eu.org\\\/fr\\\/emmanuel-renouveau-joyeux-et-paix-chapitre-de-noel-2025\\\/#primaryimage\"},\"thumbnailUrl\":\"https:\\\/\\\/assumpta-eu.org\\\/wp-content\\\/uploads\\\/2025\\\/12\\\/baby2.jpg\",\"datePublished\":\"2025-12-24T10:16:31+00:00\",\"dateModified\":\"2025-12-24T10:22:23+00:00\",\"breadcrumb\":{\"@id\":\"https:\\\/\\\/assumpta-eu.org\\\/fr\\\/emmanuel-renouveau-joyeux-et-paix-chapitre-de-noel-2025\\\/#breadcrumb\"},\"inLanguage\":\"fr-FR\",\"potentialAction\":[{\"@type\":\"ReadAction\",\"target\":[\"https:\\\/\\\/assumpta-eu.org\\\/fr\\\/emmanuel-renouveau-joyeux-et-paix-chapitre-de-noel-2025\\\/\"]}]},{\"@type\":\"ImageObject\",\"inLanguage\":\"fr-FR\",\"@id\":\"https:\\\/\\\/assumpta-eu.org\\\/fr\\\/emmanuel-renouveau-joyeux-et-paix-chapitre-de-noel-2025\\\/#primaryimage\",\"url\":\"https:\\\/\\\/assumpta-eu.org\\\/wp-content\\\/uploads\\\/2025\\\/12\\\/baby2.jpg\",\"contentUrl\":\"https:\\\/\\\/assumpta-eu.org\\\/wp-content\\\/uploads\\\/2025\\\/12\\\/baby2.jpg\",\"width\":940,\"height\":788},{\"@type\":\"BreadcrumbList\",\"@id\":\"https:\\\/\\\/assumpta-eu.org\\\/fr\\\/emmanuel-renouveau-joyeux-et-paix-chapitre-de-noel-2025\\\/#breadcrumb\",\"itemListElement\":[{\"@type\":\"ListItem\",\"position\":1,\"name\":\"Home\",\"item\":\"https:\\\/\\\/assumpta-eu.org\\\/fr\\\/\"},{\"@type\":\"ListItem\",\"position\":2,\"name\":\"Emmanuel &#8211; Renouveau joyeux et paix. Chapitre de No\u00ebl 2025\"}]},{\"@type\":\"WebSite\",\"@id\":\"https:\\\/\\\/assumpta-eu.org\\\/fr\\\/#website\",\"url\":\"https:\\\/\\\/assumpta-eu.org\\\/fr\\\/\",\"name\":\"Province of Europe of the Religious of the Assumption\",\"description\":\"Make Christ known and loved\",\"publisher\":{\"@id\":\"https:\\\/\\\/assumpta-eu.org\\\/fr\\\/#organization\"},\"potentialAction\":[{\"@type\":\"SearchAction\",\"target\":{\"@type\":\"EntryPoint\",\"urlTemplate\":\"https:\\\/\\\/assumpta-eu.org\\\/fr\\\/?s={search_term_string}\"},\"query-input\":{\"@type\":\"PropertyValueSpecification\",\"valueRequired\":true,\"valueName\":\"search_term_string\"}}],\"inLanguage\":\"fr-FR\"},{\"@type\":\"Organization\",\"@id\":\"https:\\\/\\\/assumpta-eu.org\\\/fr\\\/#organization\",\"name\":\"Religious of the Assumption\",\"url\":\"https:\\\/\\\/assumpta-eu.org\\\/fr\\\/\",\"logo\":{\"@type\":\"ImageObject\",\"inLanguage\":\"fr-FR\",\"@id\":\"https:\\\/\\\/assumpta-eu.org\\\/fr\\\/#\\\/schema\\\/logo\\\/image\\\/\",\"url\":\"https:\\\/\\\/assumpta-eu.org\\\/wp-content\\\/uploads\\\/2023\\\/06\\\/RA-EU-logos-02.png\",\"contentUrl\":\"https:\\\/\\\/assumpta-eu.org\\\/wp-content\\\/uploads\\\/2023\\\/06\\\/RA-EU-logos-02.png\",\"width\":705,\"height\":729,\"caption\":\"Religious of the Assumption\"},\"image\":{\"@id\":\"https:\\\/\\\/assumpta-eu.org\\\/fr\\\/#\\\/schema\\\/logo\\\/image\\\/\"},\"sameAs\":[\"http:\\\/\\\/www.facebook.com\\\/assumptionUK\",\"https:\\\/\\\/x.com\\\/AssumptionRA\",\"http:\\\/\\\/www.instagram.com\\\/assumptionuk\"]},{\"@type\":\"Person\",\"@id\":\"https:\\\/\\\/assumpta-eu.org\\\/fr\\\/#\\\/schema\\\/person\\\/8bd01435b0befe8112b965ec0e445875\",\"name\":\"Anne\",\"image\":{\"@type\":\"ImageObject\",\"inLanguage\":\"fr-FR\",\"@id\":\"https:\\\/\\\/secure.gravatar.com\\\/avatar\\\/779345e59bacf50a7633d370ede888e35d3eea819afc64b8187dd75b29f1a68f?s=96&d=mm&r=g\",\"url\":\"https:\\\/\\\/secure.gravatar.com\\\/avatar\\\/779345e59bacf50a7633d370ede888e35d3eea819afc64b8187dd75b29f1a68f?s=96&d=mm&r=g\",\"contentUrl\":\"https:\\\/\\\/secure.gravatar.com\\\/avatar\\\/779345e59bacf50a7633d370ede888e35d3eea819afc64b8187dd75b29f1a68f?s=96&d=mm&r=g\",\"caption\":\"Anne\"},\"url\":\"https:\\\/\\\/assumpta-eu.org\\\/fr\\\/author\\\/youth\\\/\"}]}<\/script>\n<!-- \/ Yoast SEO plugin. -->","yoast_head_json":{"title":"Emmanuel - Renouveau joyeux et paix. Chapitre de No\u00ebl 2025 - Religious of the Assumption &gt; Province of Europe","robots":{"index":"index","follow":"follow","max-snippet":"max-snippet:-1","max-image-preview":"max-image-preview:large","max-video-preview":"max-video-preview:-1"},"canonical":"https:\/\/assumpta-eu.org\/fr\/emmanuel-renouveau-joyeux-et-paix-chapitre-de-noel-2025\/","og_locale":"fr_FR","og_type":"article","og_title":"Emmanuel - Renouveau joyeux et paix. Chapitre de No\u00ebl 2025 - Religious of the Assumption &gt; Province of Europe","og_description":"No\u00ebl n&rsquo;est pas seulement un souvenir, c&rsquo;est une exp\u00e9rience vivante : Dieu entre dans ce qui est petit, ordinaire et fragile, pour tout renouveler de l&rsquo;int\u00e9rieur. Ce chapitre de notre s\u0153ur Rekha Chennattu, notre sup\u00e9rieure g\u00e9n\u00e9rale, nous invite \u00e0 retourner \u00e0 la cr\u00e8che avec les bergers, \u00e0 \u00e9couter la joie qui surmonte la peur et [&hellip;]","og_url":"https:\/\/assumpta-eu.org\/fr\/emmanuel-renouveau-joyeux-et-paix-chapitre-de-noel-2025\/","og_site_name":"Religious of the Assumption &gt; Province of Europe","article_publisher":"http:\/\/www.facebook.com\/assumptionUK","article_published_time":"2025-12-24T10:16:31+00:00","article_modified_time":"2025-12-24T10:22:23+00:00","og_image":[{"width":940,"height":788,"url":"https:\/\/assumpta-eu.org\/wp-content\/uploads\/2025\/12\/baby2.jpg","type":"image\/jpeg"}],"author":"Anne","twitter_card":"summary_large_image","twitter_creator":"@AssumptionRA","twitter_site":"@AssumptionRA","twitter_misc":{"\u00c9crit par":"Anne","Dur\u00e9e de lecture estim\u00e9e":"1 minute"},"schema":{"@context":"https:\/\/schema.org","@graph":[{"@type":"Article","@id":"https:\/\/assumpta-eu.org\/fr\/emmanuel-renouveau-joyeux-et-paix-chapitre-de-noel-2025\/#article","isPartOf":{"@id":"https:\/\/assumpta-eu.org\/fr\/emmanuel-renouveau-joyeux-et-paix-chapitre-de-noel-2025\/"},"author":{"name":"Anne","@id":"https:\/\/assumpta-eu.org\/fr\/#\/schema\/person\/8bd01435b0befe8112b965ec0e445875"},"headline":"Emmanuel &#8211; Renouveau joyeux et paix. Chapitre de No\u00ebl 2025","datePublished":"2025-12-24T10:16:31+00:00","dateModified":"2025-12-24T10:22:23+00:00","mainEntityOfPage":{"@id":"https:\/\/assumpta-eu.org\/fr\/emmanuel-renouveau-joyeux-et-paix-chapitre-de-noel-2025\/"},"wordCount":203,"publisher":{"@id":"https:\/\/assumpta-eu.org\/fr\/#organization"},"image":{"@id":"https:\/\/assumpta-eu.org\/fr\/emmanuel-renouveau-joyeux-et-paix-chapitre-de-noel-2025\/#primaryimage"},"thumbnailUrl":"https:\/\/assumpta-eu.org\/wp-content\/uploads\/2025\/12\/baby2.jpg","articleSection":["Congr\u00e9gation"],"inLanguage":"fr-FR"},{"@type":"WebPage","@id":"https:\/\/assumpta-eu.org\/fr\/emmanuel-renouveau-joyeux-et-paix-chapitre-de-noel-2025\/","url":"https:\/\/assumpta-eu.org\/fr\/emmanuel-renouveau-joyeux-et-paix-chapitre-de-noel-2025\/","name":"Emmanuel - Renouveau joyeux et paix. Chapitre de No\u00ebl 2025 - Religious of the Assumption &gt; Province of Europe","isPartOf":{"@id":"https:\/\/assumpta-eu.org\/fr\/#website"},"primaryImageOfPage":{"@id":"https:\/\/assumpta-eu.org\/fr\/emmanuel-renouveau-joyeux-et-paix-chapitre-de-noel-2025\/#primaryimage"},"image":{"@id":"https:\/\/assumpta-eu.org\/fr\/emmanuel-renouveau-joyeux-et-paix-chapitre-de-noel-2025\/#primaryimage"},"thumbnailUrl":"https:\/\/assumpta-eu.org\/wp-content\/uploads\/2025\/12\/baby2.jpg","datePublished":"2025-12-24T10:16:31+00:00","dateModified":"2025-12-24T10:22:23+00:00","breadcrumb":{"@id":"https:\/\/assumpta-eu.org\/fr\/emmanuel-renouveau-joyeux-et-paix-chapitre-de-noel-2025\/#breadcrumb"},"inLanguage":"fr-FR","potentialAction":[{"@type":"ReadAction","target":["https:\/\/assumpta-eu.org\/fr\/emmanuel-renouveau-joyeux-et-paix-chapitre-de-noel-2025\/"]}]},{"@type":"ImageObject","inLanguage":"fr-FR","@id":"https:\/\/assumpta-eu.org\/fr\/emmanuel-renouveau-joyeux-et-paix-chapitre-de-noel-2025\/#primaryimage","url":"https:\/\/assumpta-eu.org\/wp-content\/uploads\/2025\/12\/baby2.jpg","contentUrl":"https:\/\/assumpta-eu.org\/wp-content\/uploads\/2025\/12\/baby2.jpg","width":940,"height":788},{"@type":"BreadcrumbList","@id":"https:\/\/assumpta-eu.org\/fr\/emmanuel-renouveau-joyeux-et-paix-chapitre-de-noel-2025\/#breadcrumb","itemListElement":[{"@type":"ListItem","position":1,"name":"Home","item":"https:\/\/assumpta-eu.org\/fr\/"},{"@type":"ListItem","position":2,"name":"Emmanuel &#8211; Renouveau joyeux et paix. Chapitre de No\u00ebl 2025"}]},{"@type":"WebSite","@id":"https:\/\/assumpta-eu.org\/fr\/#website","url":"https:\/\/assumpta-eu.org\/fr\/","name":"Province of Europe of the Religious of the Assumption","description":"Make Christ known and loved","publisher":{"@id":"https:\/\/assumpta-eu.org\/fr\/#organization"},"potentialAction":[{"@type":"SearchAction","target":{"@type":"EntryPoint","urlTemplate":"https:\/\/assumpta-eu.org\/fr\/?s={search_term_string}"},"query-input":{"@type":"PropertyValueSpecification","valueRequired":true,"valueName":"search_term_string"}}],"inLanguage":"fr-FR"},{"@type":"Organization","@id":"https:\/\/assumpta-eu.org\/fr\/#organization","name":"Religious of the Assumption","url":"https:\/\/assumpta-eu.org\/fr\/","logo":{"@type":"ImageObject","inLanguage":"fr-FR","@id":"https:\/\/assumpta-eu.org\/fr\/#\/schema\/logo\/image\/","url":"https:\/\/assumpta-eu.org\/wp-content\/uploads\/2023\/06\/RA-EU-logos-02.png","contentUrl":"https:\/\/assumpta-eu.org\/wp-content\/uploads\/2023\/06\/RA-EU-logos-02.png","width":705,"height":729,"caption":"Religious of the Assumption"},"image":{"@id":"https:\/\/assumpta-eu.org\/fr\/#\/schema\/logo\/image\/"},"sameAs":["http:\/\/www.facebook.com\/assumptionUK","https:\/\/x.com\/AssumptionRA","http:\/\/www.instagram.com\/assumptionuk"]},{"@type":"Person","@id":"https:\/\/assumpta-eu.org\/fr\/#\/schema\/person\/8bd01435b0befe8112b965ec0e445875","name":"Anne","image":{"@type":"ImageObject","inLanguage":"fr-FR","@id":"https:\/\/secure.gravatar.com\/avatar\/779345e59bacf50a7633d370ede888e35d3eea819afc64b8187dd75b29f1a68f?s=96&d=mm&r=g","url":"https:\/\/secure.gravatar.com\/avatar\/779345e59bacf50a7633d370ede888e35d3eea819afc64b8187dd75b29f1a68f?s=96&d=mm&r=g","contentUrl":"https:\/\/secure.gravatar.com\/avatar\/779345e59bacf50a7633d370ede888e35d3eea819afc64b8187dd75b29f1a68f?s=96&d=mm&r=g","caption":"Anne"},"url":"https:\/\/assumpta-eu.org\/fr\/author\/youth\/"}]}},"_links":{"self":[{"href":"https:\/\/assumpta-eu.org\/fr\/wp-json\/wp\/v2\/posts\/6578","targetHints":{"allow":["GET"]}}],"collection":[{"href":"https:\/\/assumpta-eu.org\/fr\/wp-json\/wp\/v2\/posts"}],"about":[{"href":"https:\/\/assumpta-eu.org\/fr\/wp-json\/wp\/v2\/types\/post"}],"author":[{"embeddable":true,"href":"https:\/\/assumpta-eu.org\/fr\/wp-json\/wp\/v2\/users\/2"}],"replies":[{"embeddable":true,"href":"https:\/\/assumpta-eu.org\/fr\/wp-json\/wp\/v2\/comments?post=6578"}],"version-history":[{"count":8,"href":"https:\/\/assumpta-eu.org\/fr\/wp-json\/wp\/v2\/posts\/6578\/revisions"}],"predecessor-version":[{"id":6590,"href":"https:\/\/assumpta-eu.org\/fr\/wp-json\/wp\/v2\/posts\/6578\/revisions\/6590"}],"wp:featuredmedia":[{"embeddable":true,"href":"https:\/\/assumpta-eu.org\/fr\/wp-json\/wp\/v2\/media\/6569"}],"wp:attachment":[{"href":"https:\/\/assumpta-eu.org\/fr\/wp-json\/wp\/v2\/media?parent=6578"}],"wp:term":[{"taxonomy":"category","embeddable":true,"href":"https:\/\/assumpta-eu.org\/fr\/wp-json\/wp\/v2\/categories?post=6578"},{"taxonomy":"post_tag","embeddable":true,"href":"https:\/\/assumpta-eu.org\/fr\/wp-json\/wp\/v2\/tags?post=6578"}],"curies":[{"name":"wp","href":"https:\/\/api.w.org\/{rel}","templated":true}]}}