{"id":5575,"date":"2025-03-07T08:18:18","date_gmt":"2025-03-07T07:18:18","guid":{"rendered":"https:\/\/assumpta-eu.org\/?p=5575"},"modified":"2025-03-25T16:28:23","modified_gmt":"2025-03-25T15:28:23","slug":"__trashed","status":"publish","type":"post","link":"https:\/\/assumpta-eu.org\/fr\/__trashed\/","title":{"rendered":"10 Mars: F\u00eate de St Marie-Eug\u00e9nie"},"content":{"rendered":"<p>[et_pb_section fb_built=\u00a0\u00bb1&Prime; _builder_version=\u00a0\u00bb4.27.4&Prime; _module_preset=\u00a0\u00bbdefault\u00a0\u00bb global_colors_info=\u00a0\u00bb{}\u00a0\u00bb theme_builder_area=\u00a0\u00bbpost_content\u00a0\u00bb][et_pb_row _builder_version=\u00a0\u00bb4.27.4&Prime; _module_preset=\u00a0\u00bbdefault\u00a0\u00bb global_colors_info=\u00a0\u00bb{}\u00a0\u00bb theme_builder_area=\u00a0\u00bbpost_content\u00a0\u00bb][et_pb_column type=\u00a0\u00bb4_4&Prime; _builder_version=\u00a0\u00bb4.27.4&Prime; _module_preset=\u00a0\u00bbdefault\u00a0\u00bb global_colors_info=\u00a0\u00bb{}\u00a0\u00bb theme_builder_area=\u00a0\u00bbpost_content\u00a0\u00bb][et_pb_text _builder_version=\u00a0\u00bb4.27.4&Prime; _module_preset=\u00a0\u00bbdefault\u00a0\u00bb global_colors_info=\u00a0\u00bb{}\u00a0\u00bb theme_builder_area=\u00a0\u00bbpost_content\u00a0\u00bb]<\/p>\n<p style=\"text-align: justify;\">Le 10 mars, les Religieuses de l&rsquo;Assomption c\u00e9l\u00e8brent la f\u00eate de Sainte Marie Eug\u00e9nie de J\u00e9sus, leur fondatrice.<\/p>\n<p style=\"text-align: justify;\">N\u00e9e \u00e0 Metz (France) en 1817 dans une famille ais\u00e9e mais irr\u00e9ligieuse, Marie Eug\u00e9nie a v\u00e9cu une profonde exp\u00e9rience spirituelle durant son enfance. Elle raconte que le jour de sa premi\u00e8re communion, \u00e0 l&rsquo;\u00e2ge de douze ans, elle a eu un profond sentiment int\u00e9rieur de l&rsquo;immensit\u00e9 de Dieu et \u00ab\u00a0un lien d&rsquo;amour\u00a0\u00bb.  <\/p>\n<p style=\"text-align: justify;\">Dans les ann\u00e9es qui suivent, la vie de Marie Eug\u00e9nie prend un tournant dramatique : sa famille fait faillite, ses parents se s\u00e9parent et sa m\u00e8re meurt tragiquement du chol\u00e9ra. \u00c0 l&rsquo;\u00e2ge de quinze ans, elle se retrouve seule, sans rep\u00e8res, et se demande ce qu&rsquo;elle doit faire de sa vie. Insatisfaite \u00e0 la fois des pratiques pieuses rigides et de la vie frivole et superficielle attendue des femmes de la classe sup\u00e9rieure de son \u00e9poque, elle se sentait perdue.   <\/p>\n<p style=\"text-align: justify;\">Mais au milieu de ses doutes et de ses luttes spirituelles, Dieu est intervenu. En 1836, alors qu&rsquo;elle priait et \u00e9coutait un sermon de Car\u00eame \u00e0 la cath\u00e9drale Notre-Dame de Paris, Marie Eug\u00e9nie eut l&rsquo;intuition profonde que ce qu&rsquo;elle voulait faire \u00e9tait de donner sa vie \u00e0 Dieu &#8211; m\u00eame si elle ne savait pas encore comment. Un an plus tard, elle rencontre le P\u00e8re Combalot, un pr\u00e9dicateur qui lui fait part de son projet de fonder une congr\u00e9gation religieuse d\u00e9di\u00e9e \u00e0 l&rsquo;\u00e9ducation des jeunes filles.  <\/p>\n<p style=\"text-align: justify;\">Profond\u00e9ment pr\u00e9occup\u00e9e par le sort des pauvres et le besoin de justice sociale, Marie Eug\u00e9nie y voit une occasion de transformer la soci\u00e9t\u00e9 en offrant aux jeunes une \u00e9ducation \u00e9clair\u00e9e par les valeurs de l&rsquo;\u00c9vangile. <\/p>\n<p style=\"text-align: justify;\">La congr\u00e9gation a \u00e9t\u00e9 fond\u00e9e en 1839 et Marie Eug\u00e9nie l&rsquo;a dirig\u00e9e elle-m\u00eame pendant quarante-cinq ans. \u00c0 sa mort, des centaines de s\u0153urs l&rsquo;avaient rejointe et des communaut\u00e9s avaient \u00e9t\u00e9 \u00e9tablies sur trois continents : Europe, Asie et Am\u00e9rique.  <\/p>\n<p style=\"text-align: justify;\">Marie Eug\u00e9nie est d\u00e9c\u00e9d\u00e9e le 10 mars 1898, entour\u00e9e de ses s\u0153urs. Elle a \u00e9t\u00e9 b\u00e9atifi\u00e9e en 1975 et canonis\u00e9e par le pape Beno\u00eet XVI le 3 juin 2007. <\/p>\n<p style=\"text-align: center;\">Regardez la vid\u00e9o ci-dessous pour d\u00e9couvrir certains des \u00e9v\u00e8nements cl\u00e9s de la vie de Sainte Marie Eug\u00e9nie \u00e0 Paris, guid\u00e9e par notre archiviste, Soeur V\u00e9ronique !<\/p>\n<p style=\"text-align: center;\"><iframe loading=\"lazy\" width=\"560\" height=\"315\" src=\"https:\/\/www.youtube.com\/embed\/Z__5t0Yarxs?si=zIqKt73xLz5qChXX\" title=\"YouTube video player\" frameborder=\"0\" allow=\"accelerometer; autoplay; clipboard-write; encrypted-media; gyroscope; picture-in-picture; web-share\" referrerpolicy=\"strict-origin-when-cross-origin\" allowfullscreen=\"\"><\/iframe><\/p>\n<p>[\/et_pb_text][\/et_pb_column][\/et_pb_row][\/et_pb_section]<\/p>\n","protected":false},"excerpt":{"rendered":"<p>Le 10 mars, les Religieuses de l&rsquo;Assomption c\u00e9l\u00e8brent la f\u00eate de Sainte Marie Eug\u00e9nie de J\u00e9sus, leur fondatrice. N\u00e9e \u00e0 Metz (France) en 1817 dans une famille ais\u00e9e mais irr\u00e9ligieuse, Marie Eug\u00e9nie a v\u00e9cu une profonde exp\u00e9rience spirituelle durant son enfance. Elle raconte que le jour de sa premi\u00e8re communion, \u00e0 l&rsquo;\u00e2ge de douze ans, [&hellip;]<\/p>\n","protected":false},"author":3,"featured_media":5586,"comment_status":"closed","ping_status":"closed","sticky":false,"template":"","format":"standard","meta":{"_et_pb_use_builder":"on","_et_pb_old_content":"","_et_gb_content_width":"","footnotes":""},"categories":[43],"tags":[],"class_list":["post-5575","post","type-post","status-publish","format-standard","has-post-thumbnail","hentry","category-congregation-fr"],"yoast_head":"<!-- This site is optimized with the Yoast SEO plugin v27.5 - https:\/\/yoast.com\/product\/yoast-seo-wordpress\/ -->\n<title>10 Mars: F\u00eate de St Marie-Eug\u00e9nie - Religious of the Assumption &gt; Province of Europe<\/title>\n<meta name=\"robots\" content=\"index, follow, max-snippet:-1, max-image-preview:large, max-video-preview:-1\" \/>\n<link rel=\"canonical\" href=\"https:\/\/assumpta-eu.org\/fr\/__trashed\/\" \/>\n<meta property=\"og:locale\" content=\"fr_FR\" \/>\n<meta property=\"og:type\" content=\"article\" \/>\n<meta property=\"og:title\" content=\"10 Mars: F\u00eate de St Marie-Eug\u00e9nie - Religious of the Assumption &gt; Province of Europe\" \/>\n<meta property=\"og:description\" content=\"Le 10 mars, les Religieuses de l&#039;Assomption c\u00e9l\u00e8brent la f\u00eate de Sainte Marie Eug\u00e9nie de J\u00e9sus, leur fondatrice. N\u00e9e \u00e0 Metz (France) en 1817 dans une famille ais\u00e9e mais irr\u00e9ligieuse, Marie Eug\u00e9nie a v\u00e9cu une profonde exp\u00e9rience spirituelle durant son enfance. Elle raconte que le jour de sa premi\u00e8re communion, \u00e0 l&#039;\u00e2ge de douze ans, [&hellip;]\" \/>\n<meta property=\"og:url\" content=\"https:\/\/assumpta-eu.org\/fr\/__trashed\/\" \/>\n<meta property=\"og:site_name\" content=\"Religious of the Assumption &gt; Province of Europe\" \/>\n<meta property=\"article:publisher\" content=\"http:\/\/www.facebook.com\/assumptionUK\" \/>\n<meta property=\"article:published_time\" content=\"2025-03-07T07:18:18+00:00\" \/>\n<meta property=\"article:modified_time\" content=\"2025-03-25T15:28:23+00:00\" \/>\n<meta property=\"og:image\" content=\"https:\/\/assumpta-eu.org\/wp-content\/uploads\/2025\/03\/St-Marie-Eugenie-Icon.jpg\" \/>\n\t<meta property=\"og:image:width\" content=\"1920\" \/>\n\t<meta property=\"og:image:height\" content=\"1079\" \/>\n\t<meta property=\"og:image:type\" content=\"image\/jpeg\" \/>\n<meta name=\"author\" content=\"Francesca\" \/>\n<meta name=\"twitter:card\" content=\"summary_large_image\" \/>\n<meta name=\"twitter:creator\" content=\"@AssumptionRA\" \/>\n<meta name=\"twitter:site\" content=\"@AssumptionRA\" \/>\n<meta name=\"twitter:label1\" content=\"\u00c9crit par\" \/>\n\t<meta name=\"twitter:data1\" content=\"Francesca\" \/>\n\t<meta name=\"twitter:label2\" content=\"Dur\u00e9e de lecture estim\u00e9e\" \/>\n\t<meta name=\"twitter:data2\" content=\"2 minutes\" \/>\n<script type=\"application\/ld+json\" class=\"yoast-schema-graph\">{\"@context\":\"https:\\\/\\\/schema.org\",\"@graph\":[{\"@type\":\"Article\",\"@id\":\"https:\\\/\\\/assumpta-eu.org\\\/fr\\\/__trashed\\\/#article\",\"isPartOf\":{\"@id\":\"https:\\\/\\\/assumpta-eu.org\\\/fr\\\/__trashed\\\/\"},\"author\":{\"name\":\"Francesca\",\"@id\":\"https:\\\/\\\/assumpta-eu.org\\\/fr\\\/#\\\/schema\\\/person\\\/e88c33b9055ec5800b6adec01e18116f\"},\"headline\":\"10 Mars: F\u00eate de St Marie-Eug\u00e9nie\",\"datePublished\":\"2025-03-07T07:18:18+00:00\",\"dateModified\":\"2025-03-25T15:28:23+00:00\",\"mainEntityOfPage\":{\"@id\":\"https:\\\/\\\/assumpta-eu.org\\\/fr\\\/__trashed\\\/\"},\"wordCount\":503,\"publisher\":{\"@id\":\"https:\\\/\\\/assumpta-eu.org\\\/fr\\\/#organization\"},\"image\":{\"@id\":\"https:\\\/\\\/assumpta-eu.org\\\/fr\\\/__trashed\\\/#primaryimage\"},\"thumbnailUrl\":\"https:\\\/\\\/assumpta-eu.org\\\/wp-content\\\/uploads\\\/2025\\\/03\\\/St-Marie-Eugenie-Icon.jpg\",\"articleSection\":[\"Congr\u00e9gation\"],\"inLanguage\":\"fr-FR\"},{\"@type\":\"WebPage\",\"@id\":\"https:\\\/\\\/assumpta-eu.org\\\/fr\\\/__trashed\\\/\",\"url\":\"https:\\\/\\\/assumpta-eu.org\\\/fr\\\/__trashed\\\/\",\"name\":\"10 Mars: F\u00eate de St Marie-Eug\u00e9nie - Religious of the Assumption &gt; Province of Europe\",\"isPartOf\":{\"@id\":\"https:\\\/\\\/assumpta-eu.org\\\/fr\\\/#website\"},\"primaryImageOfPage\":{\"@id\":\"https:\\\/\\\/assumpta-eu.org\\\/fr\\\/__trashed\\\/#primaryimage\"},\"image\":{\"@id\":\"https:\\\/\\\/assumpta-eu.org\\\/fr\\\/__trashed\\\/#primaryimage\"},\"thumbnailUrl\":\"https:\\\/\\\/assumpta-eu.org\\\/wp-content\\\/uploads\\\/2025\\\/03\\\/St-Marie-Eugenie-Icon.jpg\",\"datePublished\":\"2025-03-07T07:18:18+00:00\",\"dateModified\":\"2025-03-25T15:28:23+00:00\",\"breadcrumb\":{\"@id\":\"https:\\\/\\\/assumpta-eu.org\\\/fr\\\/__trashed\\\/#breadcrumb\"},\"inLanguage\":\"fr-FR\",\"potentialAction\":[{\"@type\":\"ReadAction\",\"target\":[\"https:\\\/\\\/assumpta-eu.org\\\/fr\\\/__trashed\\\/\"]}]},{\"@type\":\"ImageObject\",\"inLanguage\":\"fr-FR\",\"@id\":\"https:\\\/\\\/assumpta-eu.org\\\/fr\\\/__trashed\\\/#primaryimage\",\"url\":\"https:\\\/\\\/assumpta-eu.org\\\/wp-content\\\/uploads\\\/2025\\\/03\\\/St-Marie-Eugenie-Icon.jpg\",\"contentUrl\":\"https:\\\/\\\/assumpta-eu.org\\\/wp-content\\\/uploads\\\/2025\\\/03\\\/St-Marie-Eugenie-Icon.jpg\",\"width\":1920,\"height\":1079},{\"@type\":\"BreadcrumbList\",\"@id\":\"https:\\\/\\\/assumpta-eu.org\\\/fr\\\/__trashed\\\/#breadcrumb\",\"itemListElement\":[{\"@type\":\"ListItem\",\"position\":1,\"name\":\"Home\",\"item\":\"https:\\\/\\\/assumpta-eu.org\\\/fr\\\/\"},{\"@type\":\"ListItem\",\"position\":2,\"name\":\"10 Mars: F\u00eate de St Marie-Eug\u00e9nie\"}]},{\"@type\":\"WebSite\",\"@id\":\"https:\\\/\\\/assumpta-eu.org\\\/fr\\\/#website\",\"url\":\"https:\\\/\\\/assumpta-eu.org\\\/fr\\\/\",\"name\":\"Province of Europe of the Religious of the Assumption\",\"description\":\"Make Christ known and loved\",\"publisher\":{\"@id\":\"https:\\\/\\\/assumpta-eu.org\\\/fr\\\/#organization\"},\"potentialAction\":[{\"@type\":\"SearchAction\",\"target\":{\"@type\":\"EntryPoint\",\"urlTemplate\":\"https:\\\/\\\/assumpta-eu.org\\\/fr\\\/?s={search_term_string}\"},\"query-input\":{\"@type\":\"PropertyValueSpecification\",\"valueRequired\":true,\"valueName\":\"search_term_string\"}}],\"inLanguage\":\"fr-FR\"},{\"@type\":\"Organization\",\"@id\":\"https:\\\/\\\/assumpta-eu.org\\\/fr\\\/#organization\",\"name\":\"Religious of the Assumption\",\"url\":\"https:\\\/\\\/assumpta-eu.org\\\/fr\\\/\",\"logo\":{\"@type\":\"ImageObject\",\"inLanguage\":\"fr-FR\",\"@id\":\"https:\\\/\\\/assumpta-eu.org\\\/fr\\\/#\\\/schema\\\/logo\\\/image\\\/\",\"url\":\"https:\\\/\\\/assumpta-eu.org\\\/wp-content\\\/uploads\\\/2023\\\/06\\\/RA-EU-logos-02.png\",\"contentUrl\":\"https:\\\/\\\/assumpta-eu.org\\\/wp-content\\\/uploads\\\/2023\\\/06\\\/RA-EU-logos-02.png\",\"width\":705,\"height\":729,\"caption\":\"Religious of the Assumption\"},\"image\":{\"@id\":\"https:\\\/\\\/assumpta-eu.org\\\/fr\\\/#\\\/schema\\\/logo\\\/image\\\/\"},\"sameAs\":[\"http:\\\/\\\/www.facebook.com\\\/assumptionUK\",\"https:\\\/\\\/x.com\\\/AssumptionRA\",\"http:\\\/\\\/www.instagram.com\\\/assumptionuk\"]},{\"@type\":\"Person\",\"@id\":\"https:\\\/\\\/assumpta-eu.org\\\/fr\\\/#\\\/schema\\\/person\\\/e88c33b9055ec5800b6adec01e18116f\",\"name\":\"Francesca\",\"image\":{\"@type\":\"ImageObject\",\"inLanguage\":\"fr-FR\",\"@id\":\"https:\\\/\\\/secure.gravatar.com\\\/avatar\\\/c6889456abf47fb76d7dcee6159de1147a3745ed8e1b111a451cf072ad9a8b66?s=96&d=mm&r=g\",\"url\":\"https:\\\/\\\/secure.gravatar.com\\\/avatar\\\/c6889456abf47fb76d7dcee6159de1147a3745ed8e1b111a451cf072ad9a8b66?s=96&d=mm&r=g\",\"contentUrl\":\"https:\\\/\\\/secure.gravatar.com\\\/avatar\\\/c6889456abf47fb76d7dcee6159de1147a3745ed8e1b111a451cf072ad9a8b66?s=96&d=mm&r=g\",\"caption\":\"Francesca\"},\"url\":\"https:\\\/\\\/assumpta-eu.org\\\/fr\\\/author\\\/francesca\\\/\"}]}<\/script>\n<!-- \/ Yoast SEO plugin. -->","yoast_head_json":{"title":"10 Mars: F\u00eate de St Marie-Eug\u00e9nie - Religious of the Assumption &gt; Province of Europe","robots":{"index":"index","follow":"follow","max-snippet":"max-snippet:-1","max-image-preview":"max-image-preview:large","max-video-preview":"max-video-preview:-1"},"canonical":"https:\/\/assumpta-eu.org\/fr\/__trashed\/","og_locale":"fr_FR","og_type":"article","og_title":"10 Mars: F\u00eate de St Marie-Eug\u00e9nie - Religious of the Assumption &gt; Province of Europe","og_description":"Le 10 mars, les Religieuses de l'Assomption c\u00e9l\u00e8brent la f\u00eate de Sainte Marie Eug\u00e9nie de J\u00e9sus, leur fondatrice. N\u00e9e \u00e0 Metz (France) en 1817 dans une famille ais\u00e9e mais irr\u00e9ligieuse, Marie Eug\u00e9nie a v\u00e9cu une profonde exp\u00e9rience spirituelle durant son enfance. Elle raconte que le jour de sa premi\u00e8re communion, \u00e0 l'\u00e2ge de douze ans, [&hellip;]","og_url":"https:\/\/assumpta-eu.org\/fr\/__trashed\/","og_site_name":"Religious of the Assumption &gt; Province of Europe","article_publisher":"http:\/\/www.facebook.com\/assumptionUK","article_published_time":"2025-03-07T07:18:18+00:00","article_modified_time":"2025-03-25T15:28:23+00:00","og_image":[{"width":1920,"height":1079,"url":"https:\/\/assumpta-eu.org\/wp-content\/uploads\/2025\/03\/St-Marie-Eugenie-Icon.jpg","type":"image\/jpeg"}],"author":"Francesca","twitter_card":"summary_large_image","twitter_creator":"@AssumptionRA","twitter_site":"@AssumptionRA","twitter_misc":{"\u00c9crit par":"Francesca","Dur\u00e9e de lecture estim\u00e9e":"2 minutes"},"schema":{"@context":"https:\/\/schema.org","@graph":[{"@type":"Article","@id":"https:\/\/assumpta-eu.org\/fr\/__trashed\/#article","isPartOf":{"@id":"https:\/\/assumpta-eu.org\/fr\/__trashed\/"},"author":{"name":"Francesca","@id":"https:\/\/assumpta-eu.org\/fr\/#\/schema\/person\/e88c33b9055ec5800b6adec01e18116f"},"headline":"10 Mars: F\u00eate de St Marie-Eug\u00e9nie","datePublished":"2025-03-07T07:18:18+00:00","dateModified":"2025-03-25T15:28:23+00:00","mainEntityOfPage":{"@id":"https:\/\/assumpta-eu.org\/fr\/__trashed\/"},"wordCount":503,"publisher":{"@id":"https:\/\/assumpta-eu.org\/fr\/#organization"},"image":{"@id":"https:\/\/assumpta-eu.org\/fr\/__trashed\/#primaryimage"},"thumbnailUrl":"https:\/\/assumpta-eu.org\/wp-content\/uploads\/2025\/03\/St-Marie-Eugenie-Icon.jpg","articleSection":["Congr\u00e9gation"],"inLanguage":"fr-FR"},{"@type":"WebPage","@id":"https:\/\/assumpta-eu.org\/fr\/__trashed\/","url":"https:\/\/assumpta-eu.org\/fr\/__trashed\/","name":"10 Mars: F\u00eate de St Marie-Eug\u00e9nie - Religious of the Assumption &gt; Province of Europe","isPartOf":{"@id":"https:\/\/assumpta-eu.org\/fr\/#website"},"primaryImageOfPage":{"@id":"https:\/\/assumpta-eu.org\/fr\/__trashed\/#primaryimage"},"image":{"@id":"https:\/\/assumpta-eu.org\/fr\/__trashed\/#primaryimage"},"thumbnailUrl":"https:\/\/assumpta-eu.org\/wp-content\/uploads\/2025\/03\/St-Marie-Eugenie-Icon.jpg","datePublished":"2025-03-07T07:18:18+00:00","dateModified":"2025-03-25T15:28:23+00:00","breadcrumb":{"@id":"https:\/\/assumpta-eu.org\/fr\/__trashed\/#breadcrumb"},"inLanguage":"fr-FR","potentialAction":[{"@type":"ReadAction","target":["https:\/\/assumpta-eu.org\/fr\/__trashed\/"]}]},{"@type":"ImageObject","inLanguage":"fr-FR","@id":"https:\/\/assumpta-eu.org\/fr\/__trashed\/#primaryimage","url":"https:\/\/assumpta-eu.org\/wp-content\/uploads\/2025\/03\/St-Marie-Eugenie-Icon.jpg","contentUrl":"https:\/\/assumpta-eu.org\/wp-content\/uploads\/2025\/03\/St-Marie-Eugenie-Icon.jpg","width":1920,"height":1079},{"@type":"BreadcrumbList","@id":"https:\/\/assumpta-eu.org\/fr\/__trashed\/#breadcrumb","itemListElement":[{"@type":"ListItem","position":1,"name":"Home","item":"https:\/\/assumpta-eu.org\/fr\/"},{"@type":"ListItem","position":2,"name":"10 Mars: F\u00eate de St Marie-Eug\u00e9nie"}]},{"@type":"WebSite","@id":"https:\/\/assumpta-eu.org\/fr\/#website","url":"https:\/\/assumpta-eu.org\/fr\/","name":"Province of Europe of the Religious of the Assumption","description":"Make Christ known and loved","publisher":{"@id":"https:\/\/assumpta-eu.org\/fr\/#organization"},"potentialAction":[{"@type":"SearchAction","target":{"@type":"EntryPoint","urlTemplate":"https:\/\/assumpta-eu.org\/fr\/?s={search_term_string}"},"query-input":{"@type":"PropertyValueSpecification","valueRequired":true,"valueName":"search_term_string"}}],"inLanguage":"fr-FR"},{"@type":"Organization","@id":"https:\/\/assumpta-eu.org\/fr\/#organization","name":"Religious of the Assumption","url":"https:\/\/assumpta-eu.org\/fr\/","logo":{"@type":"ImageObject","inLanguage":"fr-FR","@id":"https:\/\/assumpta-eu.org\/fr\/#\/schema\/logo\/image\/","url":"https:\/\/assumpta-eu.org\/wp-content\/uploads\/2023\/06\/RA-EU-logos-02.png","contentUrl":"https:\/\/assumpta-eu.org\/wp-content\/uploads\/2023\/06\/RA-EU-logos-02.png","width":705,"height":729,"caption":"Religious of the Assumption"},"image":{"@id":"https:\/\/assumpta-eu.org\/fr\/#\/schema\/logo\/image\/"},"sameAs":["http:\/\/www.facebook.com\/assumptionUK","https:\/\/x.com\/AssumptionRA","http:\/\/www.instagram.com\/assumptionuk"]},{"@type":"Person","@id":"https:\/\/assumpta-eu.org\/fr\/#\/schema\/person\/e88c33b9055ec5800b6adec01e18116f","name":"Francesca","image":{"@type":"ImageObject","inLanguage":"fr-FR","@id":"https:\/\/secure.gravatar.com\/avatar\/c6889456abf47fb76d7dcee6159de1147a3745ed8e1b111a451cf072ad9a8b66?s=96&d=mm&r=g","url":"https:\/\/secure.gravatar.com\/avatar\/c6889456abf47fb76d7dcee6159de1147a3745ed8e1b111a451cf072ad9a8b66?s=96&d=mm&r=g","contentUrl":"https:\/\/secure.gravatar.com\/avatar\/c6889456abf47fb76d7dcee6159de1147a3745ed8e1b111a451cf072ad9a8b66?s=96&d=mm&r=g","caption":"Francesca"},"url":"https:\/\/assumpta-eu.org\/fr\/author\/francesca\/"}]}},"_links":{"self":[{"href":"https:\/\/assumpta-eu.org\/fr\/wp-json\/wp\/v2\/posts\/5575","targetHints":{"allow":["GET"]}}],"collection":[{"href":"https:\/\/assumpta-eu.org\/fr\/wp-json\/wp\/v2\/posts"}],"about":[{"href":"https:\/\/assumpta-eu.org\/fr\/wp-json\/wp\/v2\/types\/post"}],"author":[{"embeddable":true,"href":"https:\/\/assumpta-eu.org\/fr\/wp-json\/wp\/v2\/users\/3"}],"replies":[{"embeddable":true,"href":"https:\/\/assumpta-eu.org\/fr\/wp-json\/wp\/v2\/comments?post=5575"}],"version-history":[{"count":6,"href":"https:\/\/assumpta-eu.org\/fr\/wp-json\/wp\/v2\/posts\/5575\/revisions"}],"predecessor-version":[{"id":5624,"href":"https:\/\/assumpta-eu.org\/fr\/wp-json\/wp\/v2\/posts\/5575\/revisions\/5624"}],"wp:featuredmedia":[{"embeddable":true,"href":"https:\/\/assumpta-eu.org\/fr\/wp-json\/wp\/v2\/media\/5586"}],"wp:attachment":[{"href":"https:\/\/assumpta-eu.org\/fr\/wp-json\/wp\/v2\/media?parent=5575"}],"wp:term":[{"taxonomy":"category","embeddable":true,"href":"https:\/\/assumpta-eu.org\/fr\/wp-json\/wp\/v2\/categories?post=5575"},{"taxonomy":"post_tag","embeddable":true,"href":"https:\/\/assumpta-eu.org\/fr\/wp-json\/wp\/v2\/tags?post=5575"}],"curies":[{"name":"wp","href":"https:\/\/api.w.org\/{rel}","templated":true}]}}