{"id":4436,"date":"2024-07-18T23:21:34","date_gmt":"2024-07-18T21:21:34","guid":{"rendered":"https:\/\/assumpta-eu.org\/election-de-la-nouvelle-superieure-generale-e-du-conseil-general\/"},"modified":"2024-07-18T23:43:03","modified_gmt":"2024-07-18T21:43:03","slug":"election-de-la-nouvelle-superieure-generale-e-du-conseil-general","status":"publish","type":"post","link":"https:\/\/assumpta-eu.org\/fr\/election-de-la-nouvelle-superieure-generale-e-du-conseil-general\/","title":{"rendered":"\u00c9lection de la nouvelle sup\u00e9rieure g\u00e9n\u00e9rale e du conseil g\u00e9n\u00e9ral"},"content":{"rendered":"<div class=\"et_d4_element et_pb_section et_pb_section_0  et_pb_css_mix_blend_mode et_section_regular et_block_section\" >\n\t\t\t\t\n\t\t\t\t\n\t\t\t\t\n\t\t\t\t\n\t\t\t\t\n\t\t\t\t\n\t\t\t\t<div class=\"et_d4_element et_pb_row et_pb_row_0  et_pb_css_mix_blend_mode et_block_row\">\n\t\t\t\t<div class=\"et_d4_element et_pb_column_4_4 et_pb_column et_pb_column_0  et_pb_css_mix_blend_mode et-last-child et_block_column\">\n\t\t\t\t\n\t\t\t\t\n\t\t\t\t\n\t\t\t\t\n\t\t\t\t<div class=\"et_pb_module et_d4_element et_pb_text et_pb_text_0  et_pb_text_align_left et_pb_bg_layout_light\">\n\t\t\t\t\n\t\t\t\t\n\t\t\t\t\n\t\t\t\t\n\t\t\t\t<div class=\"et_pb_text_inner\"><!-- divi:paragraph --><\/p>\n<p>Le 16 juillet, le chapitre g\u00e9n\u00e9ral des Religieuses de l'Assomption a \u00e9lu s\u0153ur Rekha Chennattu, de l'Inde, sup\u00e9rieure g\u00e9n\u00e9rale de la congr\u00e9gation pour un deuxi\u00e8me mandat de six ans. Selon la tradition de la Congr\u00e9gation, l'\u00e9lection s'est d\u00e9roul\u00e9e en pr\u00e9sence de l'archev\u00eaque de Paris, Mgr Laurent Ulrich qui a aussi pr\u00e9sid\u00e9 la messe. <br \/>Le 18 juillet, le nouveau conseil g\u00e9n\u00e9ral a \u00e9galement \u00e9t\u00e9 \u00e9lu. Les conseill\u00e8res sont : s\u0153ur Sandra Duran du Salvador, s\u0153ur Lerma Pangantihon des Philippines, s\u0153ur Marthe Ntuyumwe du Rwanda et s\u0153ur Fran\u00e7oise Martin de la France. F\u00e9licitations ! Nous prions et attendons avec impatience votre visite en Belgique !     <\/p>\n<p><!-- \/divi:paragraph --><\/p>\n<p><!-- divi:paragraph --><\/p>\n<p>S. Danguol\u0117 Gervyt\u0117, Sup\u00e9rieure provinciale<\/p>\n<p><!-- \/divi:paragraph --><\/p>\n<p><!-- divi:paragraph --><\/p>\n<p><!-- \/divi:paragraph --><\/div>\n\t\t\t<\/div>\n\t\t\t<\/div>\n\t\t\t\t\n\t\t\t\t\n\t\t\t\t\n\t\t\t\t\n\t\t\t<\/div>\n\t\t\t\t\n\t\t\t\t\n\t\t\t<\/div>\n","protected":false},"excerpt":{"rendered":"","protected":false},"author":3,"featured_media":4429,"comment_status":"closed","ping_status":"closed","sticky":false,"template":"","format":"standard","meta":{"_et_pb_use_builder":"on","_et_pb_old_content":"","_et_gb_content_width":"","footnotes":""},"categories":[43],"tags":[],"class_list":["post-4436","post","type-post","status-publish","format-standard","has-post-thumbnail","hentry","category-congregation-fr"],"yoast_head":"<!-- This site is optimized with the Yoast SEO plugin v27.5 - https:\/\/yoast.com\/product\/yoast-seo-wordpress\/ -->\n<title>\u00c9lection de la nouvelle sup\u00e9rieure g\u00e9n\u00e9rale e du conseil g\u00e9n\u00e9ral - Religious of the Assumption &gt; Province of Europe<\/title>\n<meta name=\"description\" content=\"\u00c9lection de la nouvelle sup\u00e9rieure g\u00e9n\u00e9rale et du conseil g\u00e9n\u00e9ral des Religieuses de l&#039;Assomption.\" \/>\n<meta name=\"robots\" content=\"index, follow, max-snippet:-1, max-image-preview:large, max-video-preview:-1\" \/>\n<link rel=\"canonical\" href=\"https:\/\/assumpta-eu.org\/fr\/election-de-la-nouvelle-superieure-generale-e-du-conseil-general\/\" \/>\n<meta property=\"og:locale\" content=\"fr_FR\" \/>\n<meta property=\"og:type\" content=\"article\" \/>\n<meta property=\"og:title\" content=\"\u00c9lection de la nouvelle sup\u00e9rieure g\u00e9n\u00e9rale e du conseil g\u00e9n\u00e9ral - Religious of the Assumption &gt; Province of Europe\" \/>\n<meta property=\"og:description\" content=\"\u00c9lection de la nouvelle sup\u00e9rieure g\u00e9n\u00e9rale et du conseil g\u00e9n\u00e9ral des Religieuses de l&#039;Assomption.\" \/>\n<meta property=\"og:url\" content=\"https:\/\/assumpta-eu.org\/fr\/election-de-la-nouvelle-superieure-generale-e-du-conseil-general\/\" \/>\n<meta property=\"og:site_name\" content=\"Religious of the Assumption &gt; Province of Europe\" \/>\n<meta property=\"article:publisher\" content=\"http:\/\/www.facebook.com\/assumptionUK\" \/>\n<meta property=\"article:published_time\" content=\"2024-07-18T21:21:34+00:00\" \/>\n<meta property=\"article:modified_time\" content=\"2024-07-18T21:43:03+00:00\" \/>\n<meta property=\"og:image\" content=\"https:\/\/assumpta-eu.org\/wp-content\/uploads\/2024\/07\/General-y-su-consejo-2024.jpg\" \/>\n\t<meta property=\"og:image:width\" content=\"1640\" \/>\n\t<meta property=\"og:image:height\" content=\"923\" \/>\n\t<meta property=\"og:image:type\" content=\"image\/jpeg\" \/>\n<meta name=\"author\" content=\"Francesca\" \/>\n<meta name=\"twitter:card\" content=\"summary_large_image\" \/>\n<meta name=\"twitter:creator\" content=\"@AssumptionRA\" \/>\n<meta name=\"twitter:site\" content=\"@AssumptionRA\" \/>\n<meta name=\"twitter:label1\" content=\"\u00c9crit par\" \/>\n\t<meta name=\"twitter:data1\" content=\"Francesca\" \/>\n\t<meta name=\"twitter:label2\" content=\"Dur\u00e9e de lecture estim\u00e9e\" \/>\n\t<meta name=\"twitter:data2\" content=\"1 minute\" \/>\n<script type=\"application\/ld+json\" class=\"yoast-schema-graph\">{\"@context\":\"https:\\\/\\\/schema.org\",\"@graph\":[{\"@type\":\"Article\",\"@id\":\"https:\\\/\\\/assumpta-eu.org\\\/fr\\\/election-de-la-nouvelle-superieure-generale-e-du-conseil-general\\\/#article\",\"isPartOf\":{\"@id\":\"https:\\\/\\\/assumpta-eu.org\\\/fr\\\/election-de-la-nouvelle-superieure-generale-e-du-conseil-general\\\/\"},\"author\":{\"name\":\"Francesca\",\"@id\":\"https:\\\/\\\/assumpta-eu.org\\\/fr\\\/#\\\/schema\\\/person\\\/e88c33b9055ec5800b6adec01e18116f\"},\"headline\":\"\u00c9lection de la nouvelle sup\u00e9rieure g\u00e9n\u00e9rale e du conseil g\u00e9n\u00e9ral\",\"datePublished\":\"2024-07-18T21:21:34+00:00\",\"dateModified\":\"2024-07-18T21:43:03+00:00\",\"mainEntityOfPage\":{\"@id\":\"https:\\\/\\\/assumpta-eu.org\\\/fr\\\/election-de-la-nouvelle-superieure-generale-e-du-conseil-general\\\/\"},\"wordCount\":239,\"publisher\":{\"@id\":\"https:\\\/\\\/assumpta-eu.org\\\/fr\\\/#organization\"},\"image\":{\"@id\":\"https:\\\/\\\/assumpta-eu.org\\\/fr\\\/election-de-la-nouvelle-superieure-generale-e-du-conseil-general\\\/#primaryimage\"},\"thumbnailUrl\":\"https:\\\/\\\/assumpta-eu.org\\\/wp-content\\\/uploads\\\/2024\\\/07\\\/General-y-su-consejo-2024.jpg\",\"articleSection\":[\"Congr\u00e9gation\"],\"inLanguage\":\"fr-FR\"},{\"@type\":\"WebPage\",\"@id\":\"https:\\\/\\\/assumpta-eu.org\\\/fr\\\/election-de-la-nouvelle-superieure-generale-e-du-conseil-general\\\/\",\"url\":\"https:\\\/\\\/assumpta-eu.org\\\/fr\\\/election-de-la-nouvelle-superieure-generale-e-du-conseil-general\\\/\",\"name\":\"\u00c9lection de la nouvelle sup\u00e9rieure g\u00e9n\u00e9rale e du conseil g\u00e9n\u00e9ral - Religious of the Assumption &gt; Province of Europe\",\"isPartOf\":{\"@id\":\"https:\\\/\\\/assumpta-eu.org\\\/fr\\\/#website\"},\"primaryImageOfPage\":{\"@id\":\"https:\\\/\\\/assumpta-eu.org\\\/fr\\\/election-de-la-nouvelle-superieure-generale-e-du-conseil-general\\\/#primaryimage\"},\"image\":{\"@id\":\"https:\\\/\\\/assumpta-eu.org\\\/fr\\\/election-de-la-nouvelle-superieure-generale-e-du-conseil-general\\\/#primaryimage\"},\"thumbnailUrl\":\"https:\\\/\\\/assumpta-eu.org\\\/wp-content\\\/uploads\\\/2024\\\/07\\\/General-y-su-consejo-2024.jpg\",\"datePublished\":\"2024-07-18T21:21:34+00:00\",\"dateModified\":\"2024-07-18T21:43:03+00:00\",\"description\":\"\u00c9lection de la nouvelle sup\u00e9rieure g\u00e9n\u00e9rale et du conseil g\u00e9n\u00e9ral des Religieuses de l'Assomption.\",\"breadcrumb\":{\"@id\":\"https:\\\/\\\/assumpta-eu.org\\\/fr\\\/election-de-la-nouvelle-superieure-generale-e-du-conseil-general\\\/#breadcrumb\"},\"inLanguage\":\"fr-FR\",\"potentialAction\":[{\"@type\":\"ReadAction\",\"target\":[\"https:\\\/\\\/assumpta-eu.org\\\/fr\\\/election-de-la-nouvelle-superieure-generale-e-du-conseil-general\\\/\"]}]},{\"@type\":\"ImageObject\",\"inLanguage\":\"fr-FR\",\"@id\":\"https:\\\/\\\/assumpta-eu.org\\\/fr\\\/election-de-la-nouvelle-superieure-generale-e-du-conseil-general\\\/#primaryimage\",\"url\":\"https:\\\/\\\/assumpta-eu.org\\\/wp-content\\\/uploads\\\/2024\\\/07\\\/General-y-su-consejo-2024.jpg\",\"contentUrl\":\"https:\\\/\\\/assumpta-eu.org\\\/wp-content\\\/uploads\\\/2024\\\/07\\\/General-y-su-consejo-2024.jpg\",\"width\":1640,\"height\":923},{\"@type\":\"BreadcrumbList\",\"@id\":\"https:\\\/\\\/assumpta-eu.org\\\/fr\\\/election-de-la-nouvelle-superieure-generale-e-du-conseil-general\\\/#breadcrumb\",\"itemListElement\":[{\"@type\":\"ListItem\",\"position\":1,\"name\":\"Home\",\"item\":\"https:\\\/\\\/assumpta-eu.org\\\/fr\\\/\"},{\"@type\":\"ListItem\",\"position\":2,\"name\":\"\u00c9lection de la nouvelle sup\u00e9rieure g\u00e9n\u00e9rale e du conseil g\u00e9n\u00e9ral\"}]},{\"@type\":\"WebSite\",\"@id\":\"https:\\\/\\\/assumpta-eu.org\\\/fr\\\/#website\",\"url\":\"https:\\\/\\\/assumpta-eu.org\\\/fr\\\/\",\"name\":\"Province of Europe of the Religious of the Assumption\",\"description\":\"Make Christ known and loved\",\"publisher\":{\"@id\":\"https:\\\/\\\/assumpta-eu.org\\\/fr\\\/#organization\"},\"potentialAction\":[{\"@type\":\"SearchAction\",\"target\":{\"@type\":\"EntryPoint\",\"urlTemplate\":\"https:\\\/\\\/assumpta-eu.org\\\/fr\\\/?s={search_term_string}\"},\"query-input\":{\"@type\":\"PropertyValueSpecification\",\"valueRequired\":true,\"valueName\":\"search_term_string\"}}],\"inLanguage\":\"fr-FR\"},{\"@type\":\"Organization\",\"@id\":\"https:\\\/\\\/assumpta-eu.org\\\/fr\\\/#organization\",\"name\":\"Religious of the Assumption\",\"url\":\"https:\\\/\\\/assumpta-eu.org\\\/fr\\\/\",\"logo\":{\"@type\":\"ImageObject\",\"inLanguage\":\"fr-FR\",\"@id\":\"https:\\\/\\\/assumpta-eu.org\\\/fr\\\/#\\\/schema\\\/logo\\\/image\\\/\",\"url\":\"https:\\\/\\\/assumpta-eu.org\\\/wp-content\\\/uploads\\\/2023\\\/06\\\/RA-EU-logos-02.png\",\"contentUrl\":\"https:\\\/\\\/assumpta-eu.org\\\/wp-content\\\/uploads\\\/2023\\\/06\\\/RA-EU-logos-02.png\",\"width\":705,\"height\":729,\"caption\":\"Religious of the Assumption\"},\"image\":{\"@id\":\"https:\\\/\\\/assumpta-eu.org\\\/fr\\\/#\\\/schema\\\/logo\\\/image\\\/\"},\"sameAs\":[\"http:\\\/\\\/www.facebook.com\\\/assumptionUK\",\"https:\\\/\\\/x.com\\\/AssumptionRA\",\"http:\\\/\\\/www.instagram.com\\\/assumptionuk\"]},{\"@type\":\"Person\",\"@id\":\"https:\\\/\\\/assumpta-eu.org\\\/fr\\\/#\\\/schema\\\/person\\\/e88c33b9055ec5800b6adec01e18116f\",\"name\":\"Francesca\",\"image\":{\"@type\":\"ImageObject\",\"inLanguage\":\"fr-FR\",\"@id\":\"https:\\\/\\\/secure.gravatar.com\\\/avatar\\\/c6889456abf47fb76d7dcee6159de1147a3745ed8e1b111a451cf072ad9a8b66?s=96&d=mm&r=g\",\"url\":\"https:\\\/\\\/secure.gravatar.com\\\/avatar\\\/c6889456abf47fb76d7dcee6159de1147a3745ed8e1b111a451cf072ad9a8b66?s=96&d=mm&r=g\",\"contentUrl\":\"https:\\\/\\\/secure.gravatar.com\\\/avatar\\\/c6889456abf47fb76d7dcee6159de1147a3745ed8e1b111a451cf072ad9a8b66?s=96&d=mm&r=g\",\"caption\":\"Francesca\"},\"url\":\"https:\\\/\\\/assumpta-eu.org\\\/fr\\\/author\\\/francesca\\\/\"}]}<\/script>\n<!-- \/ Yoast SEO plugin. -->","yoast_head_json":{"title":"\u00c9lection de la nouvelle sup\u00e9rieure g\u00e9n\u00e9rale e du conseil g\u00e9n\u00e9ral - Religious of the Assumption &gt; Province of Europe","description":"\u00c9lection de la nouvelle sup\u00e9rieure g\u00e9n\u00e9rale et du conseil g\u00e9n\u00e9ral des Religieuses de l'Assomption.","robots":{"index":"index","follow":"follow","max-snippet":"max-snippet:-1","max-image-preview":"max-image-preview:large","max-video-preview":"max-video-preview:-1"},"canonical":"https:\/\/assumpta-eu.org\/fr\/election-de-la-nouvelle-superieure-generale-e-du-conseil-general\/","og_locale":"fr_FR","og_type":"article","og_title":"\u00c9lection de la nouvelle sup\u00e9rieure g\u00e9n\u00e9rale e du conseil g\u00e9n\u00e9ral - Religious of the Assumption &gt; Province of Europe","og_description":"\u00c9lection de la nouvelle sup\u00e9rieure g\u00e9n\u00e9rale et du conseil g\u00e9n\u00e9ral des Religieuses de l'Assomption.","og_url":"https:\/\/assumpta-eu.org\/fr\/election-de-la-nouvelle-superieure-generale-e-du-conseil-general\/","og_site_name":"Religious of the Assumption &gt; Province of Europe","article_publisher":"http:\/\/www.facebook.com\/assumptionUK","article_published_time":"2024-07-18T21:21:34+00:00","article_modified_time":"2024-07-18T21:43:03+00:00","og_image":[{"width":1640,"height":923,"url":"https:\/\/assumpta-eu.org\/wp-content\/uploads\/2024\/07\/General-y-su-consejo-2024.jpg","type":"image\/jpeg"}],"author":"Francesca","twitter_card":"summary_large_image","twitter_creator":"@AssumptionRA","twitter_site":"@AssumptionRA","twitter_misc":{"\u00c9crit par":"Francesca","Dur\u00e9e de lecture estim\u00e9e":"1 minute"},"schema":{"@context":"https:\/\/schema.org","@graph":[{"@type":"Article","@id":"https:\/\/assumpta-eu.org\/fr\/election-de-la-nouvelle-superieure-generale-e-du-conseil-general\/#article","isPartOf":{"@id":"https:\/\/assumpta-eu.org\/fr\/election-de-la-nouvelle-superieure-generale-e-du-conseil-general\/"},"author":{"name":"Francesca","@id":"https:\/\/assumpta-eu.org\/fr\/#\/schema\/person\/e88c33b9055ec5800b6adec01e18116f"},"headline":"\u00c9lection de la nouvelle sup\u00e9rieure g\u00e9n\u00e9rale e du conseil g\u00e9n\u00e9ral","datePublished":"2024-07-18T21:21:34+00:00","dateModified":"2024-07-18T21:43:03+00:00","mainEntityOfPage":{"@id":"https:\/\/assumpta-eu.org\/fr\/election-de-la-nouvelle-superieure-generale-e-du-conseil-general\/"},"wordCount":239,"publisher":{"@id":"https:\/\/assumpta-eu.org\/fr\/#organization"},"image":{"@id":"https:\/\/assumpta-eu.org\/fr\/election-de-la-nouvelle-superieure-generale-e-du-conseil-general\/#primaryimage"},"thumbnailUrl":"https:\/\/assumpta-eu.org\/wp-content\/uploads\/2024\/07\/General-y-su-consejo-2024.jpg","articleSection":["Congr\u00e9gation"],"inLanguage":"fr-FR"},{"@type":"WebPage","@id":"https:\/\/assumpta-eu.org\/fr\/election-de-la-nouvelle-superieure-generale-e-du-conseil-general\/","url":"https:\/\/assumpta-eu.org\/fr\/election-de-la-nouvelle-superieure-generale-e-du-conseil-general\/","name":"\u00c9lection de la nouvelle sup\u00e9rieure g\u00e9n\u00e9rale e du conseil g\u00e9n\u00e9ral - Religious of the Assumption &gt; Province of Europe","isPartOf":{"@id":"https:\/\/assumpta-eu.org\/fr\/#website"},"primaryImageOfPage":{"@id":"https:\/\/assumpta-eu.org\/fr\/election-de-la-nouvelle-superieure-generale-e-du-conseil-general\/#primaryimage"},"image":{"@id":"https:\/\/assumpta-eu.org\/fr\/election-de-la-nouvelle-superieure-generale-e-du-conseil-general\/#primaryimage"},"thumbnailUrl":"https:\/\/assumpta-eu.org\/wp-content\/uploads\/2024\/07\/General-y-su-consejo-2024.jpg","datePublished":"2024-07-18T21:21:34+00:00","dateModified":"2024-07-18T21:43:03+00:00","description":"\u00c9lection de la nouvelle sup\u00e9rieure g\u00e9n\u00e9rale et du conseil g\u00e9n\u00e9ral des Religieuses de l'Assomption.","breadcrumb":{"@id":"https:\/\/assumpta-eu.org\/fr\/election-de-la-nouvelle-superieure-generale-e-du-conseil-general\/#breadcrumb"},"inLanguage":"fr-FR","potentialAction":[{"@type":"ReadAction","target":["https:\/\/assumpta-eu.org\/fr\/election-de-la-nouvelle-superieure-generale-e-du-conseil-general\/"]}]},{"@type":"ImageObject","inLanguage":"fr-FR","@id":"https:\/\/assumpta-eu.org\/fr\/election-de-la-nouvelle-superieure-generale-e-du-conseil-general\/#primaryimage","url":"https:\/\/assumpta-eu.org\/wp-content\/uploads\/2024\/07\/General-y-su-consejo-2024.jpg","contentUrl":"https:\/\/assumpta-eu.org\/wp-content\/uploads\/2024\/07\/General-y-su-consejo-2024.jpg","width":1640,"height":923},{"@type":"BreadcrumbList","@id":"https:\/\/assumpta-eu.org\/fr\/election-de-la-nouvelle-superieure-generale-e-du-conseil-general\/#breadcrumb","itemListElement":[{"@type":"ListItem","position":1,"name":"Home","item":"https:\/\/assumpta-eu.org\/fr\/"},{"@type":"ListItem","position":2,"name":"\u00c9lection de la nouvelle sup\u00e9rieure g\u00e9n\u00e9rale e du conseil g\u00e9n\u00e9ral"}]},{"@type":"WebSite","@id":"https:\/\/assumpta-eu.org\/fr\/#website","url":"https:\/\/assumpta-eu.org\/fr\/","name":"Province of Europe of the Religious of the Assumption","description":"Make Christ known and loved","publisher":{"@id":"https:\/\/assumpta-eu.org\/fr\/#organization"},"potentialAction":[{"@type":"SearchAction","target":{"@type":"EntryPoint","urlTemplate":"https:\/\/assumpta-eu.org\/fr\/?s={search_term_string}"},"query-input":{"@type":"PropertyValueSpecification","valueRequired":true,"valueName":"search_term_string"}}],"inLanguage":"fr-FR"},{"@type":"Organization","@id":"https:\/\/assumpta-eu.org\/fr\/#organization","name":"Religious of the Assumption","url":"https:\/\/assumpta-eu.org\/fr\/","logo":{"@type":"ImageObject","inLanguage":"fr-FR","@id":"https:\/\/assumpta-eu.org\/fr\/#\/schema\/logo\/image\/","url":"https:\/\/assumpta-eu.org\/wp-content\/uploads\/2023\/06\/RA-EU-logos-02.png","contentUrl":"https:\/\/assumpta-eu.org\/wp-content\/uploads\/2023\/06\/RA-EU-logos-02.png","width":705,"height":729,"caption":"Religious of the Assumption"},"image":{"@id":"https:\/\/assumpta-eu.org\/fr\/#\/schema\/logo\/image\/"},"sameAs":["http:\/\/www.facebook.com\/assumptionUK","https:\/\/x.com\/AssumptionRA","http:\/\/www.instagram.com\/assumptionuk"]},{"@type":"Person","@id":"https:\/\/assumpta-eu.org\/fr\/#\/schema\/person\/e88c33b9055ec5800b6adec01e18116f","name":"Francesca","image":{"@type":"ImageObject","inLanguage":"fr-FR","@id":"https:\/\/secure.gravatar.com\/avatar\/c6889456abf47fb76d7dcee6159de1147a3745ed8e1b111a451cf072ad9a8b66?s=96&d=mm&r=g","url":"https:\/\/secure.gravatar.com\/avatar\/c6889456abf47fb76d7dcee6159de1147a3745ed8e1b111a451cf072ad9a8b66?s=96&d=mm&r=g","contentUrl":"https:\/\/secure.gravatar.com\/avatar\/c6889456abf47fb76d7dcee6159de1147a3745ed8e1b111a451cf072ad9a8b66?s=96&d=mm&r=g","caption":"Francesca"},"url":"https:\/\/assumpta-eu.org\/fr\/author\/francesca\/"}]}},"_links":{"self":[{"href":"https:\/\/assumpta-eu.org\/fr\/wp-json\/wp\/v2\/posts\/4436","targetHints":{"allow":["GET"]}}],"collection":[{"href":"https:\/\/assumpta-eu.org\/fr\/wp-json\/wp\/v2\/posts"}],"about":[{"href":"https:\/\/assumpta-eu.org\/fr\/wp-json\/wp\/v2\/types\/post"}],"author":[{"embeddable":true,"href":"https:\/\/assumpta-eu.org\/fr\/wp-json\/wp\/v2\/users\/3"}],"replies":[{"embeddable":true,"href":"https:\/\/assumpta-eu.org\/fr\/wp-json\/wp\/v2\/comments?post=4436"}],"version-history":[{"count":2,"href":"https:\/\/assumpta-eu.org\/fr\/wp-json\/wp\/v2\/posts\/4436\/revisions"}],"predecessor-version":[{"id":4438,"href":"https:\/\/assumpta-eu.org\/fr\/wp-json\/wp\/v2\/posts\/4436\/revisions\/4438"}],"wp:featuredmedia":[{"embeddable":true,"href":"https:\/\/assumpta-eu.org\/fr\/wp-json\/wp\/v2\/media\/4429"}],"wp:attachment":[{"href":"https:\/\/assumpta-eu.org\/fr\/wp-json\/wp\/v2\/media?parent=4436"}],"wp:term":[{"taxonomy":"category","embeddable":true,"href":"https:\/\/assumpta-eu.org\/fr\/wp-json\/wp\/v2\/categories?post=4436"},{"taxonomy":"post_tag","embeddable":true,"href":"https:\/\/assumpta-eu.org\/fr\/wp-json\/wp\/v2\/tags?post=4436"}],"curies":[{"name":"wp","href":"https:\/\/api.w.org\/{rel}","templated":true}]}}